{"id":169001,"date":"2025-06-21T20:35:32","date_gmt":"2025-06-21T20:35:32","guid":{"rendered":"https:\/\/www.ole.com.ar\/autos\/moto-3-mugello-valentin-perrone-penalizado-saldra-fondo_0_PEiQ6I6x83.html"},"modified":"2025-06-21T20:35:32","modified_gmt":"2025-06-21T20:35:32","slug":"moto3-en-mugello-perrone-fue-penalizado-y-saldra-desde-el-fondo","status":"publish","type":"post","link":"http:\/\/cordobadirecto.com\/index.php\/2025\/06\/21\/moto3-en-mugello-perrone-fue-penalizado-y-saldra-desde-el-fondo\/","title":{"rendered":"Moto3 en Mugello: Perrone fue penalizado y saldr\u00e1 desde el fondo"},"content":{"rendered":"<p><time class=\"createDate\" datetime=\"2025-06-21T17:35:32-03:00\">21\/06\/2025 17:35hs.<\/time><\/p>\n<div id=\"storyBody\">\n<div class=\"custom-text \" readability=\"34.714714714715\">\n<p><strong><a href=\"https:\/\/www.ole.com.ar\/autos\/valentin-perrone-practica-gp-italia-hora-clasificacion-moto3-ver-mugello_0_JUufdvRK75.html\" target=\"_self\" title=\"En la novena fecha de la temporada de Moto3,\" alt=\"En la novena fecha de la temporada de Moto3,\" rel=\"noopener\">En la novena fecha de la temporada de Moto3,<\/a> Valent\u00edn Perrone,<\/strong> a bordo de la KTM del Tech3, <strong>hab\u00eda logrado su mejor clasificaci\u00f3n en la categor\u00eda con un sexto puesto<\/strong> en la Q2 de este s\u00e1bado, en el Gran Premio de Italia en Mugello.<strong> Sin embargo, fue penalizado<\/strong> por los comisarios de la FIM <strong>y largar\u00e1 desde el fondo de la parrilla.<\/strong><\/p>\n<\/div>\n<div class=\"custom-text \" readability=\"40\">\n<p><strong>La sanci\u00f3n al pibe de 17 a\u00f1os se debi\u00f3 a que<\/strong>, tras completar su vuelta r\u00e1pida, <strong>circul\u00f3 lento por la pista y obstaculiz\u00f3 a otro piloto,<\/strong> M\u00e1ximo Quiles, quien sacudi\u00f3 la cabeza incr\u00e9dulo tras el bloqueo, en el trazado italiano. <strong>Este domingo largar\u00e1 desde la \u00faltima posici\u00f3n en la final.<\/strong> \u00c1lvaro Carpe bati\u00f3 a Jos\u00e9 Antonio Rueda para quedarse con la pole.<\/p>\n<\/div>\n<p><h2><strong>Qu\u00e9 dijo Perrone tras la sanci\u00f3n post qualy en Mugello<\/strong><\/h2>\n<\/p>\n<div class=\"custom-text \" readability=\"42\">\n<p><strong>Perrone, en di\u00e1logo con Ol\u00e9, se\u00f1al\u00f3:<\/strong> <strong>&#8220;Contento con las sensaciones del d\u00eda de hoy (s\u00e1bado).<\/strong> Si bien me falta un poco de velocidad cuando giro solo, logr\u00e9 dar muchas vueltas, seguir aprendiendo y mejorando poco a poco. <strong>Hice una muy buena Qualy: al principio estaba segundo,<\/strong> luego otros pilotos mejoraron y yo no pude gestionarlo bien ni colocarme bien, pero igualmente sexto es un buen resultado.<strong> L\u00e1stima que me penalizaron. Toca salir desde el fondo; <\/strong>es un circuito en el que el rebufo cuenta mucho, tiene una recta muy larga&#8221;.<\/p>\n<\/div>\n<div class=\"sc-e7b891c4-0 ifHnQL image-embed\"><img alt=\"Valent\u00edn Perrone tuvo un buen primer d\u00eda de acci\u00f3n en Mugello. (@Tech3Racing)\" loading=\"lazy\" width=\"720\" height=\"100\" decoding=\"async\" data-nimg=\"1\" src=\"http:\/\/cordobadirecto.com\/wp-content\/uploads\/2025\/06\/moto3-en-mugello-perrone-fue-penalizado-y-saldra-desde-el-fondo.jpg\"><span class=\"epigraphe\">Valent\u00edn Perrone tuvo un buen primer d\u00eda de acci\u00f3n en Mugello. (@Tech3Racing)<\/span><\/div>\n<div class=\"custom-text \" readability=\"41\">\n<p>A lo que agreg\u00f3: <strong>&#8220;Me siento bien, tengo buen ritmo con la moto y creo que, con los rebufos, costar\u00e1 un poco llegar, pero vamos a dar el 100% de m\u00ed<\/strong>. A ver qu\u00e9 pasa: si en las primeras vueltas me puedo sacar a algunos pilotos y, con el tema del rebufo, a ver si puedo llegar hasta el grupo delantero&#8221;.<\/p>\n<\/div>\n<p><h2><strong>C\u00f3mo sigue el finde de Perrone en Moto3<\/strong><\/h2>\n<\/p>\n<div class=\"custom-text \" readability=\"38\">\n<p><strong>Este domingo, Perrone, quien largar\u00e1 \u00faltimo tras la sanci\u00f3n,<\/strong> correr\u00e1 junto al resto de la parrilla de Moto3 en <strong>la carrera a 17 vueltas, que comenzar\u00e1 a las 6. <\/strong>La competencia se podr\u00e1 seguir en vivo<strong> por Disney + Premium.<\/strong><\/p>\n<\/div>\n<div class=\"sc-a7166897-0 eoLsBE\" readability=\"6.5\">\n<section readability=\"3\"><picture><img alt=\"Valent\u00edn Perrone vol\u00f3 en la pr\u00e1ctica del GP de Italia: a qu\u00e9 hora ser\u00e1 la clasificaci\u00f3n y d\u00f3nde se podr\u00e1 ver la actividad de Moto3\" loading=\"lazy\" width=\"290\" height=\"290\" decoding=\"async\" data-nimg=\"1\" src=\"http:\/\/cordobadirecto.com\/wp-content\/uploads\/2025\/06\/moto3-en-mugello-perrone-fue-penalizado-y-saldra-desde-el-fondo-1.jpg\"><\/picture>\n<p><span>Mir\u00e1 tambi\u00e9n<\/span><\/p>\n<hr>\n<h3>Valent\u00edn Perrone vol\u00f3 en la pr\u00e1ctica del GP de Italia: a qu\u00e9 hora ser\u00e1 la clasificaci\u00f3n y d\u00f3nde se podr\u00e1 ver la actividad de Moto3<\/h3>\n<\/p>\n<\/section>\n<\/div>\n<div class=\"sc-a7166897-0 eoLsBE\" readability=\"6\">\n<section readability=\"2\"><picture><img alt=\"La relaci\u00f3n entre Colapinto y Gasly seg\u00fan Alpine\" loading=\"lazy\" width=\"290\" height=\"290\" decoding=\"async\" data-nimg=\"1\" src=\"http:\/\/cordobadirecto.com\/wp-content\/uploads\/2025\/06\/moto3-en-mugello-perrone-fue-penalizado-y-saldra-desde-el-fondo-2.jpg\"><\/picture>\n<p><span>Mir\u00e1 tambi\u00e9n<\/span><\/p>\n<hr>\n<h3>La relaci\u00f3n entre Colapinto y Gasly seg\u00fan Alpine<\/h3>\n<\/p>\n<\/section>\n<\/div>\n<div class=\"sc-a7166897-0 eoLsBE\" readability=\"6\">\n<section readability=\"2\"><picture><img alt=\"Cu\u00e1ndo y por d\u00f3nde ver a Valent\u00edn Perrone en el GP de Mugello de Moto3\" loading=\"lazy\" width=\"290\" height=\"290\" decoding=\"async\" data-nimg=\"1\" src=\"http:\/\/cordobadirecto.com\/wp-content\/uploads\/2025\/06\/moto3-en-mugello-perrone-fue-penalizado-y-saldra-desde-el-fondo-3.jpg\"><\/picture>\n<p><span>Mir\u00e1 tambi\u00e9n<\/span><\/p>\n<hr>\n<h3>Cu\u00e1ndo y por d\u00f3nde ver a Valent\u00edn Perrone en el GP de Mugello de Moto3<\/h3>\n<\/p>\n<\/section>\n<\/div>\n<\/div>\n","protected":false},"excerpt":{"rendered":"<p>21\/06\/2025 17:35hs. En la novena fecha de la temporada de Moto3, Valent\u00edn Perrone, a bordo de la KTM del Tech3, hab\u00eda logrado su mejor clasificaci\u00f3n en la categor\u00eda con un sexto puesto en la Q2 de este s\u00e1bado, en el Gran Premio de Italia en Mugello. Sin embargo, fue penalizado por los comisarios de la [&hellip;]<\/p>\n","protected":false},"author":1,"featured_media":169002,"comment_status":"closed","ping_status":"closed","sticky":false,"template":"","format":"standard","meta":[],"categories":[21],"tags":[],"_links":{"self":[{"href":"http:\/\/cordobadirecto.com\/index.php\/wp-json\/wp\/v2\/posts\/169001"}],"collection":[{"href":"http:\/\/cordobadirecto.com\/index.php\/wp-json\/wp\/v2\/posts"}],"about":[{"href":"http:\/\/cordobadirecto.com\/index.php\/wp-json\/wp\/v2\/types\/post"}],"author":[{"embeddable":true,"href":"http:\/\/cordobadirecto.com\/index.php\/wp-json\/wp\/v2\/users\/1"}],"replies":[{"embeddable":true,"href":"http:\/\/cordobadirecto.com\/index.php\/wp-json\/wp\/v2\/comments?post=169001"}],"version-history":[{"count":0,"href":"http:\/\/cordobadirecto.com\/index.php\/wp-json\/wp\/v2\/posts\/169001\/revisions"}],"wp:featuredmedia":[{"embeddable":true,"href":"http:\/\/cordobadirecto.com\/index.php\/wp-json\/wp\/v2\/media\/169002"}],"wp:attachment":[{"href":"http:\/\/cordobadirecto.com\/index.php\/wp-json\/wp\/v2\/media?parent=169001"}],"wp:term":[{"taxonomy":"category","embeddable":true,"href":"http:\/\/cordobadirecto.com\/index.php\/wp-json\/wp\/v2\/categories?post=169001"},{"taxonomy":"post_tag","embeddable":true,"href":"http:\/\/cordobadirecto.com\/index.php\/wp-json\/wp\/v2\/tags?post=169001"}],"curies":[{"name":"wp","href":"https:\/\/api.w.org\/{rel}","templated":true}]}}