{"id":169008,"date":"2025-06-22T04:41:10","date_gmt":"2025-06-22T04:41:10","guid":{"rendered":"https:\/\/puntoapunto.com.ar\/?p=374174"},"modified":"2025-06-22T04:41:10","modified_gmt":"2025-06-22T04:41:10","slug":"plan-manfrey-2030-una-hoja-de-ruta-para-la-transformacion-productiva-desde-el-interior","status":"publish","type":"post","link":"http:\/\/cordobadirecto.com\/index.php\/2025\/06\/22\/plan-manfrey-2030-una-hoja-de-ruta-para-la-transformacion-productiva-desde-el-interior\/","title":{"rendered":"Plan Manfrey 2030: una hoja de ruta para la transformaci\u00f3n productiva desde el interior"},"content":{"rendered":"<p>&nbsp;<!-- \u00a1O bien no hay banners, estan desactivados o no estan programados para esta ubicaci\u00f3n! -->\n<\/p>\n<p>&nbsp;\n<\/p>\n<p>Para <strong>Ercole Felippa, presidente de Manfrey, C\u00f3rdoba es una provincia \u201cprivilegiada\u201d,<\/strong> con una identidad propia que se refleja en su diversidad cultural, su potencial productivo y una tradici\u00f3n hist\u00f3rica de cuestionamiento al poder central. \u201c<strong>Siempre tuvo un tono contestatario\u201d, resume y plantea \u201ca nuestros amigos porte\u00f1os les decimos que para venir a C\u00f3rdoba necesitan pasaporte<\/strong>\u201d.\n<\/p>\n<p>La historia de \u00c9rcole Felippa est\u00e1 \u00edntimamente ligada al movimiento cooperativo. Su padre fue presidente de Manfrey en los a\u00f1os 60 y \u00e9l mismo asumi\u00f3 la conducci\u00f3n de la empresa hace casi tres d\u00e9cadas. \u201cEl cooperativismo lo mam\u00e9 desde muy chico\u201d, cuenta. Lejos de una visi\u00f3n nost\u00e1lgica, apuesta por una concepci\u00f3n moderna de este modelo, como una herramienta que combina eficiencia empresarial con impacto social.\n<\/p>\n<p>\u201cEl cooperativismo tiene que adaptarse a los nuevos tiempos\u201d, advierte. Y pone como ejemplo su propio pueblo natal, Freyre, donde<strong><a href=\"https:\/\/www.manfrey.com.ar\/\"> Manfrey<\/a> genera m\u00e1s de 500 empleos directos y la actividad econ\u00f3mica se apoya en otras cooperativas que brindan servicios clave como luz, internet y agua potable.<\/strong> \u201cLa facturaci\u00f3n de estas entidades da como resultado un PIB per c\u00e1pita similar o superior al de muchos pa\u00edses europeos\u201d, destaca con orgullo.<!-- \u00a1O bien no hay banners, estan desactivados o no estan programados para esta ubicaci\u00f3n! -->\n<\/p>\n<p><iframe id=\"_ytid_99197\" width=\"480\" height=\"270\" data-origwidth=\"480\" data-origheight=\"270\" src=\"https:\/\/www.youtube.com\/embed\/pObRFZbbuyw?enablejsapi=1&amp;autoplay=0&amp;cc_load_policy=0&amp;cc_lang_pref=&amp;iv_load_policy=1&amp;loop=0&amp;rel=0&amp;fs=1&amp;playsinline=0&amp;autohide=2&amp;theme=dark&amp;color=red&amp;controls=1&amp;\" class=\"__youtube_prefs__ epyt-is-override no-lazyload\" title=\"YouTube player\" allow=\"fullscreen; accelerometer; autoplay; clipboard-write; encrypted-media; gyroscope; picture-in-picture\" allowfullscreen data-no-lazy=\"1\" data-skipgform_ajax_framebjll>[embedded content]<\/iframe><\/p>\n<p><strong>Manfrey: historia, innovaci\u00f3n y compromiso<\/strong>\n<\/p>\n<p>La cooperativa naci\u00f3 en 1943, como una uni\u00f3n de cremer\u00edas que buscaban escapar del dominio de una multinacional. Desde entonces, se transform\u00f3 en una referencia en el sector l\u00e1cteo nacional. En 1976 se convirti\u00f3 en una cooperativa de primer grado, diversific\u00f3 productos y mercados, y hoy apuesta fuerte por la tecnolog\u00eda.\n<\/p>\n<p>Uno de los proyectos emblema es e<a href=\"https:\/\/puntoapunto.com.ar\/manfrey-se-apoya-en-paneles-solares-para-dar-energia-a-sus-tambos-robotizados\/\">l tambo robotizado<\/a> cercano a Freyre, donde las vacas son orde\u00f1adas de forma voluntaria y automatizada, monitoreadas en tiempo real con chips que cuidan su bienestar. \u201cEs un cambio de paradigma. Logramos eficiencia y calidad de vida para el animal y para los trabajadores\u201d, afirma Felippa.\n<\/p>\n<p>Con el plan <strong>\u201cManfrey 2030\u201d<\/strong>, la cooperativa busca tener producci\u00f3n lechera propia, en respuesta al cierre de tambos y para sostener el entramado de peque\u00f1os productores.\n<\/p>\n<p><img loading=\"lazy\" decoding=\"async\" class=\"aligncenter size-full wp-image-374176\" src=\"http:\/\/cordobadirecto.com\/wp-content\/uploads\/2025\/06\/plan-manfrey-2030-una-hoja-de-ruta-para-la-transformacion-productiva-desde-el-interior.jpg\" alt width=\"1934\" height=\"734\" srcset=\"http:\/\/cordobadirecto.com\/wp-content\/uploads\/2025\/06\/plan-manfrey-2030-una-hoja-de-ruta-para-la-transformacion-productiva-desde-el-interior.jpg 1934w, http:\/\/cordobadirecto.com\/wp-content\/uploads\/2025\/06\/plan-manfrey-2030-una-hoja-de-ruta-para-la-transformacion-productiva-desde-el-interior-1.jpg 300w, http:\/\/cordobadirecto.com\/wp-content\/uploads\/2025\/06\/plan-manfrey-2030-una-hoja-de-ruta-para-la-transformacion-productiva-desde-el-interior-2.jpg 1024w, http:\/\/cordobadirecto.com\/wp-content\/uploads\/2025\/06\/plan-manfrey-2030-una-hoja-de-ruta-para-la-transformacion-productiva-desde-el-interior-3.jpg 768w, http:\/\/cordobadirecto.com\/wp-content\/uploads\/2025\/06\/plan-manfrey-2030-una-hoja-de-ruta-para-la-transformacion-productiva-desde-el-interior-4.jpg 1536w, http:\/\/cordobadirecto.com\/wp-content\/uploads\/2025\/06\/plan-manfrey-2030-una-hoja-de-ruta-para-la-transformacion-productiva-desde-el-interior-5.jpg 750w, http:\/\/cordobadirecto.com\/wp-content\/uploads\/2025\/06\/plan-manfrey-2030-una-hoja-de-ruta-para-la-transformacion-productiva-desde-el-interior-6.jpg 1140w\" sizes=\"auto, (max-width: 1934px) 100vw, 1934px\">\n<\/p>\n<p><strong>Di\u00e1logo, consensos y visi\u00f3n de pa\u00eds<\/strong>\n<\/p>\n<p>Felippa reconoce que el gobierno de <a href=\"https:\/\/puntoapunto.com.ar\/milei-conserva-su-bastion-en-cordoba-alto-apoyo-optimismo-economico-y-critica-a-llaryora\/\">Javier Milei<\/a> tom\u00f3 medidas macroecon\u00f3micas necesarias tras a\u00f1os de desequilibrios. Sin embargo, marca distancia con las formas. <strong>\u201cNo comparto la manera. Hay que buscar lo que nos une, no lo que nos separa<\/strong>\u201d, reflexiona.\n<\/p>\n<p>Subraya la importancia del di\u00e1logo y de acuerdos duraderos en temas estructurales como la reforma tributaria, la coparticipaci\u00f3n o el equilibrio fiscal. \u201cNo se puede consensuar puteando\u201d, lanza, sin vueltas.\n<\/p>\n<p><strong>Desarrollo desde el interior<\/strong>\n<\/p>\n<p>Para Felippa, el crecimiento econ\u00f3mico no alcanza sin desarrollo social. \u201cLa diferencia est\u00e1 en mejorar la calidad de vida de la gente\u201d, dice. Y sostiene que el interior profundo, como Freyre, puede ser un modelo: con trabajo, innovaci\u00f3n, producci\u00f3n local y distribuci\u00f3n justa de la riqueza.\n<\/p>\n<p>\u201c<strong>Podemos crecer desde el interior y hacia el pa\u00eds. C\u00f3rdoba tiene con qu\u00e9\u201d<\/strong>, concluye.\n<\/p>\n<div class=\"g g-38\">\n<div class=\"g-dyn a-12 c-1\"><a class=\"gofollow\" data-track=\"MTIsMzgsMSw2MA==\" href=\"https:\/\/www.farmaciashpfarma.com.ar\/blog\/institucional\/beneficios-corporativos-en-campana-antigripal.html\" target=\"_blank\" rel=\"noopener\"><img src=\"http:\/\/cordobadirecto.com\/wp-content\/uploads\/2025\/06\/plan-manfrey-2030-una-hoja-de-ruta-para-la-transformacion-productiva-desde-el-interior.gif\" loading=\"lazy\"><\/a><\/div>\n<\/div>\n","protected":false},"excerpt":{"rendered":"<p>&nbsp; &nbsp; Para Ercole Felippa, presidente de Manfrey, C\u00f3rdoba es una provincia \u201cprivilegiada\u201d, con una identidad propia que se refleja en su diversidad cultural, su potencial productivo y una tradici\u00f3n hist\u00f3rica de cuestionamiento al poder central. \u201cSiempre tuvo un tono contestatario\u201d, resume y plantea \u201ca nuestros amigos porte\u00f1os les decimos que para venir a C\u00f3rdoba [&hellip;]<\/p>\n","protected":false},"author":1,"featured_media":169009,"comment_status":"closed","ping_status":"closed","sticky":false,"template":"","format":"standard","meta":[],"categories":[25],"tags":[],"_links":{"self":[{"href":"http:\/\/cordobadirecto.com\/index.php\/wp-json\/wp\/v2\/posts\/169008"}],"collection":[{"href":"http:\/\/cordobadirecto.com\/index.php\/wp-json\/wp\/v2\/posts"}],"about":[{"href":"http:\/\/cordobadirecto.com\/index.php\/wp-json\/wp\/v2\/types\/post"}],"author":[{"embeddable":true,"href":"http:\/\/cordobadirecto.com\/index.php\/wp-json\/wp\/v2\/users\/1"}],"replies":[{"embeddable":true,"href":"http:\/\/cordobadirecto.com\/index.php\/wp-json\/wp\/v2\/comments?post=169008"}],"version-history":[{"count":0,"href":"http:\/\/cordobadirecto.com\/index.php\/wp-json\/wp\/v2\/posts\/169008\/revisions"}],"wp:featuredmedia":[{"embeddable":true,"href":"http:\/\/cordobadirecto.com\/index.php\/wp-json\/wp\/v2\/media\/169009"}],"wp:attachment":[{"href":"http:\/\/cordobadirecto.com\/index.php\/wp-json\/wp\/v2\/media?parent=169008"}],"wp:term":[{"taxonomy":"category","embeddable":true,"href":"http:\/\/cordobadirecto.com\/index.php\/wp-json\/wp\/v2\/categories?post=169008"},{"taxonomy":"post_tag","embeddable":true,"href":"http:\/\/cordobadirecto.com\/index.php\/wp-json\/wp\/v2\/tags?post=169008"}],"curies":[{"name":"wp","href":"https:\/\/api.w.org\/{rel}","templated":true}]}}