{"id":169033,"date":"2025-06-19T19:23:55","date_gmt":"2025-06-19T19:23:55","guid":{"rendered":"https:\/\/cordoba.gob.ar\/?p=78760"},"modified":"2025-06-19T19:23:55","modified_gmt":"2025-06-19T19:23:55","slug":"caminando-por-nueva-cordoba-una-visita-guiada-para-redescubrir-el-pasado-y-el-presente-del-tradicional-barrio","status":"publish","type":"post","link":"http:\/\/cordobadirecto.com\/index.php\/2025\/06\/19\/caminando-por-nueva-cordoba-una-visita-guiada-para-redescubrir-el-pasado-y-el-presente-del-tradicional-barrio\/","title":{"rendered":"\u201cCaminando por Nueva C\u00f3rdoba\u201d, una visita guiada para redescubrir el pasado y el presente del tradicional barrio"},"content":{"rendered":"<div><img src=\"http:\/\/cordobadirecto.com\/wp-content\/uploads\/2025\/06\/caminando-por-nueva-cordoba-una-visita-guiada-para-redescubrir-el-pasado-y-el-presente-del-tradicional-barrio.jpg\" class=\"ff-og-image-inserted\"><\/div>\n<ul>\n<li data-prosemirror-content-type=\"node\" data-prosemirror-node-name=\"paragraph\" data-prosemirror-node-block=\"true\"><strong>Ser\u00e1 este s\u00e1bado 21 partiendo a las 16:00 desde la Oficina de Informaci\u00f3n Tur\u00edstica de Pasaje Garz\u00f3n, a la altura de bulevar San Juan 225.<\/strong><\/li>\n<li data-prosemirror-content-type=\"node\" data-prosemirror-node-name=\"paragraph\" data-prosemirror-node-block=\"true\"><strong>Actividad libre y gratuita.<\/strong><\/li>\n<\/ul>\n<hr>\n<p data-prosemirror-content-type=\"node\" data-prosemirror-node-name=\"paragraph\" data-prosemirror-node-block=\"true\">Mediante un recorrido guiado por ic\u00f3nicos espacios de la ciudad, la Municipalidad de C\u00f3rdoba realizar\u00e1 una visita guiada durante este fin de semana largo, una actividad libre y gratuita.<\/p>\n<p data-prosemirror-content-type=\"node\" data-prosemirror-node-name=\"paragraph\" data-prosemirror-node-block=\"true\">El recorrido contar\u00e1 con el acompa\u00f1amiento de gu\u00edas que har\u00e1n conocer la historia y presente de lugares como el Paseo del Buen Pastor, la iglesia de los Capuchinos, as\u00ed tambi\u00e9n Plazoleta Dalmacio V\u00e9lez y exteriores del Arzobispado.<\/p>\n<p data-prosemirror-content-type=\"node\" data-prosemirror-node-name=\"paragraph\" data-prosemirror-node-block=\"true\">Precisamente, \u201cCaminando por Nueva C\u00f3rdoba\u201d nos adentrar\u00e1 al presente y pasado del Paseo del Buen Pastor, antigua c\u00e1rcel de mujeres y la Iglesia del Sagrado Coraz\u00f3n de Jes\u00fas de los Padres Capuchinos. Asimismo, la actividad incluye referencias de la Plazoleta V\u00e9lez Sarsfield y exteriores del Arzobispado.<\/p>\n<p data-prosemirror-content-type=\"node\" data-prosemirror-node-name=\"paragraph\" data-prosemirror-node-block=\"true\">Estos sitios tienen la particularidad de estar entrelazados por la coqueta avenida Hip\u00f3lito Yrigoyen.<\/p>\n<p data-prosemirror-content-type=\"node\" data-prosemirror-node-name=\"paragraph\" data-prosemirror-node-block=\"true\">Se recomienda llevar ropa c\u00f3moda, agua, sombrero y calzados apropiados para hacer m\u00e1s placentera la experiencia que promete acaparar la atenci\u00f3n de visitantes y vecinos de la ciudad.<\/p>\n<p data-prosemirror-content-type=\"node\" data-prosemirror-node-name=\"paragraph\" data-prosemirror-node-block=\"true\"><strong data-prosemirror-content-type=\"mark\" data-prosemirror-mark-name=\"strong\">Paseo del Buen Pastor, antigua c\u00e1rcel de mujeres<\/strong><\/p>\n<p data-prosemirror-content-type=\"node\" data-prosemirror-node-name=\"paragraph\" data-prosemirror-node-block=\"true\">En el lugar se llev\u00f3 a cabo una refuncionalizaci\u00f3n del espacio, empezando por las primeras acciones, la de desacralizar la Capilla que se encontraba en la ex c\u00e1rcel de mujeres. La misma se restaur\u00f3 rescatando para el p\u00fablico su planta en cruz griega, \u00fanica en la ciudad. Asimismo, fueron puestos en valor los murales y cuadros de artistas como Manuel Carde\u00f1osa, Emiliano G\u00f3mez Clara y Emilio Caraffa que all\u00ed se encontraban.<\/p>\n<p data-prosemirror-content-type=\"node\" data-prosemirror-node-name=\"paragraph\" data-prosemirror-node-block=\"true\">Fue en el a\u00f1o 2005 que comenz\u00f3 la demolici\u00f3n de lo que hab\u00eda funcionado como la c\u00e1rcel para transformarla en un hermoso y atractivo centro gastron\u00f3mico, cultural y recreativo. El Paseo del Buen Pastor, que incluye una fuente de aguas danzantes, fue inaugurado el 4 de agosto de 2007 y desde entonces es visitado diariamente por cientos de personas que a \u00e9l llegan dispuestos a disfrutar sus hermosos espacios que invitan a charlas y mates compartidos.<\/p>\n<p data-prosemirror-content-type=\"node\" data-prosemirror-node-name=\"paragraph\" data-prosemirror-node-block=\"true\"><strong data-prosemirror-content-type=\"mark\" data-prosemirror-mark-name=\"strong\">Sagrado Coraz\u00f3n de Jes\u00fas de los Padres Capuchinos<\/strong><\/p>\n<p data-prosemirror-content-type=\"node\" data-prosemirror-node-name=\"paragraph\" data-prosemirror-node-block=\"true\">Conocido como la Iglesia \u201cde los Capuchinos\u201d, este moderno y atractivo templo de colores llamativos en su frente comenz\u00f3 a construirse en el a\u00f1o 1926, \u00e9poca que en el barrio predominaban las construcciones en su mayor\u00eda casas de baja altura, haciendo resaltar dibujada en el horizonte la silueta de esta iglesia y su torre de 70 metros que termina en \u201caguja\u201d y representa el alma que asciende. En otro de sus laterales, el derecho, se puede observar la torre trunca que representa la materia que muere.<\/p>\n<p data-prosemirror-content-type=\"node\" data-prosemirror-node-name=\"paragraph\" data-prosemirror-node-block=\"true\"><strong data-prosemirror-content-type=\"mark\" data-prosemirror-mark-name=\"strong\">Plazoleta V\u00e9lez Sarsfield<\/strong><\/p>\n<p data-prosemirror-content-type=\"node\" data-prosemirror-node-name=\"paragraph\" data-prosemirror-node-block=\"true\">Este ic\u00f3nico lugar es un punto de encuentro obligado de estudiantes que a diario parten o regresan de sus viajes de estudios. En el centro de la plazoleta se encuentra la estatua de Dalmacio V\u00e9lez Sarsfield, autor del C\u00f3digo Civil, y que fuera realizada en bronce por el artista romano Giulio Tadolini, inaugurada en el a\u00f1o 1897 en su antiguo emplazamiento de la esquina del bulevar San Juan y la avenida V\u00e9lez Sarsfield.<\/p>\n<p data-prosemirror-content-type=\"node\" data-prosemirror-node-name=\"paragraph\" data-prosemirror-node-block=\"true\">En 1970 fue trasladada a su ubicaci\u00f3n actual donde hoy la observamos y en la que los \u00faltimos a\u00f1os se hicieron trabajos de restauraci\u00f3n y limpieza de este monumento, declarado Monumento Hist\u00f3rico Nacional.<\/p>\n<p data-prosemirror-content-type=\"node\" data-prosemirror-node-name=\"paragraph\" data-prosemirror-node-block=\"true\">El mismo se ubica a pocos metros del edificio del Arzobispado, y de la Oficina de Informaci\u00f3n Tur\u00edstica de la Municipalidad, en Pasaje Garz\u00f3n altura de bulevar San Juan 225.<\/p>\n","protected":false},"excerpt":{"rendered":"<p>Ser\u00e1 este s\u00e1bado 21 partiendo a las 16:00 desde la Oficina de Informaci\u00f3n Tur\u00edstica de Pasaje Garz\u00f3n, a la altura de bulevar San Juan 225. Actividad libre y gratuita. Mediante un recorrido guiado por ic\u00f3nicos espacios de la ciudad, la Municipalidad de C\u00f3rdoba realizar\u00e1 una visita guiada durante este fin de semana largo, una actividad [&hellip;]<\/p>\n","protected":false},"author":1,"featured_media":169034,"comment_status":"closed","ping_status":"closed","sticky":false,"template":"","format":"standard","meta":[],"categories":[44],"tags":[],"_links":{"self":[{"href":"http:\/\/cordobadirecto.com\/index.php\/wp-json\/wp\/v2\/posts\/169033"}],"collection":[{"href":"http:\/\/cordobadirecto.com\/index.php\/wp-json\/wp\/v2\/posts"}],"about":[{"href":"http:\/\/cordobadirecto.com\/index.php\/wp-json\/wp\/v2\/types\/post"}],"author":[{"embeddable":true,"href":"http:\/\/cordobadirecto.com\/index.php\/wp-json\/wp\/v2\/users\/1"}],"replies":[{"embeddable":true,"href":"http:\/\/cordobadirecto.com\/index.php\/wp-json\/wp\/v2\/comments?post=169033"}],"version-history":[{"count":0,"href":"http:\/\/cordobadirecto.com\/index.php\/wp-json\/wp\/v2\/posts\/169033\/revisions"}],"wp:featuredmedia":[{"embeddable":true,"href":"http:\/\/cordobadirecto.com\/index.php\/wp-json\/wp\/v2\/media\/169034"}],"wp:attachment":[{"href":"http:\/\/cordobadirecto.com\/index.php\/wp-json\/wp\/v2\/media?parent=169033"}],"wp:term":[{"taxonomy":"category","embeddable":true,"href":"http:\/\/cordobadirecto.com\/index.php\/wp-json\/wp\/v2\/categories?post=169033"},{"taxonomy":"post_tag","embeddable":true,"href":"http:\/\/cordobadirecto.com\/index.php\/wp-json\/wp\/v2\/tags?post=169033"}],"curies":[{"name":"wp","href":"https:\/\/api.w.org\/{rel}","templated":true}]}}