{"id":169035,"date":"2025-06-22T13:45:13","date_gmt":"2025-06-22T13:45:13","guid":{"rendered":"https:\/\/www.ole.com.ar\/autos\/valentin-perrone-largo-ultimo-remontada-gp-italia-moto3-mugello_0_0l5n7K8EY6.html"},"modified":"2025-06-22T13:45:13","modified_gmt":"2025-06-22T13:45:13","slug":"valentin-perrone-largo-ultimo-y-logro-una-remontada-increible-en-el-gp-de-italia-de-moto3","status":"publish","type":"post","link":"http:\/\/cordobadirecto.com\/index.php\/2025\/06\/22\/valentin-perrone-largo-ultimo-y-logro-una-remontada-increible-en-el-gp-de-italia-de-moto3\/","title":{"rendered":"Valent\u00edn Perrone larg\u00f3 \u00faltimo y logr\u00f3 una remontada incre\u00edble en el GP de Italia de Moto3"},"content":{"rendered":"<p><time class=\"createDate\" datetime=\"2025-06-22T10:45:13-03:00\">22\/06\/2025 10:45hs.<\/time><\/p>\n<div id=\"storyBody\">\n<div class=\"custom-text \" readability=\"40.393939393939\">\n<p>Hacia el domingo,<strong> <a href=\"https:\/\/www.ole.com.ar\/tema\/valentin-perrone.html\" title=\"valentin perrone\" alt=\"valentin perrone\" class=\"slug\">Valent\u00edn Perrone<\/a> <\/strong>oscilaba entre el alivio y la inquietud. La calma era provista por su ritmo, que le permiti\u00f3 terminar 6\u00b0 en la clasificaci\u00f3n del <strong><a href=\"https:\/\/www.ole.com.ar\/tema\/moto3.html\" title=\"Moto3\" alt=\"Moto3\" class=\"slug\">Moto3 en Italia<\/a><\/strong>, y el malestar, por una penalizaci\u00f3n que lo mand\u00f3 al fondo de la grilla. Es cierto que la KTM le daba razones para ilusionarse con una buena carrera, pero el escenario era complicad\u00edsimo. Contra todo pron\u00f3stico, largando desde el 26\u00b0 caj\u00f3n, <strong>el pibe de 17 a\u00f1os complet\u00f3 una remontada incre\u00edble, finaliz\u00f3 8\u00b0 y demostr\u00f3 ser cosa seria<\/strong>.<\/p>\n<\/div>\n<div class=\"custom-text \" readability=\"41\">\n<p>El Coyote no se qued\u00f3 con que deb\u00eda correr bien, tratar de ganar algunos lugares y sumar puntos sino que, fuera de contexto, <strong>fue a buscar la victoria desde el \u00faltimo puesto<\/strong>. La tuvo a tiro, faj\u00e1ndose con los m\u00e1s r\u00e1pidos en un pelot\u00f3n de punta muy amplio, y al fin y al cabo result\u00f3 8\u00b0. <strong>El ganador fue M\u00e1ximo Quiles<\/strong>, a quien hab\u00eda tapado el s\u00e1bado y motiv\u00f3 su penalizaci\u00f3n.<\/p>\n<\/div>\n<div class=\"sc-e7b891c4-0 ifHnQL image-embed\"><img alt=\"Durante un tramo de la carrera, Perrone fue l\u00edder. (@Tech3Racing)\" loading=\"lazy\" width=\"720\" height=\"100\" decoding=\"async\" data-nimg=\"1\" src=\"http:\/\/cordobadirecto.com\/wp-content\/uploads\/2025\/06\/valentin-perrone-largo-ultimo-y-logro-una-remontada-increible-en-el-gp-de-italia-de-moto3.jpg\"><span class=\"epigraphe\">Durante un tramo de la carrera, Perrone fue l\u00edder. (@Tech3Racing)<\/span><\/div>\n<div class=\"custom-text \" readability=\"44\">\n<p>En di\u00e1logo con <strong>Ol\u00e9<\/strong>, Perrone analiz\u00f3: &#8220;Con la penalizaci\u00f3n, saliendo \u00faltimo, la verdad que fue una carrera incre\u00edble. <strong>En pocas vueltas llegu\u00e9 a estar en el top 5, he podido liderar la carrera, estar top 3&#8230; <\/strong>Fue una carrera muy complicada, de muchos adelantamientos, y al final me han costado las \u00faltimas vueltas. Contento con el resultado, <strong>me queda la espinilla de saber que podr\u00eda haber estado m\u00e1s adelante<\/strong>, pero saliendo \u00faltimo fue incre\u00edble&#8221;.<\/p>\n<\/div>\n<div class=\"custom-text \" readability=\"38\">\n<p>Su director de equipo, Herve Poncharal, lo llen\u00f3 de flores tras la carrera: &#8220;Cualquiera entre los 10 primeros podr\u00eda haber sido el ganador. Se encontr\u00f3 en el lugar equivocado en el momento equivocado y termin\u00f3 octavo, <strong>pero es un resultado incre\u00edble<\/strong>. Es normal estar un poco decepcionado al ver la carrera que hizo y que estuvo con los que subieron al podio durante toda la carrera. <strong>Sabemos que Valent\u00edn ha aprendido mucho y<\/strong> <strong>demostr\u00f3 que tiene el ritmo para ganar<\/strong>&#8220;.<\/p>\n<\/div>\n<p><h2>C\u00f3mo qued\u00f3 Valent\u00edn Perrone en el campeonato de Moto3 y cu\u00e1ndo vuelve a correr<\/h2>\n<\/p>\n<div class=\"custom-text \" readability=\"38\">\n<p>Con este resultado, el argentino volvi\u00f3 a escalar en la tabla de posiciones: <strong>marcha en el 14\u00b0 lugar y suma 35 puntos<\/strong>. Dentro de una semana, cuando el Moto3 acelere en <strong>Assen<\/strong>, Pa\u00edses Bajos, tratar\u00e1 de volver a sumar puntos para seguir acerc\u00e1ndose a las posiciones de arriba.<\/p>\n<\/div>\n<div class=\"sc-e7b891c4-0 ifHnQL image-embed\"><img alt=\"Valent\u00edn Perrone volver\u00e1 a la pista el pr\u00f3ximo fin de semana.\" loading=\"lazy\" width=\"720\" height=\"100\" decoding=\"async\" data-nimg=\"1\" src=\"http:\/\/cordobadirecto.com\/wp-content\/uploads\/2025\/06\/valentin-perrone-largo-ultimo-y-logro-una-remontada-increible-en-el-gp-de-italia-de-moto3-1.jpg\"><span class=\"epigraphe\">Valent\u00edn Perrone volver\u00e1 a la pista el pr\u00f3ximo fin de semana.<\/span><\/div>\n<div class=\"sc-a7166897-0 eoLsBE\" readability=\"6.5\">\n<section readability=\"3\"><picture><img alt=\"De qu\u00e9 se trata la pel\u00edcula de la F1, con Brad Pitt como piloto veterano\" loading=\"lazy\" width=\"290\" height=\"290\" decoding=\"async\" data-nimg=\"1\" src=\"http:\/\/cordobadirecto.com\/wp-content\/uploads\/2025\/06\/valentin-perrone-largo-ultimo-y-logro-una-remontada-increible-en-el-gp-de-italia-de-moto3-2.jpg\"><\/picture>\n<p><span>Mir\u00e1 tambi\u00e9n<\/span><\/p>\n<hr>\n<h3>De qu\u00e9 se trata la pel\u00edcula de la F1, con Brad Pitt como piloto veterano<\/h3>\n<\/p>\n<\/section>\n<\/div>\n<div class=\"sc-a7166897-0 eoLsBE\" readability=\"6\">\n<section readability=\"2\"><picture><img alt=\"Los mejores memes de Franco Colapinto en la premiere de la pel\u00edcula de la F1\" loading=\"lazy\" width=\"290\" height=\"290\" decoding=\"async\" data-nimg=\"1\" src=\"http:\/\/cordobadirecto.com\/wp-content\/uploads\/2025\/06\/valentin-perrone-largo-ultimo-y-logro-una-remontada-increible-en-el-gp-de-italia-de-moto3-3.jpg\"><\/picture>\n<p><span>Mir\u00e1 tambi\u00e9n<\/span><\/p>\n<hr>\n<h3>Los mejores memes de Franco Colapinto en la premiere de la pel\u00edcula de la F1<\/h3>\n<\/p>\n<\/section>\n<\/div>\n<div class=\"sc-a7166897-0 eoLsBE\" readability=\"6\">\n<section readability=\"2\"><picture><img alt=\"Por qu\u00e9 Max Verstappen no fue a la presentaci\u00f3n de la pel\u00edcula de la F\u00f3rmula 1\" loading=\"lazy\" width=\"290\" height=\"290\" decoding=\"async\" data-nimg=\"1\" src=\"http:\/\/cordobadirecto.com\/wp-content\/uploads\/2025\/06\/valentin-perrone-largo-ultimo-y-logro-una-remontada-increible-en-el-gp-de-italia-de-moto3-4.jpg\"><\/picture>\n<p><span>Mir\u00e1 tambi\u00e9n<\/span><\/p>\n<hr>\n<h3>Por qu\u00e9 Max Verstappen no fue a la presentaci\u00f3n de la pel\u00edcula de la F\u00f3rmula 1<\/h3>\n<\/p>\n<\/section>\n<\/div>\n<div class=\"sc-a7166897-0 eoLsBE\" readability=\"7\">\n<section readability=\"4\"><picture><img alt=\"La conexi\u00f3n de Messi con el automovilismo: el casco de Colapinto, fotos hist\u00f3ricas y m\u00e1s\" loading=\"lazy\" width=\"290\" height=\"290\" decoding=\"async\" data-nimg=\"1\" src=\"http:\/\/cordobadirecto.com\/wp-content\/uploads\/2025\/06\/valentin-perrone-largo-ultimo-y-logro-una-remontada-increible-en-el-gp-de-italia-de-moto3-5.jpg\"><\/picture>\n<p><span>Mir\u00e1 tambi\u00e9n<\/span><\/p>\n<hr>\n<h3>La conexi\u00f3n de Messi con el automovilismo: el casco de Colapinto, fotos hist\u00f3ricas y m\u00e1s<\/h3>\n<\/p>\n<\/section>\n<\/div>\n<\/div>\n","protected":false},"excerpt":{"rendered":"<p>22\/06\/2025 10:45hs. Hacia el domingo, Valent\u00edn Perrone oscilaba entre el alivio y la inquietud. La calma era provista por su ritmo, que le permiti\u00f3 terminar 6\u00b0 en la clasificaci\u00f3n del Moto3 en Italia, y el malestar, por una penalizaci\u00f3n que lo mand\u00f3 al fondo de la grilla. Es cierto que la KTM le daba razones [&hellip;]<\/p>\n","protected":false},"author":1,"featured_media":169036,"comment_status":"closed","ping_status":"closed","sticky":false,"template":"","format":"standard","meta":[],"categories":[21],"tags":[],"_links":{"self":[{"href":"http:\/\/cordobadirecto.com\/index.php\/wp-json\/wp\/v2\/posts\/169035"}],"collection":[{"href":"http:\/\/cordobadirecto.com\/index.php\/wp-json\/wp\/v2\/posts"}],"about":[{"href":"http:\/\/cordobadirecto.com\/index.php\/wp-json\/wp\/v2\/types\/post"}],"author":[{"embeddable":true,"href":"http:\/\/cordobadirecto.com\/index.php\/wp-json\/wp\/v2\/users\/1"}],"replies":[{"embeddable":true,"href":"http:\/\/cordobadirecto.com\/index.php\/wp-json\/wp\/v2\/comments?post=169035"}],"version-history":[{"count":0,"href":"http:\/\/cordobadirecto.com\/index.php\/wp-json\/wp\/v2\/posts\/169035\/revisions"}],"wp:featuredmedia":[{"embeddable":true,"href":"http:\/\/cordobadirecto.com\/index.php\/wp-json\/wp\/v2\/media\/169036"}],"wp:attachment":[{"href":"http:\/\/cordobadirecto.com\/index.php\/wp-json\/wp\/v2\/media?parent=169035"}],"wp:term":[{"taxonomy":"category","embeddable":true,"href":"http:\/\/cordobadirecto.com\/index.php\/wp-json\/wp\/v2\/categories?post=169035"},{"taxonomy":"post_tag","embeddable":true,"href":"http:\/\/cordobadirecto.com\/index.php\/wp-json\/wp\/v2\/tags?post=169035"}],"curies":[{"name":"wp","href":"https:\/\/api.w.org\/{rel}","templated":true}]}}