{"id":169037,"date":"2025-06-22T11:00:35","date_gmt":"2025-06-22T11:00:35","guid":{"rendered":"https:\/\/www.ole.com.ar\/autos\/tc-turismo-carretera-posadas-hoy-vivo-hora-series-final-ver-tv-online_0_YX8FSDwatI.html"},"modified":"2025-06-22T11:00:35","modified_gmt":"2025-06-22T11:00:35","slug":"tc-en-posadas-otto-fritzler-peleo-hasta-el-final-con-canapino-y-se-llevo-la-victoria","status":"publish","type":"post","link":"http:\/\/cordobadirecto.com\/index.php\/2025\/06\/22\/tc-en-posadas-otto-fritzler-peleo-hasta-el-final-con-canapino-y-se-llevo-la-victoria\/","title":{"rendered":"TC en Posadas: Otto Fritzler pele\u00f3 hasta el final con Canapino y se llev\u00f3 la victoria"},"content":{"rendered":"<p><time class=\"createDate\" datetime=\"2025-06-22T08:00:35-03:00\">22\/06\/2025 08:00hs.<\/time><time class=\"modificatedDate\" datetime=\"2025-06-22T15:04:31-03:00\"> Actualizado al 22\/06\/2025 15:04hs.<\/time><\/p>\n<div id=\"storyBody\" readability=\"66.797744828199\">\n<div class=\"sc-19aa7123-0 iHjvMN\" readability=\"18.813263525305\">\n<p>No fue la primera victoria de <strong>Otto Fritzler<\/strong>. Tampoco es una cara nueva, puesto que su nombre resuena en los circuitos desde hace a\u00f1os (su velocidad, para lo joven que era, resultaba impresionante). Sin embargo, en Posadas, donde el <a href=\"https:\/\/www.ole.com.ar\/tema\/turismo-carretera.html\" title=\"Turismo Carretera\" alt=\"Turismo Carretera\" class=\"slug\">Turismo Carretera<\/a> disput\u00f3 su s\u00e9ptima fecha, <strong>el pibe se recibi\u00f3 de piloto<\/strong>. Como Fernando Alonso, cuando sostuvo a Michael Schumacher en Imola con 23 pirulos, resisti\u00f3 las embestidas de <a href=\"https:\/\/www.ole.com.ar\/tema\/agustin-canapino.html\" target=\"_blank\" title=\"Agust\u00edn Canapino\" alt=\"Agust\u00edn Canapino\" class=\"slug\" rel=\"noopener\">Agust\u00edn Canapino<\/a>, entre los m\u00e1ximos \u00eddolos de la actualidad, para quedarse con el triunfo y la certeza de que ya no es una promesa sino una realidad.<\/p>\n<\/div>\n<div class=\"sc-19aa7123-0 iHjvMN\" readability=\"18\">\n<p>El s\u00e1bado, cuando se anot\u00f3 la pole position, rompi\u00f3 en llanto. El domingo por la ma\u00f1ana, al quedarse con la victoria en la serie, dio un paso necesario. Y por la tarde, al posicionarse a la par del Tit\u00e1n y darle inicio a la final, fue por la coronaci\u00f3n. <strong>El piloto de Toyota la padeci\u00f3 de principio a fin<\/strong>, lo cual era esperable teniendo a un tetracampe\u00f3n por detr\u00e1s, y estuvo a tiro de perderla&#8230;<\/p>\n<\/div>\n<div class=\"sc-19aa7123-0 iHjvMN\" readability=\"18\">\n<p>A la salida del pace car, uno de los tres que hubo, <strong>Canapino adelant\u00f3 por afuera a Fritzler<\/strong>. Por la superioridad de su Camaro y por una cuesti\u00f3n de jerarqu\u00eda, la sensaci\u00f3n era que se enfilar\u00eda a su 16\u00aa victoria en la categor\u00eda. Nadie contaba con el truco bajo la manga de Otto, que al ratito, en otro relanzamiento, <strong>imit\u00f3 la maniobra del arrecife\u00f1o, se la banc\u00f3 por el exterior y recuper\u00f3 el liderato<\/strong>. La lluvia le agreg\u00f3 saz\u00f3n a la definici\u00f3n, pero nada pudo arrebat\u00e1rsela.<\/p>\n<\/div>\n<div class=\"sc-734b4696-1 kFfZtB\">\n<div class=\"sc-d00d9e74-0 hnHYbk\" type=\"embed\">\n<div class=\"sc-d00d9e74-1 iKVbz videoText\" id=\"contentTitleembed0wOgova1\" type=\"embed\"><svg fill=\"#ffffff\"><symbol id=\"play\" viewBox=\"0 0 512 512\"><path d=\"M512 256C512 397.4 397.4 512 256 512C114.6 512 0 397.4 0 256C0 114.6 114.6 0 256 0C397.4 0 512 114.6 512 256zM176 168V344C176 352.7 180.7 360.7 188.3 364.9C195.8 369.2 205.1 369 212.5 364.5L356.5 276.5C363.6 272.1 368 264.4 368 256C368 247.6 363.6 239.9 356.5 235.5L212.5 147.5C205.1 142.1 195.8 142.8 188.3 147.1C180.7 151.3 176 159.3 176 168V168z\" \/><\/symbol><use xlink:href=\"#play\" \/><\/svg><\/p>\n<div class=\"right\">\n<p>Turismo Carretera<!-- --> &#8211; <span>&nbsp;<\/span><\/p>\n<h2 class=\"title-vid\">La maniobra de Otto Fritzler para pasar a Canapino y ganar el TC en Posadas<\/h2>\n<\/div>\n<\/div>\n<p><span class=\"back\" id=\"spanBackembed0wOgova1\"><\/span><\/div>\n<div class=\"JWvideoNota_title\">\n<p>Cr\u00e9dito: Motorplay<\/p>\n<\/div>\n<\/div>\n<div class=\"sc-19aa7123-0 iHjvMN\" readability=\"18\">\n<p>A dos a\u00f1os de su primera y \u00faltima victoria, El Principito se sac\u00f3 otra mochila y, por un d\u00eda, <strong>se sent\u00f3 en la mesa de referentes como el ex IndyCar y Mat\u00edas Rossi<\/strong> (compa\u00f1ero de equipo al que dej\u00f3 atr\u00e1s todo el finde). El objetivo, est\u00e1 claro, ser\u00e1 incorporarse a tiempo completo y ser contendiente al igual que lo fue en las categor\u00edas formativas. A no perderle el rastro, <strong>que ya est\u00e1 10\u00b0 en el campeonato<\/strong> y, de ese top 10, s\u00f3lo \u00e9l y Mauricio Lambiris (Ford) consiguieron victorias -requisito excluyente para consagrarse-.<\/p>\n<\/div>\n<div class=\"sc-19aa7123-0 iHjvMN\" readability=\"19\">\n<p>Al margen de Toyota, que festej\u00f3 por primera vez en el a\u00f1o, Ford tuvo una jornada para el olvido. <strong>Su \u00eddolo, Mariano Werner, rompi\u00f3 dos veces en el d\u00eda<\/strong>, en tanto que Juli\u00e1n Santero, vigente campe\u00f3n y puntero hasta esta fecha, sufri\u00f3 una falla en la transmisi\u00f3n y le cedi\u00f3 el lugar al uruguayo Lambiris. <strong>Entre el 12 y el 13 de julio, en Concepci\u00f3n del Uruguay<\/strong>, buscar\u00e1n recuperar lo perdido.<\/p>\n<\/div>\n<div class=\"sc-e7b891c4-0 ifHnQL image-embed\"><img alt=\"Otto Fritzler se qued\u00f3 con la victoria en el Turismo Carretera en Posadas. (Prensa TC\/ACTC)\" loading=\"lazy\" width=\"720\" height=\"100\" decoding=\"async\" data-nimg=\"1\" src=\"http:\/\/cordobadirecto.com\/wp-content\/uploads\/2025\/06\/tc-en-posadas-otto-fritzler-peleo-hasta-el-final-con-canapino-y-se-llevo-la-victoria.jpg\"><span class=\"epigraphe\">Otto Fritzler se qued\u00f3 con la victoria en el Turismo Carretera en Posadas. (Prensa TC\/ACTC)<\/span><\/div>\n<p><h2>TC en Posadas: resumen, videos y m\u00e1s<\/h2>\n<\/p>\n<article class=\"sc-2fb8051d-2 bFtITN\" readability=\"1\"><time>22\/06\/2025, <span>15:00<\/span><\/time><\/p>\n<div class=\"groupItems\" id=\"Post0\" readability=\"32\">\n<p><h2>Las posiciones finales del TC en Posadas<\/h2>\n<\/p>\n<div class=\"sc-19aa7123-0 iHjvMN\">\n<ol>\n<li>Fritzler<\/li>\n<li>A. Canapino<\/li>\n<li>Aguirre<\/li>\n<li>Todino<\/li>\n<li>Rossi<\/li>\n<li>Chapur<\/li>\n<li>Mangoni<\/li>\n<li>Agrelo<\/li>\n<li>Lambiris<\/li>\n<li>Bonelli<\/li>\n<li>Trosset<\/li>\n<li>Palazo<\/li>\n<li>Scialchi<\/li>\n<li>A. Mart\u00ednez<\/li>\n<li>Olmedo<\/li>\n<li>Juan B. De Benedictis<\/li>\n<li>Trucco<\/li>\n<li>Fa\u00edn<\/li>\n<li>Craparo<\/li>\n<li>Fontana<\/li>\n<li>Ebarl\u00edn<\/li>\n<li>Candela<\/li>\n<li>Urcera<\/li>\n<li>Ardusso<\/li>\n<li>Ferrante<\/li>\n<li>Domenech<\/li>\n<li>Impiombato<\/li>\n<li>Castellano<\/li>\n<li>M. Canapino<\/li>\n<li>Cotignola<\/li>\n<li>Serrano<\/li>\n<li>Carinelli<\/li>\n<li>Ledesma<\/li>\n<li>Spataro<\/li>\n<li>De Carlo<\/li>\n<li>T. Mart\u00ednez<\/li>\n<li>Teti<\/li>\n<li>Quijada<\/li>\n<li>Jalaf<\/li>\n<li>Alaux<\/li>\n<li>Di Palma<\/li>\n<li>\u00c1lvarez<\/li>\n<li>De la Iglesia<\/li>\n<li>Abella<\/li>\n<li>Iribarne<\/li>\n<li>Azar<\/li>\n<li>Landa<\/li>\n<li>Jakos<\/li>\n<li>Werner<\/li>\n<li>Santero<\/li>\n<li>V\u00e1zquez<\/li>\n<li>Catal\u00e1n Magni<\/li>\n<li>Mazzacane<\/li>\n<\/ol>\n<\/div>\n<\/div>\n<\/article>\n<article class=\"sc-2fb8051d-2 bFtITN\" readability=\"1\"><time>22\/06\/2025, <span>14:05<\/span><\/time><\/p>\n<div class=\"groupItems\" id=\"Post1\" readability=\"34.5\">\n<p><h2>\u00a1\u00a1\u00a1Otto Fritzler gan\u00f3 la final del TC en Posadas!!!<\/h2>\n<\/p>\n<div class=\"sc-19aa7123-0 iHjvMN\" readability=\"10\">\n<p>El pibe de San Miguel, presionado por Canapino hasta la bandera a cuadros, se qued\u00f3 con un carrer\u00f3n en Misiones.<\/p>\n<\/div>\n<\/div>\n<\/article>\n<article class=\"sc-2fb8051d-2 kzQHEt\" readability=\"1.5\"><time>22\/06\/2025, <span>13:58<\/span><\/time><\/p>\n<div class=\"groupItems\" id=\"Post2\" readability=\"35.5\">\n<p><h2>21\/25 | Con fila india, se relanz\u00f3 la final en Posadas<\/h2>\n<\/p>\n<div class=\"sc-19aa7123-0 iHjvMN\" readability=\"10\">\n<p>Por las condiciones de pista, la carrera se larg\u00f3 con un auto detr\u00e1s del otro. Igualmente, Canapino ya est\u00e1 buscando a Fritzler.<\/p>\n<\/div>\n<\/div>\n<\/article>\n<article class=\"sc-2fb8051d-2 bFtITN\" readability=\"1\"><time>22\/06\/2025, <span>13:49<\/span><\/time><\/p>\n<div class=\"groupItems\" id=\"Post3\" readability=\"35.5\">\n<p><h2>17\/25 | Empez\u00f3 a llover y sali\u00f3 el tercer pace car<\/h2>\n<\/p>\n<div class=\"sc-19aa7123-0 iHjvMN\" readability=\"12\">\n<p>Josito hizo un trompo llegando a la curva 1 y qued\u00f3 clavado en la tierra. <strong>Nuevo pace car<\/strong>, que fue la clave para los dos sobrepasos m\u00e1s importantes de la carrera. Antes del relanzamiento, Fritzler le advirti\u00f3 a su equipo:<strong> &#8220;Est\u00e1 mojado, patina por todos lados&#8221;<\/strong>.<\/p>\n<\/div>\n<\/div>\n<\/article>\n<article class=\"sc-2fb8051d-2 kzQHEt\" readability=\"1\"><time>22\/06\/2025, <span>13:45<\/span><\/time><\/p>\n<div class=\"groupItems\" id=\"Post4\" readability=\"35\">\n<p><h2>15\/25 | \u00a1Fritzler le hizo una devoluci\u00f3n de gentilezas a Canapino y es el nuevo l\u00edder!<\/h2>\n<\/p>\n<div class=\"sc-19aa7123-0 iHjvMN\" readability=\"11\">\n<p>Otto se lanz\u00f3 por afuera, al igual que hizo el Tit\u00e1n antes, y se qued\u00f3 con el liderato de la carrera tras el pace car. <strong>Ojo, que se viene la lluvia y no hay tanta tracci\u00f3n como antes&#8230;<\/strong><\/p>\n<\/div>\n<\/div>\n<\/article>\n<article class=\"sc-2fb8051d-2 bFtITN\" readability=\"1\"><time>22\/06\/2025, <span>13:42<\/span><\/time><\/p>\n<div class=\"groupItems\" id=\"Post5\" readability=\"35\">\n<p><h2>14\/25 | Nuevo pace car y oportunidad renovada para Fritzler<\/h2>\n<\/p>\n<div class=\"sc-19aa7123-0 iHjvMN\" readability=\"11\">\n<p>Ahora, Otto tendr\u00e1 la oportunidad de vengarse de Canapa, que en el \u00faltimo relanzamiento lo adelant\u00f3 por afuera. Atr\u00e1s, Rossi estar\u00e1 al acecho&#8230;<\/p>\n<\/div>\n<\/div>\n<\/article>\n<article class=\"sc-2fb8051d-2 kzQHEt\" readability=\"1\"><time>22\/06\/2025, <span>13:35<\/span><\/time><\/p>\n<div class=\"groupItems\" id=\"Post6\" readability=\"36.5\">\n<p><h2>9\/25 | \u00a1\u00a1\u00a1Impresionante maniobra de Canapino para ponerse primero!!!<\/h2>\n<\/p>\n<div class=\"sc-19aa7123-0 iHjvMN\" readability=\"14\">\n<p>Al t\u00e9rmino del pacer car, el Tit\u00e1n se abri\u00f3, hizo un lance por el exterior, sali\u00f3 bien armado y <strong>se qued\u00f3 con la punta de la carrera<\/strong>. Fritzler, nervioso, le mostr\u00f3 el auto por diestra y siniestra pero no pudo recuperar el liderato.<\/p>\n<\/div>\n<\/div>\n<\/article>\n<article class=\"sc-2fb8051d-2 bFtITN\" readability=\"1\"><time>22\/06\/2025, <span>13:32<\/span><\/time><\/p>\n<div class=\"groupItems\" id=\"Post7\" readability=\"35\">\n<p><h2>8\/25 | Sali\u00f3 el pace car y se viene un nuevo mano a mano<\/h2>\n<\/p>\n<div class=\"sc-19aa7123-0 iHjvMN\" readability=\"11\">\n<p>Por el despiste de Abella, que hab\u00eda quedado encajado en la tierra y pudo salir, hay pace car. Fritzler y Canapino, listos para una nueva batalla&#8230;<\/p>\n<\/div>\n<\/div>\n<\/article>\n<article class=\"sc-2fb8051d-2 kzQHEt\" readability=\"1\"><time>22\/06\/2025, <span>13:30<\/span><\/time><\/p>\n<div class=\"groupItems\" id=\"Post8\" readability=\"34.5\">\n<p><h2>8\/25 | Fritzler se quej\u00f3 por radio<\/h2>\n<\/p>\n<div class=\"sc-19aa7123-0 iHjvMN\" readability=\"10\">\n<p><strong>&#8220;Que deje de tocar de atr\u00e1s&#8221;<\/strong>, fue el reclamo de Otto, molesto con un Canapino que est\u00e1 pegado a su paragolpes trasero.<\/p>\n<\/div>\n<\/div>\n<\/article>\n<article class=\"sc-2fb8051d-2 kzQHEt\" readability=\"1.5\"><time>22\/06\/2025, <span>13:25<\/span><\/time><\/p>\n<div class=\"groupItems\" id=\"Post9\" readability=\"36\">\n<p><h2>4\/25 | En lo m\u00e1s alto, la batalla est\u00e1 buen\u00edsima<\/h2>\n<\/p>\n<div class=\"sc-19aa7123-0 iHjvMN\" readability=\"11\">\n<p>Fritzler, Canapino y Rossi se distanciaron del resto y est\u00e1n enchufados en un trencito. <strong>El Tit\u00e1n ya le mostr\u00f3 el auto varias veces al l\u00edder<\/strong>, pero a\u00fan no pudo llegar con resto como para tirar el zarpazo. <\/p>\n<\/div>\n<\/div>\n<\/article>\n<article class=\"sc-2fb8051d-2 kzQHEt\" readability=\"1\"><time>22\/06\/2025, <span>13:21<\/span><\/time><\/p>\n<div class=\"groupItems\" id=\"Post10\" readability=\"34.5\">\n<p><h2>2\/25 | Werner rompi\u00f3 por segunda vez en el d\u00eda<\/h2>\n<\/p>\n<div class=\"sc-19aa7123-0 iHjvMN\" readability=\"10\">\n<p>Marianito, que hab\u00eda roto el motor en la primera serie y debi\u00f3 cambiarlo de cara a la final, volvi\u00f3 a sufrir una falla mec\u00e1nica y abandon\u00f3.<\/p>\n<\/div>\n<\/div>\n<\/article>\n<article class=\"sc-2fb8051d-2 kzQHEt\" readability=\"1\"><time>22\/06\/2025, <span>13:19<\/span><\/time><\/p>\n<div class=\"groupItems\" id=\"Post11\" readability=\"34.5\">\n<p><h2>1\/25 | \u00a1\u00a1\u00a1Se qued\u00f3 el puntero del campeonato!!!<\/h2>\n<\/p>\n<div class=\"sc-19aa7123-0 iHjvMN\" readability=\"10\">\n<p>Juli\u00e1n Santero, quien hab\u00eda terminado 2\u00b0 en su serie, tuvo un problema en la transmisi\u00f3n y se vio forzado a abandonar.<\/p>\n<\/div>\n<div class=\"sc-e7b891c4-0 ifHnQL image-embed\"><img alt=\"Santero rompi\u00f3 y abandon\u00f3. (Prensa ACTC)\" loading=\"lazy\" width=\"720\" height=\"100\" decoding=\"async\" data-nimg=\"1\" src=\"http:\/\/cordobadirecto.com\/wp-content\/uploads\/2025\/06\/tc-en-posadas-otto-fritzler-peleo-hasta-el-final-con-canapino-y-se-llevo-la-victoria-1.jpg\"><span class=\"epigraphe\">Santero rompi\u00f3 y abandon\u00f3. (Prensa ACTC)<\/span><\/div>\n<\/div>\n<\/article>\n<article class=\"sc-2fb8051d-2 bFtITN\" readability=\"1\"><time>22\/06\/2025, <span>13:18<\/span><\/time><\/p>\n<div class=\"groupItems\" id=\"Post12\" readability=\"34\">\n<p><h2>\u00a1Se larg\u00f3 la carrera del TC en Posadas!<\/h2>\n<\/p>\n<div class=\"sc-19aa7123-0 iHjvMN\" readability=\"9\">\n<p>Canapino se abri\u00f3 y trat\u00f3 de mantenerse a la par de Fritzler, pero no lo logr\u00f3 y Otto qued\u00f3 liderando el grupo. <\/p>\n<\/div>\n<\/div>\n<\/article>\n<article class=\"sc-2fb8051d-2 kzQHEt\" readability=\"1\"><time>22\/06\/2025, <span>13:15<\/span><\/time><\/p>\n<div class=\"groupItems\" id=\"Post13\" readability=\"34.5\">\n<p><h2>Se acerca la final en Posadas: \u00bfllueve o se corre en piso seco?<\/h2>\n<\/p>\n<div class=\"sc-19aa7123-0 iHjvMN\" readability=\"10\">\n<p>Bajo un cielo nublado, y con la incertidumbre de si caer\u00e1 agua, las m\u00e1quinas ya est\u00e1n girando por la vuelta previa.<\/p>\n<\/div>\n<\/div>\n<\/article>\n<article class=\"sc-2fb8051d-2 kzQHEt\" readability=\"1\"><time>22\/06\/2025, <span>12:52<\/span><\/time><\/p>\n<div class=\"groupItems\" id=\"Post14\" readability=\"34\">\n<p><h2>Gabriel Gandulia se qued\u00f3 con la final del TC Pista<\/h2>\n<\/p>\n<div class=\"sc-19aa7123-0 iHjvMN\" readability=\"9\">\n<p>El amigo de Franco Colapinto se qued\u00f3 con la victoria en la divisi\u00f3n previa. &#8220;\u00a1Vamos Ford!&#8221;, fue el grito tras la victoria.<\/p>\n<\/div>\n<\/div>\n<\/article>\n<article class=\"sc-2fb8051d-2 kzQHEt\" readability=\"1\"><time>22\/06\/2025, <span>12:30<\/span><\/time><\/p>\n<div class=\"groupItems\" id=\"Post15\" readability=\"34.5\">\n<p><h2>Werner trabaja en el cambio de motor de cara a la final<\/h2>\n<\/p>\n<div class=\"sc-19aa7123-0 iHjvMN\" readability=\"10\">\n<p>Despu\u00e9s de la rotura de Marianito en la primera serie, el Werner Competici\u00f3n ya trabaja en el cambio del impulsor. <strong>El tricampe\u00f3n largar\u00e1 en el 52\u00b0 puesto<\/strong>, en la pen\u00faltima fila.<\/p>\n<\/div>\n<div class=\"sc-e7b891c4-0 ifHnQL image-embed\"><img alt=\"Mariano Werner en la serie del Turismo Carretera en Posadas. (Prensa TC\/ACTC)\" loading=\"lazy\" width=\"720\" height=\"100\" decoding=\"async\" data-nimg=\"1\" src=\"http:\/\/cordobadirecto.com\/wp-content\/uploads\/2025\/06\/tc-en-posadas-otto-fritzler-peleo-hasta-el-final-con-canapino-y-se-llevo-la-victoria-2.jpg\"><span class=\"epigraphe\">Mariano Werner en la serie del Turismo Carretera en Posadas. (Prensa TC\/ACTC)<\/span><\/div>\n<\/div>\n<\/article>\n<article class=\"sc-2fb8051d-2 bFtITN\" readability=\"1\"><time>22\/06\/2025, <span>11:55<\/span><\/time><\/p>\n<div class=\"groupItems\" id=\"Post16\" readability=\"37\">\n<p><h2>Ya est\u00e1 la grilla para la final del TC en Posadas<\/h2>\n<\/p>\n<div class=\"sc-19aa7123-0 iHjvMN\" readability=\"15\">\n<p>El Top 10, con el l\u00edder en la cuerda, partir\u00e1 as\u00ed: Fritzler, Canapino; Rossi, Agrelo; Santero, Aguirre; Todino, Jakos; Chapur, Lambiris.<\/p>\n<\/div>\n<div class=\"sc-e7b891c4-0 ifHnQL image-embed\"><img alt=\"Fritzler buscar\u00e1 la victoria en Posadas. (@Pradeconracing \/ Germ\u00e1n Alt - Julieta Palma)\" loading=\"lazy\" width=\"720\" height=\"100\" decoding=\"async\" data-nimg=\"1\" src=\"http:\/\/cordobadirecto.com\/wp-content\/uploads\/2025\/06\/tc-en-posadas-otto-fritzler-peleo-hasta-el-final-con-canapino-y-se-llevo-la-victoria-3.jpg\"><span class=\"epigraphe\">Fritzler buscar\u00e1 la victoria en Posadas. (@Pradeconracing \/ Germ\u00e1n Alt &#8211; Julieta Palma)<\/span><\/div>\n<\/div>\n<\/article>\n<article class=\"sc-2fb8051d-2 kzQHEt\" readability=\"1\"><time>22\/06\/2025, <span>11:40<\/span><\/time><\/p>\n<div class=\"groupItems\" id=\"Post17\" readability=\"36\">\n<p><h2>La confianza de Canapino de cara a la final<\/h2>\n<\/p>\n<div class=\"sc-19aa7123-0 iHjvMN\" readability=\"13\">\n<p>&#8220;Gir\u00e9 al mejor ritmo que ten\u00eda. Falt\u00f3 poquito para ganarle a Fritzler, creo que quedamos por delante de Rossi. <strong>Estamos para pelear. Ellos est\u00e1n firmes, fuertes, pero estamos para pelear<\/strong>&#8220;, asegur\u00f3 el Tit\u00e1n de Arrecifes.<\/p>\n<\/div>\n<\/div>\n<\/article>\n<article class=\"sc-2fb8051d-2 bFtITN\" readability=\"1\"><time>22\/06\/2025, <span>11:05<\/span><\/time><\/p>\n<div class=\"groupItems\" id=\"Post18\" readability=\"35\">\n<p><h2>\u00a1Agust\u00edn Canapino se llev\u00f3 la \u00faltima serie del TC!<\/h2>\n<\/p>\n<div class=\"sc-19aa7123-0 iHjvMN\" readability=\"11\">\n<p><strong>El Tit\u00e1n aguant\u00f3 la punta en la primera vuelta y no la solt\u00f3 m\u00e1s<\/strong>. En las tres bater\u00edas de la ma\u00f1ana, quienes largaron adelante se mantuvieron ah\u00ed (Canapa, Rossi y Fritzler). A ver qu\u00e9 dicta la final&#8230;<\/p>\n<\/div>\n<div class=\"sc-e7b891c4-0 ifHnQL image-embed\"><img alt=\"Canapino puso al Camaro en lo m\u00e1s alto en la tercera bater\u00eda.\" loading=\"lazy\" width=\"720\" height=\"100\" decoding=\"async\" data-nimg=\"1\" src=\"http:\/\/cordobadirecto.com\/wp-content\/uploads\/2025\/06\/tc-en-posadas-otto-fritzler-peleo-hasta-el-final-con-canapino-y-se-llevo-la-victoria-4.jpg\"><span class=\"epigraphe\">Canapino puso al Camaro en lo m\u00e1s alto en la tercera bater\u00eda.<\/span><\/div>\n<\/div>\n<\/article>\n<article class=\"sc-2fb8051d-2 kzQHEt\" readability=\"1\"><time>22\/06\/2025, <span>11:03<\/span><\/time><\/p>\n<div class=\"groupItems\" id=\"Post19\" readability=\"35.5\">\n<p><h2>Ledesma tuvo una serie para el olvido&#8230;<\/h2>\n<\/p>\n<div class=\"sc-19aa7123-0 iHjvMN\" readability=\"12\">\n<p>El referente de Chevrolet arranc\u00f3 siendo investigado por la largada con Canapino (lo fue a pontonear antes de la primera curva y el Tit\u00e1n se quej\u00f3), continu\u00f3 lanz\u00e1ndose por el interior y haciendo trompo por no llegar al frenaje y, finalmente, <strong>su m\u00e1quina present\u00f3 un problema mec\u00e1nico. <\/strong><\/p>\n<\/div>\n<\/div>\n<\/article>\n<article class=\"sc-2fb8051d-2 bFtITN\" readability=\"1\"><time>22\/06\/2025, <span>10:57<\/span><\/time><\/p>\n<div class=\"groupItems\" id=\"Post20\" readability=\"35\">\n<p><h2>\u00a1Se larg\u00f3 la \u00faltima serie del TC!<\/h2>\n<\/p>\n<div class=\"sc-19aa7123-0 iHjvMN\" readability=\"11\">\n<p><strong>Christian Ledesma pontone\u00f3 tres veces a Agust\u00edn Canapino<\/strong>, pero el l\u00edder ni se mosque\u00f3. Al ratito, en un nuevo intento por pasarlo, el marplatense termin\u00f3 haciendo trompo y quedando \u00faltimo.<\/p>\n<\/div>\n<\/div>\n<\/article>\n<article class=\"sc-2fb8051d-2 bFtITN\" readability=\"1\"><time>22\/06\/2025, <span>10:40<\/span><\/time><\/p>\n<div class=\"groupItems\" id=\"Post21\" readability=\"34.5\">\n<p><h2>Mat\u00edas Rossi se llev\u00f3 la segunda serie en Posadas<\/h2>\n<\/p>\n<div class=\"sc-19aa7123-0 iHjvMN\" readability=\"10\">\n<p>El Misil lider\u00f3 de punta a punta y se qued\u00f3 con la bater\u00eda (no ganaba una desde el 12 de febrero de 2023, en Viedma). Detr\u00e1s suyo, Aguirre y Jakos.<\/p>\n<\/div>\n<div class=\"sc-e7b891c4-0 ifHnQL image-embed\"><img alt=\"Rossi tiene razones para sonre\u00edr. Hasta ahora, un gran finde en Posadas.\" loading=\"lazy\" width=\"720\" height=\"100\" decoding=\"async\" data-nimg=\"1\" src=\"http:\/\/cordobadirecto.com\/wp-content\/uploads\/2025\/06\/tc-en-posadas-otto-fritzler-peleo-hasta-el-final-con-canapino-y-se-llevo-la-victoria-5.jpg\"><span class=\"epigraphe\">Rossi tiene razones para sonre\u00edr. Hasta ahora, un gran finde en Posadas.<\/span><\/div>\n<\/div>\n<\/article>\n<article class=\"sc-2fb8051d-2 bFtITN\" readability=\"1\"><time>22\/06\/2025, <span>10:32<\/span><\/time><\/p>\n<div class=\"groupItems\" id=\"Post22\" readability=\"35\">\n<p><h2>\u00a1Se larg\u00f3 la segunda bater\u00eda!<\/h2>\n<\/p>\n<div class=\"sc-19aa7123-0 iHjvMN\" readability=\"11\">\n<p>A diferencia de la primera serie, el que ven\u00eda por el exterior logr\u00f3 seguir a la par del l\u00edder tras la primera curva. De todos modos, <strong>Mat\u00edas Rossi pudo mantener el liderato<\/strong> y Valent\u00edn Aguirre perdi\u00f3 algo de terreno.<\/p>\n<\/div>\n<\/div>\n<\/article>\n<article class=\"sc-2fb8051d-2 bFtITN\" readability=\"1\"><time>22\/06\/2025, <span>10:16<\/span><\/time><\/p>\n<div class=\"groupItems\" id=\"Post23\" readability=\"36.5\">\n<p><h2>Otto Fritzler gan\u00f3 la primera serie con comodidad<\/h2>\n<\/p>\n<div class=\"sc-19aa7123-0 iHjvMN\" readability=\"14\">\n<p>Despu\u00e9s de mantener la punta en la largada, el pibe vol\u00f3 hacia la victoria (Agrelo, su escolta, termin\u00f3 a m\u00e1s de dos segundos). Lo m\u00e1s llamativo, el abandono de Werner, que tuvo una falla mec\u00e1nica.<\/p>\n<\/div>\n<div class=\"sc-e7b891c4-0 ifHnQL image-embed\"><img alt=\"Otto Fritzler sigue en racha. (@Pradeconracing \/ Germ\u00e1n Alt - Julieta Palma)\" loading=\"lazy\" width=\"720\" height=\"100\" decoding=\"async\" data-nimg=\"1\" src=\"http:\/\/cordobadirecto.com\/wp-content\/uploads\/2025\/06\/tc-en-posadas-otto-fritzler-peleo-hasta-el-final-con-canapino-y-se-llevo-la-victoria-6.jpg\"><span class=\"epigraphe\">Otto Fritzler sigue en racha. (@Pradeconracing \/ Germ\u00e1n Alt &#8211; Julieta Palma)<\/span><\/div>\n<\/div>\n<\/article>\n<article class=\"sc-2fb8051d-2 kzQHEt\" readability=\"1\"><time>22\/06\/2025, <span>10:11<\/span><\/time><\/p>\n<div class=\"groupItems\" id=\"Post24\" readability=\"34.5\">\n<p><h2>Mariano Werner rompi\u00f3 el motor y debi\u00f3 abandonar<\/h2>\n<\/p>\n<div class=\"sc-19aa7123-0 iHjvMN\" readability=\"10\">\n<p><strong>&#8220;Se rompi\u00f3&#8221;<\/strong>, alcanz\u00f3 a decir el Zorro, que perdi\u00f3 potencia en la recta principal y debi\u00f3 tirar el Mustang a un costado.<\/p>\n<\/div>\n<div class=\"sc-e7b891c4-0 ifHnQL image-embed\"><img alt=\"Werner, sin suerte en el inicio del domingo.\" loading=\"lazy\" width=\"720\" height=\"100\" decoding=\"async\" data-nimg=\"1\" src=\"http:\/\/cordobadirecto.com\/wp-content\/uploads\/2025\/06\/tc-en-posadas-otto-fritzler-peleo-hasta-el-final-con-canapino-y-se-llevo-la-victoria-7.jpg\"><span class=\"epigraphe\">Werner, sin suerte en el inicio del domingo.<\/span><\/div>\n<\/div>\n<\/article>\n<article class=\"sc-2fb8051d-2 bFtITN\" readability=\"1\"><time>22\/06\/2025, <span>10:05<\/span><\/time><\/p>\n<div class=\"groupItems\" id=\"Post25\" readability=\"34\">\n<p><h2>\u00a1Se larg\u00f3 la primera serie del TC en Posadas!<\/h2>\n<\/p>\n<div class=\"sc-19aa7123-0 iHjvMN\" readability=\"9\">\n<p>Otto Fritzler defendi\u00f3 la punta contra Agrelo, mantuvo la cuerda y parti\u00f3 en soledad. Todos muy juntitos.<\/p>\n<\/div>\n<\/div>\n<\/article>\n<article class=\"sc-2fb8051d-2 kzQHEt\" readability=\"1\"><time>22\/06\/2025, <span>09:34<\/span><\/time><\/p>\n<div class=\"groupItems\" id=\"Post26\" readability=\"41.5\">\n<p><h2>La grilla de la primera serie del TC<\/h2>\n<\/p>\n<div class=\"sc-19aa7123-0 iHjvMN\" readability=\"24\">\n<p>Fritzler, Agrelo, Todino, Lambiris, Palazzo, Olmedo, Fa\u00edn, Trucco, Ebarl\u00edn, Castellano, Spataro, Werner, Candela, Jalaf, Cotignola, Domenech, Serrano y De Carlo.<\/p>\n<\/div>\n<\/div>\n<\/article>\n<article class=\"sc-2fb8051d-2 kzQHEt\" readability=\"1\"><time>22\/06\/2025, <span>09:00<\/span><\/time><\/p>\n<div class=\"groupItems\" id=\"Post27\" readability=\"36.5\">\n<p><h2>Santero es el l\u00edder del campeonato de TC<\/h2>\n<\/p>\n<div class=\"sc-19aa7123-0 iHjvMN\" readability=\"14\">\n<p>En Posadas, el mendocino buscar\u00e1 mantener la punta, p<strong>ero sobre todo ganar la final para tachar ese \u00edtem <\/strong>(es un requisito excluyente para ser campe\u00f3n). Si el campeonato terminara hoy, por haber logrado al menos una victoria, <strong>quien se quedar\u00eda con el t\u00edtulo ser\u00eda Mauricio Lambiris<\/strong> (2\u00b0 en la general y con un triunfo). Claro que falta mucho torneo&#8230;<\/p>\n<\/div>\n<\/div>\n<\/article>\n<article class=\"sc-2fb8051d-2 kzQHEt\" readability=\"1\"><time>22\/06\/2025, <span>08:30<\/span><\/time><\/p>\n<div class=\"groupItems\" id=\"Post28\" readability=\"38\">\n<p><h2>El desahogo de Fritzler despu\u00e9s de haber logrado la pole position<\/h2>\n<\/p>\n<div class=\"sc-19aa7123-0 iHjvMN\" readability=\"17\">\n<p>&#8220;Estoy muy contento, de verdad, fue un desahogo muy grande. Ven\u00eda teniendo un mal a\u00f1o, sobre todo malas clasificaciones, pero viste c\u00f3mo es&#8230; <strong>Ten\u00eda esa espina adentro y quer\u00eda sac\u00e1rmela<\/strong>&#8220;, dijo el pibe de 22 a\u00f1os, quien vol\u00f3 a bordo del Camry, marc\u00f3 un tiempo de 1m30s596 y qued\u00f3 0s122 por encima de Rossi y 0s234 por delante de Canapino (Chevrolet).<\/p>\n<\/div>\n<\/div>\n<\/article>\n<article class=\"sc-2fb8051d-2 bFtITN\" readability=\"1\"><time>22\/06\/2025, <span>08:00<\/span><\/time><\/p>\n<div class=\"groupItems\" id=\"Post29\" readability=\"36\">\n<p><h2>Otto Fritzler fue el poleman en Posadas<\/h2>\n<\/p>\n<div class=\"sc-19aa7123-0 iHjvMN\" readability=\"13\">\n<p><strong>Otto Fritzler<\/strong> firm\u00f3 el #1 en la clasificaci\u00f3n ante la atenta mirada de su compa\u00f1ero de equipo, <strong>Mat\u00edas Rossi<\/strong>, a quien dej\u00f3 en el segundo lugar. Para completar el podio, <strong>Agust\u00edn Canapino<\/strong>, y estos tres pilotos ocupar\u00e1n el primer puesto de cada bater\u00eda.<\/p>\n<\/div>\n<div class=\"sc-e7b891c4-0 ifHnQL image-embed\"><img alt=\"Otto Fritzler, el m\u00e1s veloz del s\u00e1bado. (@Pradeconracing)\" loading=\"lazy\" width=\"720\" height=\"100\" decoding=\"async\" data-nimg=\"1\" src=\"http:\/\/cordobadirecto.com\/wp-content\/uploads\/2025\/06\/tc-en-posadas-otto-fritzler-peleo-hasta-el-final-con-canapino-y-se-llevo-la-victoria-8.jpg\"><span class=\"epigraphe\">Otto Fritzler, el m\u00e1s veloz del s\u00e1bado. (@Pradeconracing)<\/span><\/div>\n<\/div>\n<\/article>\n<article class=\"sc-2fb8051d-2 bFtITN\" readability=\"1\"><time>22\/06\/2025, <span>07:30<\/span><\/time><\/p>\n<div class=\"groupItems\" id=\"Post30\" readability=\"36\">\n<p><h2>A qu\u00e9 hora correr\u00e1 el Turismo Carretera en Posadas y d\u00f3nde se podr\u00e1 ver<\/h2>\n<\/p>\n<div class=\"sc-19aa7123-0 iHjvMN\" readability=\"13\">\n<p>La primera serie se largar\u00e1 a las<strong> 10.05hs<\/strong>; la segunda, a las <strong>10.30hs<\/strong>, y la tercera, a las <strong>10.55hs<\/strong>. Por \u00faltimo, la final se disputar\u00e1 a las <strong>13.30hs<\/strong>. La transmisi\u00f3n correr\u00e1 a cuenta de <strong>TV P\u00fablica<\/strong>.<\/p>\n<\/div>\n<\/div>\n<\/article>\n<\/div>\n","protected":false},"excerpt":{"rendered":"<p>22\/06\/2025 08:00hs. Actualizado al 22\/06\/2025 15:04hs. No fue la primera victoria de Otto Fritzler. Tampoco es una cara nueva, puesto que su nombre resuena en los circuitos desde hace a\u00f1os (su velocidad, para lo joven que era, resultaba impresionante). Sin embargo, en Posadas, donde el Turismo Carretera disput\u00f3 su s\u00e9ptima fecha, el pibe se recibi\u00f3 [&hellip;]<\/p>\n","protected":false},"author":1,"featured_media":169038,"comment_status":"closed","ping_status":"closed","sticky":false,"template":"","format":"standard","meta":[],"categories":[21],"tags":[],"_links":{"self":[{"href":"http:\/\/cordobadirecto.com\/index.php\/wp-json\/wp\/v2\/posts\/169037"}],"collection":[{"href":"http:\/\/cordobadirecto.com\/index.php\/wp-json\/wp\/v2\/posts"}],"about":[{"href":"http:\/\/cordobadirecto.com\/index.php\/wp-json\/wp\/v2\/types\/post"}],"author":[{"embeddable":true,"href":"http:\/\/cordobadirecto.com\/index.php\/wp-json\/wp\/v2\/users\/1"}],"replies":[{"embeddable":true,"href":"http:\/\/cordobadirecto.com\/index.php\/wp-json\/wp\/v2\/comments?post=169037"}],"version-history":[{"count":0,"href":"http:\/\/cordobadirecto.com\/index.php\/wp-json\/wp\/v2\/posts\/169037\/revisions"}],"wp:featuredmedia":[{"embeddable":true,"href":"http:\/\/cordobadirecto.com\/index.php\/wp-json\/wp\/v2\/media\/169038"}],"wp:attachment":[{"href":"http:\/\/cordobadirecto.com\/index.php\/wp-json\/wp\/v2\/media?parent=169037"}],"wp:term":[{"taxonomy":"category","embeddable":true,"href":"http:\/\/cordobadirecto.com\/index.php\/wp-json\/wp\/v2\/categories?post=169037"},{"taxonomy":"post_tag","embeddable":true,"href":"http:\/\/cordobadirecto.com\/index.php\/wp-json\/wp\/v2\/tags?post=169037"}],"curies":[{"name":"wp","href":"https:\/\/api.w.org\/{rel}","templated":true}]}}