{"id":169043,"date":"2025-06-22T23:02:50","date_gmt":"2025-06-22T23:02:50","guid":{"rendered":"https:\/\/puntoapunto.com.ar\/?p=374101"},"modified":"2025-06-22T23:02:50","modified_gmt":"2025-06-22T23:02:50","slug":"dossier-evi-desarrollos-acelera-su-expansion-con-nuevos-proyectos-en-cordoba-y-el-interior-del-pais","status":"publish","type":"post","link":"http:\/\/cordobadirecto.com\/index.php\/2025\/06\/22\/dossier-evi-desarrollos-acelera-su-expansion-con-nuevos-proyectos-en-cordoba-y-el-interior-del-pais\/","title":{"rendered":"#Dossier: EVI Desarrollos acelera su expansi\u00f3n con nuevos proyectos en C\u00f3rdoba y el interior del pa\u00eds"},"content":{"rendered":"<p data-start=\"471\" data-end=\"851\">A punto de cumplir una d\u00e9cada de trayectoria,<strong> EVI Desarrollos<\/strong> se proyecta como una de las desarrollistas m\u00e1s activas del interior del pa\u00eds. Con sede central en Alta Gracia y una marcada identidad territorial, la empresa avanza en una etapa de expansi\u00f3n y consolidaci\u00f3n con<strong> nuevos proyectos urban\u00edsticos tanto en C\u00f3rdoba como en provincias clave como Mendoza, Entre R\u00edos y Neuqu\u00e9n.<\/strong><!-- \u00a1O bien no hay banners, estan desactivados o no estan programados para esta ubicaci\u00f3n! -->\n<\/p>\n<p data-start=\"853\" data-end=\"1116\">\u201cEl momento es de pleno crecimiento. Estamos reforzando presencia en toda C\u00f3rdoba y replicando nuestro modelo con equipos comerciales propios en otras regiones del pa\u00eds\u201d, se\u00f1al\u00f3 P<strong>edro C\u00e1mara Correa, gerente comercial de EVI Desarrollos.<\/strong>\n<\/p>\n<p data-start=\"1123\" data-end=\"1169\"><strong data-start=\"1127\" data-end=\"1169\">Proyectos que apuntan al futuro urbano<\/strong>\n<\/p>\n<p data-start=\"1171\" data-end=\"1483\">Entre los desarrollos m\u00e1s destacados, el barrio <strong data-start=\"1219\" data-end=\"1243\">Lomas de la Estancia<\/strong> se presenta como el emblema de esta nueva etapa. Ubicado en la entrada a Alta Gracia, sobre la ruta C45, <strong>el emprendimiento ofrece 486 lotes de 480 y 600 m\u00b2 desde US$ 28.500, con posibilidad de financiaci\u00f3n del 50% en hasta 36 cuotas fijas.<\/strong>\n<\/p>\n<p><iframe id=\"_ytid_11163\" width=\"480\" height=\"270\" data-origwidth=\"480\" data-origheight=\"270\" src=\"https:\/\/www.youtube.com\/embed\/Zbf6auGeKTE?enablejsapi=1&amp;autoplay=0&amp;cc_load_policy=0&amp;cc_lang_pref=&amp;iv_load_policy=1&amp;loop=0&amp;rel=0&amp;fs=1&amp;playsinline=0&amp;autohide=2&amp;theme=dark&amp;color=red&amp;controls=1&amp;\" class=\"__youtube_prefs__ epyt-is-override no-lazyload\" title=\"YouTube player\" allow=\"fullscreen; accelerometer; autoplay; clipboard-write; encrypted-media; gyroscope; picture-in-picture\" allowfullscreen data-no-lazy=\"1\" data-skipgform_ajax_framebjll>[embedded content]<\/iframe><!-- \u00a1O bien no hay banners, estan desactivados o no estan programados para esta ubicaci\u00f3n! -->\n<\/p>\n<p data-start=\"1485\" data-end=\"1871\">Pensado bajo un enfoque de planificaci\u00f3n integral, el barrio contar\u00e1 con servicios subterr\u00e1neos, fibra \u00f3ptica, cloacas, accesos controlados, calles adoquinadas y un centro comercial proyectado para el frente del loteo. \u201cEs nuestro desarrollo m\u00e1s atractivo. A solo 30 minutos de C\u00f3rdoba, combina aire puro, accesibilidad y una visi\u00f3n urban\u00edstica muy bien pensada\u201d, remarc\u00f3 C\u00e1mara Correa.<\/p>\n<p data-start=\"1873\" data-end=\"2244\">En paralelo, EVI avanza con otros proyectos en el valle de Calamuchita \u2014como <strong data-start=\"1950\" data-end=\"1972\">Colinas de Cantam\u00e9<\/strong> y <strong data-start=\"1975\" data-end=\"1987\">Dalmacio<\/strong>, en Santa Rosa y Yacanto\u2014 orientados a clientes que buscan segunda vivienda, principalmente de Buenos Aires y Santa Fe. Tambi\u00e9n se destaca el nuevo loteo <strong data-start=\"2142\" data-end=\"2155\">Vallecito<\/strong>, en Bialet Mass\u00e9, con vistas panor\u00e1micas a las sierras y a pocos minutos de Alta Gracia.\n<\/p>\n<p data-start=\"2251\" data-end=\"2294\"><strong data-start=\"2255\" data-end=\"2294\">Expansi\u00f3n nacional con sello propio<\/strong>\n<\/p>\n<p data-start=\"2296\" data-end=\"2566\">El plan de expansi\u00f3n incluye desarrollos como <strong data-start=\"2342\" data-end=\"2376\">Sauro \u2013 Ecoestancias del Limay<\/strong>, en Neuqu\u00e9n, un proyecto de 800 lotes a orillas del r\u00edo Limay con foco en la vida sustentable y en contacto con la naturaleza. Los lotes arrancan desde US$ 9.700 con financiaci\u00f3n accesible.\n<\/p>\n<p data-start=\"2568\" data-end=\"2772\">En Entre R\u00edos, la empresa avanza con el lanzamiento de <strong data-start=\"2623\" data-end=\"2639\">Costa Serena<\/strong>, un loteo sobre el r\u00edo Uruguay. Y en Mendoza, con \u201c<strong data-start=\"2691\" data-end=\"2706\">Paralelo 35<\/strong>\u201d, que ofrece vistas exclusivas y un entorno natural privilegiado.\n<\/p>\n<p data-start=\"2774\" data-end=\"2912\">\u201cTrabajamos con equipos comerciales en cada provincia. Hoy ya tenemos m\u00e1s de 25 vendedores en todo el pa\u00eds\u201d, detall\u00f3 el gerente comercial.\n<\/p>\n<p data-start=\"2919\" data-end=\"2979\"><strong data-start=\"2923\" data-end=\"2979\">Accesibilidad y revalorizaci\u00f3n: claves para invertir<\/strong>\n<\/p>\n<p data-start=\"2981\" data-end=\"3245\">EVI apunta tanto al consumidor final \u2014familias j\u00f3venes que buscan su primer terreno\u2014 como a inversores. La tierra, aseguran, sigue siendo un activo con alta rentabilidad, con revalorizaciones de hasta el 25% en el \u00faltimo semestre en algunos desarrollos cordobeses.\n<\/p>\n<p data-start=\"2981\" data-end=\"3245\"><img loading=\"lazy\" decoding=\"async\" class=\"aligncenter size-full wp-image-374103\" src=\"http:\/\/cordobadirecto.com\/wp-content\/uploads\/2025\/06\/dossier-evi-desarrollos-acelera-su-expansion-con-nuevos-proyectos-en-cordoba-y-el-interior-del-pais.jpg\" alt width=\"1323\" height=\"1102\" srcset=\"http:\/\/cordobadirecto.com\/wp-content\/uploads\/2025\/06\/dossier-evi-desarrollos-acelera-su-expansion-con-nuevos-proyectos-en-cordoba-y-el-interior-del-pais.jpg 1323w, http:\/\/cordobadirecto.com\/wp-content\/uploads\/2025\/06\/dossier-evi-desarrollos-acelera-su-expansion-con-nuevos-proyectos-en-cordoba-y-el-interior-del-pais-1.jpg 300w, http:\/\/cordobadirecto.com\/wp-content\/uploads\/2025\/06\/dossier-evi-desarrollos-acelera-su-expansion-con-nuevos-proyectos-en-cordoba-y-el-interior-del-pais-2.jpg 1024w, http:\/\/cordobadirecto.com\/wp-content\/uploads\/2025\/06\/dossier-evi-desarrollos-acelera-su-expansion-con-nuevos-proyectos-en-cordoba-y-el-interior-del-pais-3.jpg 768w, http:\/\/cordobadirecto.com\/wp-content\/uploads\/2025\/06\/dossier-evi-desarrollos-acelera-su-expansion-con-nuevos-proyectos-en-cordoba-y-el-interior-del-pais-4.jpg 750w, http:\/\/cordobadirecto.com\/wp-content\/uploads\/2025\/06\/dossier-evi-desarrollos-acelera-su-expansion-con-nuevos-proyectos-en-cordoba-y-el-interior-del-pais-5.jpg 1140w\" sizes=\"auto, (max-width: 1323px) 100vw, 1323px\">\n<\/p>\n<p data-start=\"3247\" data-end=\"3575\">Uno de los puntos fuertes es la <strong data-start=\"3279\" data-end=\"3303\">flexibilidad de pago<\/strong>, con esquemas como el 50% de entrega y el saldo en hasta 36 cuotas, en d\u00f3lares o pesos con actualizaci\u00f3n. \u201cEstamos evaluando indexar los planes en pesos porque el escenario econ\u00f3mico lo permite. Hay una meseta, pero tambi\u00e9n una buena rentabilidad\u201d, explic\u00f3 C\u00e1mara Correa.\n<\/p>\n<p data-start=\"3582\" data-end=\"3623\"><strong data-start=\"3586\" data-end=\"3623\">Visi\u00f3n 2025: crecer con prop\u00f3sito<\/strong>\n<\/p>\n<p data-start=\"3625\" data-end=\"3922\">Para 2025, la empresa se propone consolidar su marca como sin\u00f3nimo de confianza, comunidad y sostenibilidad. \u201cEste a\u00f1o es clave. Buscamos reforzar presencia en el mercado, lanzar nuevos desarrollos y seguir mejorando la experiencia del cliente, desde el asesoramiento hasta la postventa\u201d, explic\u00f3.\n<\/p>\n<p data-start=\"3924\" data-end=\"4203\">La estrategia tambi\u00e9n contempla una fuerte transformaci\u00f3n digital, con presencia en redes sociales, herramientas interactivas y comunicaci\u00f3n \u00e1gil, adem\u00e1s de avanzar hacia la construcci\u00f3n de viviendas propias en algunos desarrollos, como una prueba piloto en Lomas de la Estancia.\n<\/p>\n<p data-start=\"4205\" data-end=\"4343\">\u201cEl prop\u00f3sito de EVI es claro: transformar lotes en oportunidades reales de crecimiento. Y ese futuro \u2014afirma Pedro C\u00e1mara\u2014 comienza hoy\u201d.\n<\/p>\n<p data-start=\"4205\" data-end=\"4343\"><strong>Datos<\/strong>\n<\/p>\n<ul>\n<li data-start=\"4205\" data-end=\"4343\">Sarmiento 248<\/li>\n<li data-start=\"4205\" data-end=\"4343\">(3547) 432-676<\/li>\n<li data-start=\"4205\" data-end=\"4343\">WhatsApp: (3547) 500-771<\/li>\n<li data-start=\"4205\" data-end=\"4343\">Alta Gracia \u2013 C\u00f3rdoba<\/li>\n<li data-start=\"4205\" data-end=\"4343\"><a href=\"https:\/\/puntoapunto.com.ar\/cdn-cgi\/l\/email-protection\" class=\"__cf_email__\" data-cfemail=\"274649464b4e46514e43464b6742514e434254465555484b4b48540944484a\">[email&nbsp;protected]<\/a> \/ <a href=\"https:\/\/puntoapunto.com.ar\/cdn-cgi\/l\/email-protection\" class=\"__cf_email__\" data-cfemail=\"86efe8e0e9c6e3f0efe2e3f5e7f4f4e9eaeae9f5a8e5e9eb\">[email&nbsp;protected]<\/a><\/li>\n<li data-start=\"4205\" data-end=\"4343\">www.evidesarrollos.com<\/li>\n<li data-start=\"4205\" data-end=\"4343\">Facebook: Evi Desarrollos<\/li>\n<li data-start=\"4205\" data-end=\"4343\">Instagram: evi.desarrollos<\/li>\n<li data-start=\"4205\" data-end=\"4343\">YouTube: @evidesarrollos9747<\/li>\n<\/ul>\n<div class=\"g g-38\">\n<div class=\"g-dyn a-12 c-1\"><a class=\"gofollow\" data-track=\"MTIsMzgsMSw2MA==\" href=\"https:\/\/www.farmaciashpfarma.com.ar\/blog\/institucional\/beneficios-corporativos-en-campana-antigripal.html\" target=\"_blank\" rel=\"noopener\"><img src=\"http:\/\/cordobadirecto.com\/wp-content\/uploads\/2025\/06\/dossier-evi-desarrollos-acelera-su-expansion-con-nuevos-proyectos-en-cordoba-y-el-interior-del-pais.gif\" loading=\"lazy\"><\/a><\/div>\n<\/div>\n","protected":false},"excerpt":{"rendered":"<p>A punto de cumplir una d\u00e9cada de trayectoria, EVI Desarrollos se proyecta como una de las desarrollistas m\u00e1s activas del interior del pa\u00eds. Con sede central en Alta Gracia y una marcada identidad territorial, la empresa avanza en una etapa de expansi\u00f3n y consolidaci\u00f3n con nuevos proyectos urban\u00edsticos tanto en C\u00f3rdoba como en provincias clave [&hellip;]<\/p>\n","protected":false},"author":1,"featured_media":169044,"comment_status":"closed","ping_status":"closed","sticky":false,"template":"","format":"standard","meta":[],"categories":[25],"tags":[],"_links":{"self":[{"href":"http:\/\/cordobadirecto.com\/index.php\/wp-json\/wp\/v2\/posts\/169043"}],"collection":[{"href":"http:\/\/cordobadirecto.com\/index.php\/wp-json\/wp\/v2\/posts"}],"about":[{"href":"http:\/\/cordobadirecto.com\/index.php\/wp-json\/wp\/v2\/types\/post"}],"author":[{"embeddable":true,"href":"http:\/\/cordobadirecto.com\/index.php\/wp-json\/wp\/v2\/users\/1"}],"replies":[{"embeddable":true,"href":"http:\/\/cordobadirecto.com\/index.php\/wp-json\/wp\/v2\/comments?post=169043"}],"version-history":[{"count":0,"href":"http:\/\/cordobadirecto.com\/index.php\/wp-json\/wp\/v2\/posts\/169043\/revisions"}],"wp:featuredmedia":[{"embeddable":true,"href":"http:\/\/cordobadirecto.com\/index.php\/wp-json\/wp\/v2\/media\/169044"}],"wp:attachment":[{"href":"http:\/\/cordobadirecto.com\/index.php\/wp-json\/wp\/v2\/media?parent=169043"}],"wp:term":[{"taxonomy":"category","embeddable":true,"href":"http:\/\/cordobadirecto.com\/index.php\/wp-json\/wp\/v2\/categories?post=169043"},{"taxonomy":"post_tag","embeddable":true,"href":"http:\/\/cordobadirecto.com\/index.php\/wp-json\/wp\/v2\/tags?post=169043"}],"curies":[{"name":"wp","href":"https:\/\/api.w.org\/{rel}","templated":true}]}}