{"id":169046,"date":"2025-06-18T09:35:54","date_gmt":"2025-06-18T09:35:54","guid":{"rendered":"https:\/\/notepeines.com.ar\/?p=3893"},"modified":"2025-06-18T09:35:54","modified_gmt":"2025-06-18T09:35:54","slug":"recuerdos-de-cafrune-a-charly-a-90-anos-del-nacimiento-de-mercedes-sosa","status":"publish","type":"post","link":"http:\/\/cordobadirecto.com\/index.php\/2025\/06\/18\/recuerdos-de-cafrune-a-charly-a-90-anos-del-nacimiento-de-mercedes-sosa\/","title":{"rendered":"Recuerdos, de Cafrune a Charly: a 90 a\u00f1os del nacimiento de Mercedes Sosa"},"content":{"rendered":"<div><img src=\"http:\/\/cordobadirecto.com\/wp-content\/uploads\/2025\/06\/recuerdos-de-cafrune-a-charly-a-90-anos-del-nacimiento-de-mercedes-sosa.jpg\" class=\"ff-og-image-inserted\"><\/div>\n<p>Para Leer<\/p>\n<p>Recuerdos, de Cafrune a Charly: a 90 a\u00f1os del nacimiento de Mercedes Sosa<\/p>\n<p><em>La \u00abNegra\u00bb naci\u00f3 el D\u00eda de la Patria. Y el 9 de julio de 2025 habr\u00eda llegado a las nueve d\u00e9cadas. Cosqu\u00edn, el exilio y su cercan\u00eda al rock nacional.<\/em><\/p>\n<p>El <strong>26 de enero de 1997<\/strong>, el Festival de folclore m\u00e1s convocante del pa\u00eds ten\u00eda su jornada de cierre. Y una voz tucumana iba a ser la encargada de despedir la 37\u00aa edici\u00f3n. <\/p>\n<p>En la previa, v\u00eda telef\u00f3nica Mercedes les anticip\u00f3 que iba a estar acompa\u00f1ada: Carlos Alberto Garc\u00eda Moreno iba a tocar el piano en su show.<\/p>\n<p>Fue el mismo a\u00f1o en el que vio la luz \u00abAlta fidelidad\u00bb, el disco compartido.<\/p>\n<p>Aquel c\u00f3nclave qued\u00f3 para la historia. En Cosqu\u00edn marcaba el paso el \u00abfolclore joven\u00bb, liderado sobre todo por Soledad Pastorutti y Los Nocheros.<\/p>\n<figure class=\"wp-block-embed is-type-video is-provider-youtube wp-block-embed-youtube wp-embed-aspect-4-3 wp-has-aspect-ratio\">\n<p>\n<iframe loading=\"lazy\" title=\"De Pel\u00edcula: Mercedes Sosa y Charly Garc\u00eda, Cosqu\u00edn 1997 (4K) IMAGEN MEJORADA\" width=\"500\" height=\"375\" src=\"https:\/\/www.youtube.com\/embed\/0MYVU9vUB6g?feature=oembed\" frameborder=\"0\" allow=\"accelerometer; autoplay; clipboard-write; encrypted-media; gyroscope; picture-in-picture; web-share\" referrerpolicy=\"strict-origin-when-cross-origin\" allowfullscreen>[embedded content]<\/iframe>\n<\/p>\n<\/figure>\n<p><a href=\"https:\/\/www.facebook.com\/watch\/?v=1608736983217128\"><em>\u00ab\u00bfQui\u00e9n es esa con pinta de sirvientita que est\u00e1 en el escenario?\u00bb<\/em>. La recordada frase pronunciada tras bambalinas por el presentador Julio Maharbiz<\/a> marc\u00f3 un hito, por la forma en que fue revertida.<\/p>\n<p>Corr\u00eda el a\u00f1o 1965 y, por fuera de la programaci\u00f3n, Jorge Cafrune present\u00f3 a la joven Sosa, a sabiendas de que habr\u00eda enojo en los organizadores.<\/p>\n<p>Con el tiempo, Maharbiz no pudo oponerse al p\u00fablico y debi\u00f3 presentar a una consagrada artista.<\/p>\n<p>La misma que, en tiempos de dictadura, permaneci\u00f3 varios a\u00f1os exiliada.<\/p>\n<p>Fallecida el 4 de octubre de 2009, dej\u00f3 un interminable legado.<\/p>\n","protected":false},"excerpt":{"rendered":"<p>Para Leer Recuerdos, de Cafrune a Charly: a 90 a\u00f1os del nacimiento de Mercedes Sosa La \u00abNegra\u00bb naci\u00f3 el D\u00eda de la Patria. Y el 9 de julio de 2025 habr\u00eda llegado a las nueve d\u00e9cadas. Cosqu\u00edn, el exilio y su cercan\u00eda al rock nacional. El 26 de enero de 1997, el Festival de folclore [&hellip;]<\/p>\n","protected":false},"author":1,"featured_media":169047,"comment_status":"open","ping_status":"closed","sticky":false,"template":"","format":"standard","meta":[],"categories":[19],"tags":[],"_links":{"self":[{"href":"http:\/\/cordobadirecto.com\/index.php\/wp-json\/wp\/v2\/posts\/169046"}],"collection":[{"href":"http:\/\/cordobadirecto.com\/index.php\/wp-json\/wp\/v2\/posts"}],"about":[{"href":"http:\/\/cordobadirecto.com\/index.php\/wp-json\/wp\/v2\/types\/post"}],"author":[{"embeddable":true,"href":"http:\/\/cordobadirecto.com\/index.php\/wp-json\/wp\/v2\/users\/1"}],"replies":[{"embeddable":true,"href":"http:\/\/cordobadirecto.com\/index.php\/wp-json\/wp\/v2\/comments?post=169046"}],"version-history":[{"count":0,"href":"http:\/\/cordobadirecto.com\/index.php\/wp-json\/wp\/v2\/posts\/169046\/revisions"}],"wp:featuredmedia":[{"embeddable":true,"href":"http:\/\/cordobadirecto.com\/index.php\/wp-json\/wp\/v2\/media\/169047"}],"wp:attachment":[{"href":"http:\/\/cordobadirecto.com\/index.php\/wp-json\/wp\/v2\/media?parent=169046"}],"wp:term":[{"taxonomy":"category","embeddable":true,"href":"http:\/\/cordobadirecto.com\/index.php\/wp-json\/wp\/v2\/categories?post=169046"},{"taxonomy":"post_tag","embeddable":true,"href":"http:\/\/cordobadirecto.com\/index.php\/wp-json\/wp\/v2\/tags?post=169046"}],"curies":[{"name":"wp","href":"https:\/\/api.w.org\/{rel}","templated":true}]}}