{"id":169053,"date":"2025-06-23T17:23:07","date_gmt":"2025-06-23T17:23:07","guid":{"rendered":"https:\/\/puntoapunto.com.ar\/?p=374219"},"modified":"2025-06-23T17:23:07","modified_gmt":"2025-06-23T17:23:07","slug":"que-esta-pasando-con-el-desempleo-y-por-que-es-un-punto-debil-del-modelo-libertario","status":"publish","type":"post","link":"http:\/\/cordobadirecto.com\/index.php\/2025\/06\/23\/que-esta-pasando-con-el-desempleo-y-por-que-es-un-punto-debil-del-modelo-libertario\/","title":{"rendered":"Qu\u00e9 est\u00e1 pasando con el desempleo y por qu\u00e9 es un punto d\u00e9bil del modelo libertario"},"content":{"rendered":"<p>&nbsp;<!-- \u00a1O bien no hay banners, estan desactivados o no estan programados para esta ubicaci\u00f3n! -->\n<\/p>\n<p>&nbsp;\n<\/p>\n<p>La actividad productiva real y el mercado laboral siguen mostrando n\u00fameros esquivos al modelo del gobierno nacional. Si la semana pasada la administraci\u00f3n de Javier Milei pudo festejar el alentador dato sobre la inflaci\u00f3n del mes de mayo -1,8%, la m\u00e1s baja en 5 a\u00f1os- poco hay de auspicioso en los n\u00fameros sobre mercado de trabajo que se comunicaron esta semana.\n<\/p>\n<p>El Indec difundi\u00f3 su reporte sobre trabajo e ingresos enfocado en lo que dej\u00f3 el primer trimestre de este a\u00f1o y se conoci\u00f3 que la tasa de desocupaci\u00f3n escal\u00f3, en promedio, en los 31 principales aglomerados urbanos, al 7.9%. Se trata de un punto y medio porcentual m\u00e1s en relaci\u00f3n al periodo inmediato anterior, es decir el \u00faltimo trimestre del a\u00f1o pasado. En concreto, hay 1,1 millones de personas en condiciones de trabajar y que, a pesar de buscar empleo, no lo est\u00e1n logrando.\n<\/p>\n<p>Una preocupaci\u00f3n que se potencia en algunos de los aglomerados urbanos m\u00e1s potentes. En partidos del Gran Buenos Aires la desocupaci\u00f3n orilla los dos d\u00edgitos (9,7%) y mostr\u00f3 un alarmante 9,2% en el Gran C\u00f3rdoba, bastante lejos del 7,1% que exhibe el Gran Rosario.<!-- \u00a1O bien no hay banners, estan desactivados o no estan programados para esta ubicaci\u00f3n! -->\n<\/p>\n<p>Sin duda, n\u00fameros que deber\u00e1n llamar la atenci\u00f3n a los dise\u00f1adores de pol\u00edticas econ\u00f3micas para intentar estrategias que dinamicen un mercado privado formal que sigue sin dar muestras de reactivaci\u00f3n de forma generalizada y sostenida.<\/p>\n<p>Es tambi\u00e9n un dato que hace mella en el discurso de la pol\u00edtica econ\u00f3mica del gobierno nacional. Algo que qued\u00f3 patente en las expresiones de la expresidente y actual condenada Cristina Fern\u00e1ndez de Kirchner quien en su alocuci\u00f3n desde el balc\u00f3n de su detenci\u00f3n domiciliaria recogi\u00f3 para su narrativa los malos n\u00fameros del mercado laboral.\n<\/p>\n<p><strong>Primarizaci\u00f3n econ\u00f3mica<\/strong>. Desde el Centro de Investigaci\u00f3n y Formaci\u00f3n (Cifra) de la CTA desde hace tiempo se viene alertando sobre las pocas se\u00f1ales de reactivaci\u00f3n laboral y, por el contrario, del preocupante proceso de \u201cprimarizaci\u00f3n econ\u00f3mica\u201d.\n<\/p>\n<p>\u201cEl primer a\u00f1o del gobierno de J. Milei estuvo marcado por la recesi\u00f3n econ\u00f3mica: en 2024 el PIB cerr\u00f3 con una ca\u00edda anual de 1,7%. En ese a\u00f1o, s\u00f3lo las exportaciones tuvieron un comportamiento positivo (+23,2%), explicado por el comportamiento del sector agropecuario -recuperado tras la sequ\u00eda de 2023- as\u00ed como con las ventas de combustibles y energ\u00eda. En cambio, las demandas vinculadas al mercado interno arrojaron resultados negativos, con fuertes descensos de la inversi\u00f3n (-17,4%), el consumo privado (-4,2%) y el consumo del sector p\u00fablico (-3,2%). El perfil sectorial de la evoluci\u00f3n del valor agregado da cuenta de un proceso de primarizaci\u00f3n de la econom\u00eda, ya que mientras el sector agropecuario y el de minas y canteras tuvieron las mayores tasas de crecimiento, se verificaron importantes ca\u00eddas en la construcci\u00f3n, la industria y el comercio\u201d, destaca un reporte firmado por los investigadores Mariana L. Gonz\u00e1lez, Nicol\u00e1s Bonofiglio y Cecilia Garriga.\n<\/p>\n<p>En el mismo&nbsp;<em>paper<\/em>&nbsp;se destaca que a la mayor desocupaci\u00f3n y precariedad se suman otros problemas en materia laboral: ascenso de la subocupaci\u00f3n, de la proporci\u00f3n de ocupados demandantes de empleo y de las personas que declaran tener m\u00e1s de un empleo u ocupaci\u00f3n.\n<\/p>\n<p><img decoding=\"async\" class=\"aligncenter wp-image-374222 size-full\" src=\"http:\/\/cordobadirecto.com\/wp-content\/uploads\/2025\/06\/que-esta-pasando-con-el-desempleo-y-por-que-es-un-punto-debil-del-modelo-libertario.jpg\" alt width=\"987\" height=\"555\" srcset=\"http:\/\/cordobadirecto.com\/wp-content\/uploads\/2025\/06\/que-esta-pasando-con-el-desempleo-y-por-que-es-un-punto-debil-del-modelo-libertario.jpg 987w, http:\/\/cordobadirecto.com\/wp-content\/uploads\/2025\/06\/que-esta-pasando-con-el-desempleo-y-por-que-es-un-punto-debil-del-modelo-libertario-1.jpg 300w, http:\/\/cordobadirecto.com\/wp-content\/uploads\/2025\/06\/que-esta-pasando-con-el-desempleo-y-por-que-es-un-punto-debil-del-modelo-libertario-2.jpg 768w, http:\/\/cordobadirecto.com\/wp-content\/uploads\/2025\/06\/que-esta-pasando-con-el-desempleo-y-por-que-es-un-punto-debil-del-modelo-libertario-3.jpg 750w\" sizes=\"(max-width: 987px) 100vw, 987px\" loading=\"lazy\">\n<\/p>\n<p><strong>Incertidumbre amesetada<\/strong>. Para sumar m\u00e1s piezas al mapa de la actividad real se puede incorporar el aporte del\u202fCentro de Anal\u00edtica Econ\u00f3mica y Empresarial de la Facultad de Ciencias Econ\u00f3micas de la Universidad Cat\u00f3lica Argentina que difundi\u00f3 los valores de su estudio sobre la percepci\u00f3n de la incertidumbre econ\u00f3mica.\n<\/p>\n<p>En ese sentido, se inform\u00f3 que en mayo la incertidumbre econ\u00f3mica&nbsp;<strong>retorn\u00f3 a valores t\u00edpicos de los meses recientes.<\/strong>&nbsp;Es decir,&nbsp;<strong>se revirti\u00f3 el salto observado en abril<\/strong>&nbsp;en el contexto del cambio en el r\u00e9gimen cambiario. De esta manera, la incertidumbre se posiciona en un rango similar a lo observado durante el bienio 2019-2020. Estos son valores significativamente m\u00e1s bajos que los de los a\u00f1os recientes (2021-2024), pero altos en comparaci\u00f3n a lo observado antes de la crisis del 2018.\n<\/p>\n<p>El valor del \u00edndice en el mes de mayo fue<strong>&nbsp;51,5.&nbsp;<\/strong>Es decir, en promedio, por cada 10.000 palabras en mensajes econ\u00f3micos, se detectaron 51,5 palabras vinculadas a incertidumbre.\n<\/p>\n<p>Esta \u00faltima medici\u00f3n revierte el importante salto de abril. En ese mes, en el contexto de la modificaci\u00f3n en el r\u00e9gimen cambiario, la incertidumbre se hab\u00eda disparado un 23%.\n<\/p>\n<p>Omitiendo este salto, durante la primera mitad de este a\u00f1o, la incertidumbre parece amesetarse en niveles similares a los del bienio 2019-2020. Es decir, se confirma un marcado descenso con respecto a lo experimentado en los \u00faltimos a\u00f1os (2022-2024).\n<\/p>\n<p>Con todo, queda un importante margen para una secuencia de descensos. Seg\u00fan los valores hist\u00f3ricos, la incertidumbre actual es mucho mayor a lo observado antes de la crisis del 2018. Por ejemplo, la medici\u00f3n m\u00e1s reciente, correspondiente a mayo 2025, es 25% superior al promedio del per\u00edodo 2015-2017.\n<\/p>\n<p><strong>\u00bfQu\u00e9 explica la incertidumbre econ\u00f3mica?<\/strong>&nbsp;Examinando en mayor detalle, se identificaron las&nbsp;<strong>preocupaciones que disparan expresiones relacionadas a la incertidumbre econ\u00f3mica.<\/strong>&nbsp;Para ello, se utilizaron grandes modelos de lenguaje para clasificar los mensajes que la expresan. Las principales observaciones sobre las preocupaciones manifestadas en los \u00faltimos meses fueron las siguientes:\n<\/p>\n<p>Luego del descenso observado a lo largo del a\u00f1o 2024, en la \u00faltima medici\u00f3n, se identifica un moderado aumento en la importancia de las preocupaciones referidas a&nbsp;<strong>inestabilidad econ\u00f3mica<\/strong>.\n<\/p>\n<p>Las preocupaciones referidas a&nbsp;<strong>pobreza y cuestiones laborales&nbsp;<\/strong>son detectadas en 4 de cada 10 mensajes que manifiestan incertidumbre en mayo de 2025.\n<\/p>\n<div class=\"g g-38\">\n<div class=\"g-dyn a-12 c-1\"><a class=\"gofollow\" data-track=\"MTIsMzgsMSw2MA==\" href=\"https:\/\/www.farmaciashpfarma.com.ar\/blog\/institucional\/beneficios-corporativos-en-campana-antigripal.html\" target=\"_blank\" rel=\"noopener\"><img src=\"http:\/\/cordobadirecto.com\/wp-content\/uploads\/2025\/06\/que-esta-pasando-con-el-desempleo-y-por-que-es-un-punto-debil-del-modelo-libertario.gif\" loading=\"lazy\"><\/a><\/div>\n<\/div>\n","protected":false},"excerpt":{"rendered":"<p>&nbsp; &nbsp; La actividad productiva real y el mercado laboral siguen mostrando n\u00fameros esquivos al modelo del gobierno nacional. Si la semana pasada la administraci\u00f3n de Javier Milei pudo festejar el alentador dato sobre la inflaci\u00f3n del mes de mayo -1,8%, la m\u00e1s baja en 5 a\u00f1os- poco hay de auspicioso en los n\u00fameros sobre [&hellip;]<\/p>\n","protected":false},"author":1,"featured_media":169054,"comment_status":"closed","ping_status":"closed","sticky":false,"template":"","format":"standard","meta":[],"categories":[25],"tags":[],"_links":{"self":[{"href":"http:\/\/cordobadirecto.com\/index.php\/wp-json\/wp\/v2\/posts\/169053"}],"collection":[{"href":"http:\/\/cordobadirecto.com\/index.php\/wp-json\/wp\/v2\/posts"}],"about":[{"href":"http:\/\/cordobadirecto.com\/index.php\/wp-json\/wp\/v2\/types\/post"}],"author":[{"embeddable":true,"href":"http:\/\/cordobadirecto.com\/index.php\/wp-json\/wp\/v2\/users\/1"}],"replies":[{"embeddable":true,"href":"http:\/\/cordobadirecto.com\/index.php\/wp-json\/wp\/v2\/comments?post=169053"}],"version-history":[{"count":0,"href":"http:\/\/cordobadirecto.com\/index.php\/wp-json\/wp\/v2\/posts\/169053\/revisions"}],"wp:featuredmedia":[{"embeddable":true,"href":"http:\/\/cordobadirecto.com\/index.php\/wp-json\/wp\/v2\/media\/169054"}],"wp:attachment":[{"href":"http:\/\/cordobadirecto.com\/index.php\/wp-json\/wp\/v2\/media?parent=169053"}],"wp:term":[{"taxonomy":"category","embeddable":true,"href":"http:\/\/cordobadirecto.com\/index.php\/wp-json\/wp\/v2\/categories?post=169053"},{"taxonomy":"post_tag","embeddable":true,"href":"http:\/\/cordobadirecto.com\/index.php\/wp-json\/wp\/v2\/tags?post=169053"}],"curies":[{"name":"wp","href":"https:\/\/api.w.org\/{rel}","templated":true}]}}