{"id":169091,"date":"2025-06-23T21:17:48","date_gmt":"2025-06-23T21:17:48","guid":{"rendered":"https:\/\/www.ole.com.ar\/autos\/kimi-antonelli-colegio-secundario-titulo-declaraciones-gran-premio-austria-formula-1-f1_0_Z2dwMuSYO6.html"},"modified":"2025-06-23T21:17:48","modified_gmt":"2025-06-23T21:17:48","slug":"en-la-previa-del-gp-de-austria-kimi-antonelli-aprobo-sus-examenes-y-termino-el-colegio","status":"publish","type":"post","link":"http:\/\/cordobadirecto.com\/index.php\/2025\/06\/23\/en-la-previa-del-gp-de-austria-kimi-antonelli-aprobo-sus-examenes-y-termino-el-colegio\/","title":{"rendered":"En la previa del GP de Austria, Kimi Antonelli aprob\u00f3 sus ex\u00e1menes y termin\u00f3 el colegio"},"content":{"rendered":"<p><time class=\"createDate\" datetime=\"2025-06-23T18:17:48-03:00\">23\/06\/2025 18:17hs.<\/time><\/p>\n<div id=\"storyBody\">\n<div class=\"custom-text \" readability=\"36.787564766839\">\n<p>Los pilotos de la <strong><a href=\"https:\/\/www.ole.com.ar\/tema\/formula-1.html\" title=\"F\u00f3rmula 1\" alt=\"F\u00f3rmula 1\" class=\"slug\">F\u00f3rmula 1<\/a><\/strong> son verdaderas celebridades, estrellas si se quiere, por lo que resulta simp\u00e1tico cuando uno es visto llevando a cabo una tarea que cualquier hijo de vecino har\u00eda. En este caso, quien cumpli\u00f3 con lo dicho fue el segundo volante de Mercedes, <strong><a href=\"https:\/\/www.ole.com.ar\/tema\/andrea-kimi-antonelli.html\" title=\"Andrea Kimi Antonelli\" alt=\"Andrea Kimi Antonelli\" class=\"slug\">Andrea Kimi Antonelli<\/a><\/strong>, quien <strong>aprob\u00f3 sus ex\u00e1menes y se recibi\u00f3 del secundario antes del Gran Premio de Austria<\/strong>.<\/p>\n<\/div>\n<div class=\"custom-text \" readability=\"43\">\n<p>Hasta el momento, junio est\u00e1 siendo un mes inolvidable para el oriundo de Bologna: en la jornada pasada, que tuvo lugar en Canad\u00e1, <strong>finaliz\u00f3 3\u00b0 y se convirti\u00f3 en el tercer conductor m\u00e1s joven en subir a un podio de la M\u00e1xima,<\/strong> <strong>con 18 a\u00f1os, 9 meses y 21 d\u00edas<\/strong>. El primero es<strong> <\/strong>Max Verstappen, quien gan\u00f3 el GP de Espa\u00f1a de 2016, con 18 a\u00f1os, 7 meses y 15 d\u00edas.<strong> <\/strong>Lance Stroll se qued\u00f3 a 12 d\u00edas de igualarlo tras su tercer puesto en Azerbaiy\u00e1n 2017.<\/p>\n<\/div>\n<div class=\"sc-e7b891c4-0 ifHnQL image-embed\"><img alt=\"El italiano (3\u00b0) comparte el podio junto a su compa\u00f1ero, el brit\u00e1nico George Russel (1\u00b0).\" loading=\"lazy\" width=\"720\" height=\"100\" decoding=\"async\" data-nimg=\"1\" src=\"http:\/\/cordobadirecto.com\/wp-content\/uploads\/2025\/06\/en-la-previa-del-gp-de-austria-kimi-antonelli-aprobo-sus-examenes-y-termino-el-colegio.jpg\"><span class=\"epigraphe\">El italiano (3\u00b0) comparte el podio junto a su compa\u00f1ero, el brit\u00e1nico George Russel (1\u00b0).<\/span><\/div>\n<div class=\"custom-text \" readability=\"40\">\n<p>Adem\u00e1s de dicho logro, este lunes consigui\u00f3 otro fuera de las pistas. Antes de correr este fin de semana, <strong>anunci\u00f3 a trav\u00e9s de una historia en su Instagram personal que aprob\u00f3 su \u00faltimo ex\u00e1men<\/strong> y termin\u00f3 el colegio: &#8220;Promosso&#8221;, recibido en italiano, escribi\u00f3 en la publicaci\u00f3n, mientras posaba con una corona de cintas y laureles.<\/p>\n<\/div>\n<div class=\"sc-e7b891c4-0 ifHnQL image-embed\"><img alt=\"La historia de Kimi tras terminar el colegio. (Foto: @Kimi.Antonelli)\" loading=\"lazy\" width=\"720\" height=\"100\" decoding=\"async\" data-nimg=\"1\" src=\"http:\/\/cordobadirecto.com\/wp-content\/uploads\/2025\/06\/en-la-previa-del-gp-de-austria-kimi-antonelli-aprobo-sus-examenes-y-termino-el-colegio-1.jpg\"><span class=\"epigraphe\">La historia de Kimi tras terminar el colegio. (Foto: @Kimi.Antonelli)<\/span><\/div>\n<p><h2><strong>Los medios de Italia fueron a la escuela de Antonelli para cubrir c\u00f3mo le fue&#8230; Y \u00e9l declar\u00f3<\/strong><\/h2>\n<\/p>\n<div class=\"custom-text \" readability=\"40\">\n<p>Por su condici\u00f3n de piloto de F1, la recta final de Kimi en la secundaria no fue como la de cualquier estudiante com\u00fan. <strong>Cada vez que sal\u00eda de rendir un examen, media docenas de periodistas lo esperaban<\/strong> para preguntarle c\u00f3mo cre\u00eda que le hab\u00eda ido. A lo que Antonelli respond\u00eda como si reci\u00e9n terminara una carrera de la M\u00e1xima. \u201cEstaba bastante estresado, porque <strong>no tuve mucho tiempo para estudiar, pero hice lo mejor que pude<\/strong>. Ahora, a esperar el resultado&#8221;.<\/p>\n<\/div>\n<div class=\"custom-embedhtml\" readability=\"6.8487084870849\">\n<blockquote class=\"twitter-tweet\" readability=\"7.7047970479705\">\n<p lang=\"es\" dir=\"ltr\">Los medios Italianos fueron a la escuela de Andrea Kimi Antonelli despu\u00e9s de salir de su examen \ud83d\ude02<\/p>\n<p>&#8220;Hice mi mejor esfuerzo y ahora s\u00f3lo queda esperar el resultado y la entrega de boletas&#8221;<a href=\"https:\/\/t.co\/4BkDDFEJ4L\">pic.twitter.com\/4BkDDFEJ4L<\/a><\/p>\n<p>\u2014 \ud83c\udfc1\u3010 Alerta F1 \u3011\ud83c\udfc1 (@AlertaF1) <a href=\"https:\/\/twitter.com\/AlertaF1\/status\/1935439465092444206?ref_src=twsrc%5Etfw\">June 18, 2025<\/a><\/p><\/blockquote><\/div>\n<div class=\"custom-text \" readability=\"35\">\n<p>Tambi\u00e9n a\u00f1adi\u00f3 que quer\u00eda completar las pruebas que inclu\u00edan secciones tanto escritas como orales <strong>para poder concentrarse a tiempo completo en la pr\u00f3xima fecha en Austria<\/strong>. Y sentenci\u00f3 respondiendo cu\u00e1l fue su materia favorita: &#8220;Ingl\u00e9s, porque fue la que me result\u00f3 m\u00e1s f\u00e1cil\u201d.<\/p>\n<\/div>\n<div class=\"custom-text \" readability=\"34\">\n<p>Ahora s\u00ed, a rendir examen en los fines de semana de la M\u00e1xima. El secundario ya lo tiene aprobado.<\/p>\n<\/div>\n<div class=\"sc-a7166897-0 eoLsBE\" readability=\"6\">\n<section readability=\"2\"><picture><img alt=\"El mensaje de Franco Colapinto a una semana del GP de Austria\" loading=\"lazy\" width=\"290\" height=\"290\" decoding=\"async\" data-nimg=\"1\" src=\"http:\/\/cordobadirecto.com\/wp-content\/uploads\/2025\/06\/en-la-previa-del-gp-de-austria-kimi-antonelli-aprobo-sus-examenes-y-termino-el-colegio-2.jpg\"><\/picture>\n<p><span>Mir\u00e1 tambi\u00e9n<\/span><\/p>\n<hr>\n<h3>El mensaje de Franco Colapinto a una semana del GP de Austria<\/h3>\n<\/p>\n<\/section>\n<\/div>\n<div class=\"sc-a7166897-0 eoLsBE\" readability=\"7\">\n<section readability=\"4\"><picture><img alt=\"Un triunfo, cuatro podios y una premonici\u00f3n: los buenos antecedentes de Franco Colapinto de cara al GP de Austria\" loading=\"lazy\" width=\"290\" height=\"290\" decoding=\"async\" data-nimg=\"1\" src=\"http:\/\/cordobadirecto.com\/wp-content\/uploads\/2025\/06\/en-la-previa-del-gp-de-austria-kimi-antonelli-aprobo-sus-examenes-y-termino-el-colegio-3.jpg\"><\/picture>\n<p><span>Mir\u00e1 tambi\u00e9n<\/span><\/p>\n<hr>\n<h3>Un triunfo, cuatro podios y una premonici\u00f3n: los buenos antecedentes de Franco Colapinto de cara al GP de Austria<\/h3>\n<\/p>\n<\/section>\n<\/div>\n<div class=\"sc-a7166897-0 eoLsBE\" readability=\"6\">\n<section readability=\"2\"><picture><img alt=\"El deseo que mantiene en vilo a Fernando Alonso \" loading=\"lazy\" width=\"290\" height=\"290\" decoding=\"async\" data-nimg=\"1\" src=\"http:\/\/cordobadirecto.com\/wp-content\/uploads\/2025\/06\/en-la-previa-del-gp-de-austria-kimi-antonelli-aprobo-sus-examenes-y-termino-el-colegio-4.jpg\"><\/picture>\n<p><span>Mir\u00e1 tambi\u00e9n<\/span><\/p>\n<hr>\n<h3>El deseo que mantiene en vilo a Fernando Alonso <\/h3>\n<\/p>\n<\/section>\n<\/div>\n<\/div>\n","protected":false},"excerpt":{"rendered":"<p>23\/06\/2025 18:17hs. Los pilotos de la F\u00f3rmula 1 son verdaderas celebridades, estrellas si se quiere, por lo que resulta simp\u00e1tico cuando uno es visto llevando a cabo una tarea que cualquier hijo de vecino har\u00eda. En este caso, quien cumpli\u00f3 con lo dicho fue el segundo volante de Mercedes, Andrea Kimi Antonelli, quien aprob\u00f3 sus [&hellip;]<\/p>\n","protected":false},"author":1,"featured_media":169092,"comment_status":"closed","ping_status":"closed","sticky":false,"template":"","format":"standard","meta":[],"categories":[21],"tags":[],"_links":{"self":[{"href":"http:\/\/cordobadirecto.com\/index.php\/wp-json\/wp\/v2\/posts\/169091"}],"collection":[{"href":"http:\/\/cordobadirecto.com\/index.php\/wp-json\/wp\/v2\/posts"}],"about":[{"href":"http:\/\/cordobadirecto.com\/index.php\/wp-json\/wp\/v2\/types\/post"}],"author":[{"embeddable":true,"href":"http:\/\/cordobadirecto.com\/index.php\/wp-json\/wp\/v2\/users\/1"}],"replies":[{"embeddable":true,"href":"http:\/\/cordobadirecto.com\/index.php\/wp-json\/wp\/v2\/comments?post=169091"}],"version-history":[{"count":0,"href":"http:\/\/cordobadirecto.com\/index.php\/wp-json\/wp\/v2\/posts\/169091\/revisions"}],"wp:featuredmedia":[{"embeddable":true,"href":"http:\/\/cordobadirecto.com\/index.php\/wp-json\/wp\/v2\/media\/169092"}],"wp:attachment":[{"href":"http:\/\/cordobadirecto.com\/index.php\/wp-json\/wp\/v2\/media?parent=169091"}],"wp:term":[{"taxonomy":"category","embeddable":true,"href":"http:\/\/cordobadirecto.com\/index.php\/wp-json\/wp\/v2\/categories?post=169091"},{"taxonomy":"post_tag","embeddable":true,"href":"http:\/\/cordobadirecto.com\/index.php\/wp-json\/wp\/v2\/tags?post=169091"}],"curies":[{"name":"wp","href":"https:\/\/api.w.org\/{rel}","templated":true}]}}