{"id":169093,"date":"2025-06-23T20:11:23","date_gmt":"2025-06-23T20:11:23","guid":{"rendered":"https:\/\/www.ole.com.ar\/autos\/franco-colapinto-circuito-austria-formula-1-conoce-bien_0_YTeyPfGBYX.html"},"modified":"2025-06-23T20:11:23","modified_gmt":"2025-06-23T20:11:23","slug":"un-triunfo-cuatro-podios-y-una-premonicion-los-buenos-antecedentes-de-franco-colapinto-de-cara-al-gp-de-austria","status":"publish","type":"post","link":"http:\/\/cordobadirecto.com\/index.php\/2025\/06\/23\/un-triunfo-cuatro-podios-y-una-premonicion-los-buenos-antecedentes-de-franco-colapinto-de-cara-al-gp-de-austria\/","title":{"rendered":"Un triunfo, cuatro podios y una premonici\u00f3n: los buenos antecedentes de Franco Colapinto de cara al GP de Austria"},"content":{"rendered":"<p><time class=\"createDate\" datetime=\"2025-06-23T17:11:23-03:00\">23\/06\/2025 17:11hs.<\/time><\/p>\n<div id=\"storyBody\">\n<div class=\"custom-text \" readability=\"39.06976744186\">\n<p>S\u00ed se\u00f1oras y se\u00f1ores, es semana de <strong><a href=\"https:\/\/www.ole.com.ar\/tema\/formula-1.html\" title=\"F\u00f3rmula 1\" alt=\"F\u00f3rmula 1\" class=\"slug\">F\u00f3rmula 1<\/a><\/strong> tras el par\u00e9ntesis de siete d\u00edas desde el GP de Canad\u00e1, que se corri\u00f3 el 15 de junio. La prueba sin puntos para <strong>Alpine<\/strong>, con un 15\u00b0 lugar para Pierre Gasly y el 13\u00b0 de Franco Colapinto, <strong>quien anduvo muy bien en la qualy<\/strong> (por primera vez con este equipo se meti\u00f3 en la Q2), aunque le falt\u00f3 pimienta a su Alpine para prosperar en un circuito angosto como el Gilles-Villeneuve.<\/p>\n<\/div>\n<div class=\"custom-text \" readability=\"46\">\n<p>Ahora la M\u00e1xima se traslada al <strong>Red Bull Ring de Spielberg, Austria<\/strong>, un circuito caracterizado por su combinaci\u00f3n de rectas r\u00e1pidas y curvas exigentes, que espera a los pilotos con 71 giros de 4,326 km cada una para un total de 306,58 km su recorrido. El r\u00e9cord de vuelta lo tiene <strong>Carlos Sainz<\/strong>, quien registr\u00f3 1:05,619 en el 2020. A diferencia del a\u00f1o pasado, no habr\u00e1 Sprint, sino que ser\u00e1 una carrera convencional, con tres pr\u00e1cticas, una clasificaci\u00f3n y la prueba del domingo.<\/p>\n<\/div>\n<div class=\"sc-e7b891c4-0 ifHnQL image-embed\"><img alt=\"El Alpine de Franco Colapinto en Canad\u00e1.\" loading=\"lazy\" width=\"720\" height=\"100\" decoding=\"async\" data-nimg=\"1\" src=\"http:\/\/cordobadirecto.com\/wp-content\/uploads\/2025\/06\/un-triunfo-cuatro-podios-y-una-premonicion-los-buenos-antecedentes-de-franco-colapinto-de-cara-al-gp-de-austria.jpg\"><span class=\"epigraphe\">El Alpine de Franco Colapinto en Canad\u00e1.<\/span><\/div>\n<p><h2>Los buenos antecedentes que re\u00fane Franco Colapinto en Austria<\/h2>\n<\/p>\n<div class=\"custom-text \" readability=\"41\">\n<p>El argentino llega al trazado europeo para la 11a fecha envuelto en buenos recuerdos y sensaciones. De entrada, es uno de los que m\u00e1s conoce, <strong>ya que viene corriendo al menos dos carreras por a\u00f1o desde el 2021<\/strong>, juntando nueve, nada menos, aunque es cierto que ser\u00e1 su debut en la M\u00e1xima. <strong>La cuenta da que Fran llega con una victoria, incluida en sus cuatro podios<\/strong>.<\/p>\n<\/div>\n<p><h2>A\u00f1o a a\u00f1o, Franco Colapinto en el Red Bull Ring<\/h2>\n<\/p>\n<div class=\"custom-text \" readability=\"45\">\n<p>En el 2021, el bonaerense de 22 a\u00f1os corri\u00f3 en dos categor\u00edas distintas all\u00ed. En la European Le Mans Series, cosech\u00f3 un segundo puesto para el G-Drive Racing ruso, en un torneo de seis carreras en el que fue cuarto. Mientras que en la <strong>F\u00f3rmula Regional Europe by Alpine<\/strong> (toda una premonici\u00f3n), gan\u00f3 la prueba Sprint austr\u00edaca, en una de las 10 doble jornadas del campeonato en el que termin\u00f3 6\u00b0. Ese 11 y 12 de septiembre, Colapinto brill\u00f3: no solo en la Sprint fue 1\u00b0, sino que tambi\u00e9n lider\u00f3 la qualy y registr\u00f3 la vuelta m\u00e1s r\u00e1pida; en la del domingo, tambi\u00e9n gan\u00f3 la clasificaci\u00f3n y anot\u00f3 el giro m\u00e1s veloz, pero figur\u00f3 4\u00b0 con el Motorsport. Todos los autos eran Tatuus T-318-Alpine, marca que pon\u00eda los motores.<\/p>\n<\/div>\n<div class=\"sc-e7b891c4-0 ifHnQL image-embed\"><img alt=\"El podio de Colapinto en Austria para la F\u00f3rmula 3.\" loading=\"lazy\" width=\"720\" height=\"100\" decoding=\"async\" data-nimg=\"1\" src=\"http:\/\/cordobadirecto.com\/wp-content\/uploads\/2025\/06\/un-triunfo-cuatro-podios-y-una-premonicion-los-buenos-antecedentes-de-franco-colapinto-de-cara-al-gp-de-austria-1.jpg\"><span class=\"epigraphe\">El podio de Colapinto en Austria para la F\u00f3rmula 3.<\/span><\/div>\n<div class=\"custom-text \" readability=\"41\">\n<p>Al a\u00f1o siguiente, 2022, con el Van Amersfoort Racing, ya Franco se meti\u00f3 en el mundo de la F\u00f3rmula 1 al ingresar en una de sus teloneras, la <strong>F\u00f3rmula 3<\/strong>. Con esa categor\u00eda, en Austria <strong>fue 3\u00b0 en el Sprint y 6\u00b0 en la carrera del domingo<\/strong>. En el 2023 sigui\u00f3 en la F3 y acumul\u00f3 un <strong>13\u00b0 y 4\u00b0 lugares, respectivamente<\/strong>.<\/p>\n<\/div>\n<div class=\"custom-text \" readability=\"47\">\n<p>Ya en la <strong>F\u00f3rmula 2<\/strong>, en el 2024, con el MP Motorsport, <strong>Colapinto fue 11\u00b0 en el Sprint y logr\u00f3 el mejor resultado en la carrera del domingo, 2\u00b0<\/strong>. El 30 de junio de ese a\u00f1o, si bien delante de \u00e9l qued\u00f3 <strong>Gabriel Bortoleto<\/strong>, con el cual hoy comparten la F1, Franco dio una c\u00e1tedra de manejo. De hecho, cuando el brasile\u00f1o fue a boxes, lider\u00f3 la prueba, y cuando \u00e9l se meti\u00f3 en los pits, y pese a regresar 8\u00b0 a la pista, logr\u00f3 superar a sus rivales hasta llegar al puesto que lo permiti\u00f3 subir al segundo escal\u00f3n del podio. <\/p>\n<\/div>\n<div class=\"sc-e7b891c4-0 ifHnQL image-embed\"><img alt=\"El podio de Colapinto en Austria para la F\u00f3rmula 2.\" loading=\"lazy\" width=\"720\" height=\"100\" decoding=\"async\" data-nimg=\"1\" src=\"http:\/\/cordobadirecto.com\/wp-content\/uploads\/2025\/06\/un-triunfo-cuatro-podios-y-una-premonicion-los-buenos-antecedentes-de-franco-colapinto-de-cara-al-gp-de-austria-2.jpg\"><span class=\"epigraphe\">El podio de Colapinto en Austria para la F\u00f3rmula 2.<\/span><\/div>\n<div class=\"custom-text \" readability=\"37\">\n<p>Con semejante experiencia en el asfalto donde la F1 corri\u00f3 por primera vez en 1970 m\u00e1s la que suma en el simulador, <strong>el argentino est\u00e1 ante una gran chance de tener un buen fin de semana de carreras<\/strong>. Lo malo: los 30 caballos de fuerza de diferencia que los otros motores le sacan al de marca Renault que hacen andar a los dos Alpine, y el a\u00f1o que viene ser\u00e1n sustituidos por dos de Mercedes.<\/p>\n<\/div>\n<div class=\"sc-a7166897-0 eoLsBE\" readability=\"6.5\">\n<section readability=\"3\"><picture><img alt=\"Qui\u00e9n es el gran amigo de Franco Colapinto que gan\u00f3 la Final del TC Pista en Posadas\" loading=\"lazy\" width=\"290\" height=\"290\" decoding=\"async\" data-nimg=\"1\" src=\"http:\/\/cordobadirecto.com\/wp-content\/uploads\/2025\/06\/un-triunfo-cuatro-podios-y-una-premonicion-los-buenos-antecedentes-de-franco-colapinto-de-cara-al-gp-de-austria-3.jpg\"><\/picture>\n<p><span>Mir\u00e1 tambi\u00e9n<\/span><\/p>\n<hr>\n<h3>Qui\u00e9n es el gran amigo de Franco Colapinto que gan\u00f3 la Final del TC Pista en Posadas<\/h3>\n<\/p>\n<\/section>\n<\/div>\n<div class=\"sc-a7166897-0 eoLsBE\" readability=\"6\">\n<section readability=\"2\"><picture><img alt=\"El mensaje de Franco Colapinto a una semana del GP de Austria\" loading=\"lazy\" width=\"290\" height=\"290\" decoding=\"async\" data-nimg=\"1\" src=\"http:\/\/cordobadirecto.com\/wp-content\/uploads\/2025\/06\/un-triunfo-cuatro-podios-y-una-premonicion-los-buenos-antecedentes-de-franco-colapinto-de-cara-al-gp-de-austria-4.jpg\"><\/picture>\n<p><span>Mir\u00e1 tambi\u00e9n<\/span><\/p>\n<hr>\n<h3>El mensaje de Franco Colapinto a una semana del GP de Austria<\/h3>\n<\/p>\n<\/section>\n<\/div>\n<div class=\"sc-a7166897-0 eoLsBE\" readability=\"6.5\">\n<section readability=\"3\"><picture><img alt=\"Valent\u00edn Perrone larg\u00f3 \u00faltimo y logr\u00f3 una remontada incre\u00edble en el GP de Italia de Moto3\" loading=\"lazy\" width=\"290\" height=\"290\" decoding=\"async\" data-nimg=\"1\" src=\"http:\/\/cordobadirecto.com\/wp-content\/uploads\/2025\/06\/un-triunfo-cuatro-podios-y-una-premonicion-los-buenos-antecedentes-de-franco-colapinto-de-cara-al-gp-de-austria-5.jpg\"><\/picture>\n<p><span>Mir\u00e1 tambi\u00e9n<\/span><\/p>\n<hr>\n<h3>Valent\u00edn Perrone larg\u00f3 \u00faltimo y logr\u00f3 una remontada incre\u00edble en el GP de Italia de Moto3<\/h3>\n<\/p>\n<\/section>\n<\/div>\n<\/div>\n","protected":false},"excerpt":{"rendered":"<p>23\/06\/2025 17:11hs. S\u00ed se\u00f1oras y se\u00f1ores, es semana de F\u00f3rmula 1 tras el par\u00e9ntesis de siete d\u00edas desde el GP de Canad\u00e1, que se corri\u00f3 el 15 de junio. La prueba sin puntos para Alpine, con un 15\u00b0 lugar para Pierre Gasly y el 13\u00b0 de Franco Colapinto, quien anduvo muy bien en la qualy [&hellip;]<\/p>\n","protected":false},"author":1,"featured_media":169094,"comment_status":"closed","ping_status":"closed","sticky":false,"template":"","format":"standard","meta":[],"categories":[21],"tags":[],"_links":{"self":[{"href":"http:\/\/cordobadirecto.com\/index.php\/wp-json\/wp\/v2\/posts\/169093"}],"collection":[{"href":"http:\/\/cordobadirecto.com\/index.php\/wp-json\/wp\/v2\/posts"}],"about":[{"href":"http:\/\/cordobadirecto.com\/index.php\/wp-json\/wp\/v2\/types\/post"}],"author":[{"embeddable":true,"href":"http:\/\/cordobadirecto.com\/index.php\/wp-json\/wp\/v2\/users\/1"}],"replies":[{"embeddable":true,"href":"http:\/\/cordobadirecto.com\/index.php\/wp-json\/wp\/v2\/comments?post=169093"}],"version-history":[{"count":0,"href":"http:\/\/cordobadirecto.com\/index.php\/wp-json\/wp\/v2\/posts\/169093\/revisions"}],"wp:featuredmedia":[{"embeddable":true,"href":"http:\/\/cordobadirecto.com\/index.php\/wp-json\/wp\/v2\/media\/169094"}],"wp:attachment":[{"href":"http:\/\/cordobadirecto.com\/index.php\/wp-json\/wp\/v2\/media?parent=169093"}],"wp:term":[{"taxonomy":"category","embeddable":true,"href":"http:\/\/cordobadirecto.com\/index.php\/wp-json\/wp\/v2\/categories?post=169093"},{"taxonomy":"post_tag","embeddable":true,"href":"http:\/\/cordobadirecto.com\/index.php\/wp-json\/wp\/v2\/tags?post=169093"}],"curies":[{"name":"wp","href":"https:\/\/api.w.org\/{rel}","templated":true}]}}