{"id":169109,"date":"2025-06-23T20:23:34","date_gmt":"2025-06-23T20:23:34","guid":{"rendered":"https:\/\/cordoba.gob.ar\/?p=78828"},"modified":"2025-06-23T20:23:34","modified_gmt":"2025-06-23T20:23:34","slug":"este-martes-comienza-una-nueva-edicion-de-la-semana-de-la-prevencion-de-las-adicciones","status":"publish","type":"post","link":"http:\/\/cordobadirecto.com\/index.php\/2025\/06\/23\/este-martes-comienza-una-nueva-edicion-de-la-semana-de-la-prevencion-de-las-adicciones\/","title":{"rendered":"Este martes comienza una nueva edici\u00f3n de la Semana de la Prevenci\u00f3n de las Adicciones"},"content":{"rendered":"<div><img src=\"http:\/\/cordobadirecto.com\/wp-content\/uploads\/2025\/06\/este-martes-comienza-una-nueva-edicion-de-la-semana-de-la-prevencion-de-las-adicciones.jpg\" class=\"ff-og-image-inserted\"><\/div>\n<ul class=\"ak-ul\" data-prosemirror-content-type=\"node\" data-prosemirror-node-name=\"bulletList\" data-prosemirror-node-block=\"true\" readability=\"-0.5\">\n<li data-prosemirror-content-type=\"node\" data-prosemirror-node-name=\"listItem\" data-prosemirror-node-block=\"true\" readability=\"-1\">\n<p data-prosemirror-content-type=\"node\" data-prosemirror-node-name=\"paragraph\" data-prosemirror-node-block=\"true\"><strong>Hasta el 29 de junio se llevar\u00e1n diversas actividades en varios puntos de la ciudad.<\/strong><\/p>\n<\/li>\n<li data-prosemirror-content-type=\"node\" data-prosemirror-node-name=\"listItem\" data-prosemirror-node-block=\"true\" readability=\"0\">\n<p data-prosemirror-content-type=\"node\" data-prosemirror-node-name=\"paragraph\" data-prosemirror-node-block=\"true\"><strong>Se trata de sensibilizar, dise\u00f1ar e implementar acciones de prevenci\u00f3n y concientizaci\u00f3n.<\/strong><\/p>\n<\/li>\n<\/ul>\n<hr>\n<p data-prosemirror-content-type=\"node\" data-prosemirror-node-name=\"paragraph\" data-prosemirror-node-block=\"true\">La Municipalidad de C\u00f3rdoba da inicio a una nueva edici\u00f3n de la Semana de la Prevenci\u00f3n de las Adicciones, en el marco del D\u00eda Internacional de la Lucha contra el Uso Incorrecto y el Tr\u00e1fico Il\u00edcito de Drogas que se conmemora cada 26 de junio.<\/p>\n<p data-prosemirror-content-type=\"node\" data-prosemirror-node-name=\"paragraph\" data-prosemirror-node-block=\"true\">Con diversas intervenciones, la Municipalidad busca sensibilizar, dise\u00f1ar e implementar acciones de prevenci\u00f3n sobre los consumos problem\u00e1ticos con el fin de visibilizar las distintas alternativas de prevenci\u00f3n, atenci\u00f3n y asistencia que existen en la ciudad de C\u00f3rdoba, como tambi\u00e9n aquellas expresiones art\u00edsticas vinculadas a esos espacios.<\/p>\n<p data-prosemirror-content-type=\"node\" data-prosemirror-node-name=\"paragraph\" data-prosemirror-node-block=\"true\">Por tal motivo, desde este lunes 23 y hasta el 29 de junio, se llevar\u00e1n a cabo propuestas articuladas con las instituciones del territorio que conforman el Consejo Municipal de Pol\u00edticas Integrales de Salud Mental y Consumo Problem\u00e1tico (COPIPRED).<\/p>\n<p data-prosemirror-content-type=\"node\" data-prosemirror-node-name=\"paragraph\" data-prosemirror-node-block=\"true\"><strong data-prosemirror-content-type=\"mark\" data-prosemirror-mark-name=\"strong\">Cronograma de actividades<\/strong><\/p>\n<p data-prosemirror-content-type=\"node\" data-prosemirror-node-name=\"paragraph\" data-prosemirror-node-block=\"true\"><strong data-prosemirror-content-type=\"mark\" data-prosemirror-mark-name=\"strong\">Martes 24,<\/strong> de 10.00 a 16.00 horas: actividad abierta orientada a j\u00f3venes en el Centro Municipal de Asistencia en Salud Mental y Adicciones \u201cLazos\u201d (Bv. Castro Barros 559), donde habr\u00e1 una radio abierta, proyecci\u00f3n de cortos documentales, muraleada, juegos, testeos de ITS y conserjer\u00eda de salud sexual.<\/p>\n<p data-prosemirror-content-type=\"node\" data-prosemirror-node-name=\"paragraph\" data-prosemirror-node-block=\"true\"><strong data-prosemirror-content-type=\"mark\" data-prosemirror-mark-name=\"strong\">Martes 25<\/strong>, 15:00 horas: participaci\u00f3n en el 1er Congreso Arquidiocesano de la Pastoral de Adicciones de C\u00f3rdoba, en el panel Pol\u00edticas P\u00fablicas en la sede central de la Universidad Cat\u00f3lica de C\u00f3rdoba de calle Obispo Trejo.<\/p>\n<p data-prosemirror-content-type=\"node\" data-prosemirror-node-name=\"paragraph\" data-prosemirror-node-block=\"true\"><strong data-prosemirror-content-type=\"mark\" data-prosemirror-mark-name=\"strong\">Jueves 26<\/strong>, de 9:00 a 13:00 horas: cuarta edici\u00f3n de la Expo #CbaPreviene, en la explanada de la Plaza San Mart\u00edn. En el lugar habr\u00e1 una muestra con stands informativos, juegos interactivos, n\u00fameros art\u00edsticos, conversatorios, talleres y exposici\u00f3n de productos de la econom\u00eda popular.<\/p>\n<p data-prosemirror-content-type=\"node\" data-prosemirror-node-name=\"paragraph\" data-prosemirror-node-block=\"true\"><strong data-prosemirror-content-type=\"mark\" data-prosemirror-mark-name=\"strong\">Viernes 27<\/strong> de 9:00 a 13:00 horas se llevar\u00e1 a cabo la tercera clase de la Diplomatura en Salud Mental y los Consumos Problem\u00e1ticos: \u201cAbordajes desde la perspectiva del cuidado integral y el trabajo en red\u201d.<\/p>\n<p data-prosemirror-content-type=\"node\" data-prosemirror-node-name=\"paragraph\" data-prosemirror-node-block=\"true\">En esta ocasi\u00f3n, Sebasti\u00e1n Bertucelli disertar\u00e1 sobre las experiencias de trabajo en relaci\u00f3n a la Red de servicios y Cuidados en Salud Mental y Adicciones en la Ciudad de C\u00f3rdoba.<\/p>\n<p data-prosemirror-content-type=\"node\" data-prosemirror-node-name=\"paragraph\" data-prosemirror-node-block=\"true\">Por la tarde, de 15:00 a 20:00 horas el Centro de Acompa\u00f1amiento Comunitario \u201cJaire\u201d se realizar\u00e1 una exposici\u00f3n en distintas postas donde se informar\u00e1 sobre los talleres que realiza el centro, conversando con la comunidad en torno a la problem\u00e1tica de las adicciones.<\/p>\n<p data-prosemirror-content-type=\"node\" data-prosemirror-node-name=\"paragraph\" data-prosemirror-node-block=\"true\"><strong data-prosemirror-content-type=\"mark\" data-prosemirror-mark-name=\"strong\">Domingo 29<\/strong>, de 12:00 a 18:00 horas: Festival Comunitario \u201cEn el barrio pasan cosas lindas\u201d, en el Polideportivo 66, sobre calle Berutti 3700 de barrio Muller.<\/p>\n<p data-prosemirror-content-type=\"node\" data-prosemirror-node-name=\"paragraph\" data-prosemirror-node-block=\"true\">Los asistentes podr\u00e1n disfrutar de un rico locro, stands informativos, ferias y shows con la Orquesta Barrial, academia \u201cRa\u00edces de mi Tierra\u201d, Sergio Andr\u00e9s, Champuhouse, B.B.E Rap y muchos m\u00e1s.<\/p>\n<p data-prosemirror-content-type=\"node\" data-prosemirror-node-name=\"paragraph\" data-prosemirror-node-block=\"true\">El cierre de la semana de la Prevenci\u00f3n de las Adicciones es organizado junto a la parroquia Crucifixi\u00f3n del Se\u00f1or, ATAJO, Secretar\u00eda de Cultura, y la Fundaci\u00f3n Moviendo Monta\u00f1as del Padre Oberlin.<\/p>\n","protected":false},"excerpt":{"rendered":"<p>Hasta el 29 de junio se llevar\u00e1n diversas actividades en varios puntos de la ciudad. Se trata de sensibilizar, dise\u00f1ar e implementar acciones de prevenci\u00f3n y concientizaci\u00f3n. La Municipalidad de C\u00f3rdoba da inicio a una nueva edici\u00f3n de la Semana de la Prevenci\u00f3n de las Adicciones, en el marco del D\u00eda Internacional de la Lucha [&hellip;]<\/p>\n","protected":false},"author":1,"featured_media":169110,"comment_status":"closed","ping_status":"closed","sticky":false,"template":"","format":"standard","meta":[],"categories":[44],"tags":[],"_links":{"self":[{"href":"http:\/\/cordobadirecto.com\/index.php\/wp-json\/wp\/v2\/posts\/169109"}],"collection":[{"href":"http:\/\/cordobadirecto.com\/index.php\/wp-json\/wp\/v2\/posts"}],"about":[{"href":"http:\/\/cordobadirecto.com\/index.php\/wp-json\/wp\/v2\/types\/post"}],"author":[{"embeddable":true,"href":"http:\/\/cordobadirecto.com\/index.php\/wp-json\/wp\/v2\/users\/1"}],"replies":[{"embeddable":true,"href":"http:\/\/cordobadirecto.com\/index.php\/wp-json\/wp\/v2\/comments?post=169109"}],"version-history":[{"count":0,"href":"http:\/\/cordobadirecto.com\/index.php\/wp-json\/wp\/v2\/posts\/169109\/revisions"}],"wp:featuredmedia":[{"embeddable":true,"href":"http:\/\/cordobadirecto.com\/index.php\/wp-json\/wp\/v2\/media\/169110"}],"wp:attachment":[{"href":"http:\/\/cordobadirecto.com\/index.php\/wp-json\/wp\/v2\/media?parent=169109"}],"wp:term":[{"taxonomy":"category","embeddable":true,"href":"http:\/\/cordobadirecto.com\/index.php\/wp-json\/wp\/v2\/categories?post=169109"},{"taxonomy":"post_tag","embeddable":true,"href":"http:\/\/cordobadirecto.com\/index.php\/wp-json\/wp\/v2\/tags?post=169109"}],"curies":[{"name":"wp","href":"https:\/\/api.w.org\/{rel}","templated":true}]}}