{"id":169111,"date":"2025-06-23T17:29:43","date_gmt":"2025-06-23T17:29:43","guid":{"rendered":"https:\/\/cordoba.gob.ar\/?p=78824"},"modified":"2025-06-23T17:29:43","modified_gmt":"2025-06-23T17:29:43","slug":"ente-metropolitano-equipos-municipales-se-capacitaron-en-problematicas-sanitarias-emergentes","status":"publish","type":"post","link":"http:\/\/cordobadirecto.com\/index.php\/2025\/06\/23\/ente-metropolitano-equipos-municipales-se-capacitaron-en-problematicas-sanitarias-emergentes\/","title":{"rendered":"Ente Metropolitano: equipos municipales se capacitaron en problem\u00e1ticas sanitarias emergentes"},"content":{"rendered":"<div><img src=\"http:\/\/cordobadirecto.com\/wp-content\/uploads\/2025\/06\/ente-metropolitano-equipos-municipales-se-capacitaron-en-problematicas-sanitarias-emergentes.jpg\" class=\"ff-og-image-inserted\"><\/div>\n<ul>\n<li data-prosemirror-content-type=\"node\" data-prosemirror-node-name=\"paragraph\" data-prosemirror-node-block=\"true\"><strong>En total ser\u00e1n 130 profesionales de los 16 miembros del Ente y otros en proceso de adhesi\u00f3n.<\/strong><\/li>\n<\/ul>\n<hr>\n<p data-prosemirror-content-type=\"node\" data-prosemirror-node-name=\"paragraph\" data-prosemirror-node-block=\"true\">Con la participaci\u00f3n de 50 personas de equipos de salud municipales, Defensa Civil, bomberos voluntarios y fuerzas de seguridad de distintas localidades, comenz\u00f3 el primer encuentro del ciclo de capacitaciones en salud, dictada por la Municipalidad de C\u00f3rdoba, en articulaci\u00f3n con el Ente Metropolitano.<\/p>\n<p data-prosemirror-content-type=\"node\" data-prosemirror-node-name=\"paragraph\" data-prosemirror-node-block=\"true\">La iniciativa estrat\u00e9gica combina instancias te\u00f3ricas y pr\u00e1cticas y busca fortalecer las capacidades institucionales y comunitarias en salud. Alcanzar\u00e1 a 130 profesionales de las 16 localidades que integran el Ente Metropolitano y otras en proceso de adhesi\u00f3n.<\/p>\n<p data-prosemirror-content-type=\"node\" data-prosemirror-node-name=\"paragraph\" data-prosemirror-node-block=\"true\">El primer encuentro del seminario, titulado \u201cMon\u00f3xido de carbono: prevenci\u00f3n, detecci\u00f3n y atenci\u00f3n\u201d, tuvo lugar en el Campus Norte de la Universidad Nacional de C\u00f3rdoba, en Estaci\u00f3n Ju\u00e1rez Celman. Este primer m\u00f3dulo fue dictado por la mag\u00edster Nilda Gaitt; quien coordina el Seminario,&nbsp; el licenciado Andr\u00e9s Su\u00e1rez, la m\u00e9dica Roxana Pedernera y Mauricio Olivio por parte del 107, adem\u00e1s de Mar\u00eda Isabel Olivares.<\/p>\n<p data-prosemirror-content-type=\"node\" data-prosemirror-node-name=\"paragraph\" data-prosemirror-node-block=\"true\">Se abordaron los principales riesgos asociados a la intoxicaci\u00f3n por mon\u00f3xido de carbono, con \u00e9nfasis en la prevenci\u00f3n comunitaria y la atenci\u00f3n inmediata en situaciones de emergencia. El ciclo cuenta con certificaci\u00f3n conjunta de la Universidad Nacional de C\u00f3rdoba \u2013 Campus Norte, la Municipalidad de C\u00f3rdoba y el Ente Metropolitano C\u00f3rdoba.<\/p>\n<p data-prosemirror-content-type=\"node\" data-prosemirror-node-name=\"paragraph\" data-prosemirror-node-block=\"true\">Con algunas tem\u00e1ticas asociadas al Cambio Clim\u00e1tico, durante julio se completar\u00e1 la formaci\u00f3n con tres encuentros adicionales: consumo problem\u00e1tico de sustancias, accidentes provocados por animales ponzo\u00f1osos y emergencias toxicol\u00f3gicas. La propuesta forma parte del Programa de Capacitaciones del Centro de Operaciones de Emergencias (COE) Metropolitano.<\/p>\n<p data-prosemirror-content-type=\"node\" data-prosemirror-node-name=\"paragraph\" data-prosemirror-node-block=\"true\">Participar\u00e1n representantes de C\u00f3rdoba, Agua de Oro, Estaci\u00f3n Ju\u00e1rez Celman, Salsipuedes, La Calera, Bouwer, Toledo, Colonia Tirolesa, Malague\u00f1o, Villa La Bolsa, Comuna El Manzano, Unquillo, Cosqu\u00edn, Villa Allende, Los Cedros, Montecristo, Malvinas Argentinas y Mendiolaza.<\/p>\n<p data-prosemirror-content-type=\"node\" data-prosemirror-node-name=\"paragraph\" data-prosemirror-node-block=\"true\">La apertura cont\u00f3 con la presencia de Ariel Aleksandroff (secretario de Salud), Marcela Marram\u00e1 (subsecretaria de Salud), M\u00f3nica Zalazar (subsecretaria de Desarrollo Metropolitano), todos funcionarios de la Municipalidad de C\u00f3rdoba y Fabi\u00e1n Reschia (intendente de Estaci\u00f3n Ju\u00e1rez Celman), quienes destacaron la importancia del trabajo conjunto para fortalecer las capacidades territoriales en emergencias sanitarias.<\/p>\n","protected":false},"excerpt":{"rendered":"<p>En total ser\u00e1n 130 profesionales de los 16 miembros del Ente y otros en proceso de adhesi\u00f3n. Con la participaci\u00f3n de 50 personas de equipos de salud municipales, Defensa Civil, bomberos voluntarios y fuerzas de seguridad de distintas localidades, comenz\u00f3 el primer encuentro del ciclo de capacitaciones en salud, dictada por la Municipalidad de C\u00f3rdoba, [&hellip;]<\/p>\n","protected":false},"author":1,"featured_media":169112,"comment_status":"closed","ping_status":"closed","sticky":false,"template":"","format":"standard","meta":[],"categories":[44],"tags":[],"_links":{"self":[{"href":"http:\/\/cordobadirecto.com\/index.php\/wp-json\/wp\/v2\/posts\/169111"}],"collection":[{"href":"http:\/\/cordobadirecto.com\/index.php\/wp-json\/wp\/v2\/posts"}],"about":[{"href":"http:\/\/cordobadirecto.com\/index.php\/wp-json\/wp\/v2\/types\/post"}],"author":[{"embeddable":true,"href":"http:\/\/cordobadirecto.com\/index.php\/wp-json\/wp\/v2\/users\/1"}],"replies":[{"embeddable":true,"href":"http:\/\/cordobadirecto.com\/index.php\/wp-json\/wp\/v2\/comments?post=169111"}],"version-history":[{"count":0,"href":"http:\/\/cordobadirecto.com\/index.php\/wp-json\/wp\/v2\/posts\/169111\/revisions"}],"wp:featuredmedia":[{"embeddable":true,"href":"http:\/\/cordobadirecto.com\/index.php\/wp-json\/wp\/v2\/media\/169112"}],"wp:attachment":[{"href":"http:\/\/cordobadirecto.com\/index.php\/wp-json\/wp\/v2\/media?parent=169111"}],"wp:term":[{"taxonomy":"category","embeddable":true,"href":"http:\/\/cordobadirecto.com\/index.php\/wp-json\/wp\/v2\/categories?post=169111"},{"taxonomy":"post_tag","embeddable":true,"href":"http:\/\/cordobadirecto.com\/index.php\/wp-json\/wp\/v2\/tags?post=169111"}],"curies":[{"name":"wp","href":"https:\/\/api.w.org\/{rel}","templated":true}]}}