{"id":169143,"date":"2025-06-24T20:34:14","date_gmt":"2025-06-24T20:34:14","guid":{"rendered":"https:\/\/www.ole.com.ar\/autos\/dijo-franco-colapinto-correr-gp-austria-formula-1_0_GeFrNyBTWp.html"},"modified":"2025-06-24T20:34:14","modified_gmt":"2025-06-24T20:34:14","slug":"que-dijo-franco-colapinto-antes-de-correr-en-austria-un-circuito-que-conoce-bien","status":"publish","type":"post","link":"http:\/\/cordobadirecto.com\/index.php\/2025\/06\/24\/que-dijo-franco-colapinto-antes-de-correr-en-austria-un-circuito-que-conoce-bien\/","title":{"rendered":"Qu\u00e9 dijo Franco Colapinto antes de correr en Austria, un circuito que conoce bien"},"content":{"rendered":"<p><time class=\"createDate\" datetime=\"2025-06-24T17:34:14-03:00\">24\/06\/2025 17:34hs.<\/time><\/p>\n<div id=\"storyBody\">\n<div class=\"custom-text \" readability=\"38.921832884097\">\n<p>La <strong><a href=\"https:\/\/www.ole.com.ar\/tema\/formula-1.html\" title=\"F\u00f3rmula 1\" alt=\"F\u00f3rmula 1\" class=\"slug\">F\u00f3rmula 1<\/a> <\/strong>regresa con su 11a fecha, para juntar cuatro jornadas en seis semanas antes de que lleguen las habituales vacaciones de verano (boreal). Lo que viene es el GP de Austria, en el circuito Red Bull Ring de Spielberg, en el que Franco Colapinto correr\u00e1 por primera vez en la M\u00e1xima, aunque en diferentes categor\u00edas sum\u00f3 cuatro podios, incluida una victoria.<\/p>\n<\/div>\n<div class=\"custom-text \" readability=\"39\">\n<p>Alpine llega \u00faltimo en la tabla de Constructores, con apenas 11 puntos, todos gracias a Pierre Gasly, que viene de salir 15\u00b0 en Canad\u00e1 por culpa de una floja qualy. Como contraste, el argentino lleg\u00f3 13\u00b0 luego de meterse por primera vez en la Q2 de la clasificaci\u00f3n. Aunque los puntos siguen sin aparecer.<\/p>\n<\/div>\n<div class=\"sc-e7b891c4-0 ifHnQL image-embed\"><img alt=\"El Alpine para Austria.\" loading=\"lazy\" width=\"720\" height=\"100\" decoding=\"async\" data-nimg=\"1\" src=\"http:\/\/cordobadirecto.com\/wp-content\/uploads\/2025\/06\/que-dijo-franco-colapinto-antes-de-correr-en-austria-un-circuito-que-conoce-bien.jpg\"><span class=\"epigraphe\">El Alpine para Austria.<\/span><\/div>\n<p><h2><strong>\u00bfQu\u00e9 dijo Colapinto en la previa del Gran Premio de Austria?<\/strong><\/h2>\n<\/p>\n<div class=\"custom-text \" readability=\"39\">\n<p>El bonaerense, como siempre cuando habla antes de llegar al circuito, comienza con la carrera pasada. &#8220;<strong>No fue el resultado que quer\u00edamos<\/strong>, pero se realiz\u00f3 un buen progreso en cada sesi\u00f3n y mostramos el potencial que tiene el auto. Necesitamos seguir trabajando para avanzar en la direcci\u00f3n correcta de cara a Austria&#8221;, dijo.<\/p>\n<\/div>\n<div class=\"custom-text \" readability=\"39\">\n<p>En cuanto a la jornada venidera, se mostr\u00f3 optimista por sus antecedentes: &#8220;<strong>Esta es una pista que conozco bien<\/strong> por correr ah\u00ed en las categor\u00edas juveniles. El a\u00f1o pasado, <strong>en F\u00f3rmula 2, asegur\u00e9 el podio<\/strong>. Es un circuito para pilotos de verdad porque ten\u00e9s que acertar en todo y mantenerte constante con el ritmo, ya que el tiempo de vuelta es demasiado corto. La presi\u00f3n va a estar en maximizar todo en la clasificaci\u00f3n y as\u00ed tener una buena chance de asegurar puntos&#8221;.<\/p>\n<\/div>\n<div class=\"sc-e7b891c4-0 ifHnQL image-embed\"><img alt=\"El podio de Colapinto en Austria para la F\u00f3rmula 2.\" loading=\"lazy\" width=\"720\" height=\"100\" decoding=\"async\" data-nimg=\"1\" src=\"http:\/\/cordobadirecto.com\/wp-content\/uploads\/2025\/06\/que-dijo-franco-colapinto-antes-de-correr-en-austria-un-circuito-que-conoce-bien-1.jpg\"><span class=\"epigraphe\">El podio de Colapinto en Austria para la F\u00f3rmula 2.<\/span><\/div>\n<div class=\"custom-text \" readability=\"37\">\n<p>Tambi\u00e9n se refiri\u00f3 a su presencia en la premiere de la pel\u00edcula de la F1: &#8220;Fuera del trazado, la semana pasada hicimos una parada en Nueva York para la presentaci\u00f3n de la cinta. <strong>Fue una experiencia \u00fanica en la vida caminar en la alfombra roja en Times Square y conocer a Brad Pitt<\/strong> (<strong>NdeR<\/strong>: es el protagonista). Sin dudas, fue un d\u00eda que nunca voy a olvidar. Claro que se va a hablar en el paddock del cortometraje y me entusiasma que puedan verla&#8221;.<\/p>\n<\/div>\n<div class=\"custom-text \" readability=\"36\">\n<p>Finalmente, cerr\u00f3: &#8220;Volviendo al circuito, estamos concentrados en lo que se viene y sabemos que <strong>tenemos que unir todas las piezas durante el fin de semana en Spielberg para sumar unos puntos importantes<\/strong> para el equipo&#8221;.<\/p>\n<\/div>\n<div class=\"custom-text \" readability=\"38\">\n<p>La jornada es de las habituales, con dos pr\u00e1cticas el viernes, una el s\u00e1bado, mismo d\u00eda de la qualy, y la carrera del domingo, a las 10.<\/p>\n<\/div>\n<div class=\"sc-a7166897-0 eoLsBE\" readability=\"6.5\">\n<section readability=\"3\"><picture><img alt=\"El reflexivo diagn\u00f3stico que hizo Lewis Hamilton sobre la presi\u00f3n que viven los pilotos j\u00f3venes \" loading=\"lazy\" width=\"290\" height=\"290\" decoding=\"async\" data-nimg=\"1\" src=\"http:\/\/cordobadirecto.com\/wp-content\/uploads\/2025\/06\/que-dijo-franco-colapinto-antes-de-correr-en-austria-un-circuito-que-conoce-bien-2.jpg\"><\/picture>\n<p><span>Mir\u00e1 tambi\u00e9n<\/span><\/p>\n<hr>\n<h3>El reflexivo diagn\u00f3stico que hizo Lewis Hamilton sobre la presi\u00f3n que viven los pilotos j\u00f3venes <\/h3>\n<\/p>\n<\/section>\n<\/div>\n<div class=\"sc-a7166897-0 eoLsBE\" readability=\"6\">\n<section readability=\"2\"><picture><img alt=\"El deseo que mantiene en vilo a Fernando Alonso \" loading=\"lazy\" width=\"290\" height=\"290\" decoding=\"async\" data-nimg=\"1\" src=\"http:\/\/cordobadirecto.com\/wp-content\/uploads\/2025\/06\/que-dijo-franco-colapinto-antes-de-correr-en-austria-un-circuito-que-conoce-bien-3.jpg\"><\/picture>\n<p><span>Mir\u00e1 tambi\u00e9n<\/span><\/p>\n<hr>\n<h3>El deseo que mantiene en vilo a Fernando Alonso <\/h3>\n<\/p>\n<\/section>\n<\/div>\n<div class=\"sc-a7166897-0 eoLsBE\" readability=\"7\">\n<section readability=\"4\"><picture><img alt=\"En la previa del GP de Austria, Kimi Antonelli aprob\u00f3 sus ex\u00e1menes y termin\u00f3 el colegio \" loading=\"lazy\" width=\"290\" height=\"290\" decoding=\"async\" data-nimg=\"1\" src=\"http:\/\/cordobadirecto.com\/wp-content\/uploads\/2025\/06\/que-dijo-franco-colapinto-antes-de-correr-en-austria-un-circuito-que-conoce-bien-4.jpg\"><\/picture>\n<p><span>Mir\u00e1 tambi\u00e9n<\/span><\/p>\n<hr>\n<h3>En la previa del GP de Austria, Kimi Antonelli aprob\u00f3 sus ex\u00e1menes y termin\u00f3 el colegio <\/h3>\n<\/p>\n<\/section>\n<\/div>\n<\/div>\n","protected":false},"excerpt":{"rendered":"<p>24\/06\/2025 17:34hs. La F\u00f3rmula 1 regresa con su 11a fecha, para juntar cuatro jornadas en seis semanas antes de que lleguen las habituales vacaciones de verano (boreal). Lo que viene es el GP de Austria, en el circuito Red Bull Ring de Spielberg, en el que Franco Colapinto correr\u00e1 por primera vez en la M\u00e1xima, [&hellip;]<\/p>\n","protected":false},"author":1,"featured_media":169144,"comment_status":"closed","ping_status":"closed","sticky":false,"template":"","format":"standard","meta":[],"categories":[21],"tags":[],"_links":{"self":[{"href":"http:\/\/cordobadirecto.com\/index.php\/wp-json\/wp\/v2\/posts\/169143"}],"collection":[{"href":"http:\/\/cordobadirecto.com\/index.php\/wp-json\/wp\/v2\/posts"}],"about":[{"href":"http:\/\/cordobadirecto.com\/index.php\/wp-json\/wp\/v2\/types\/post"}],"author":[{"embeddable":true,"href":"http:\/\/cordobadirecto.com\/index.php\/wp-json\/wp\/v2\/users\/1"}],"replies":[{"embeddable":true,"href":"http:\/\/cordobadirecto.com\/index.php\/wp-json\/wp\/v2\/comments?post=169143"}],"version-history":[{"count":0,"href":"http:\/\/cordobadirecto.com\/index.php\/wp-json\/wp\/v2\/posts\/169143\/revisions"}],"wp:featuredmedia":[{"embeddable":true,"href":"http:\/\/cordobadirecto.com\/index.php\/wp-json\/wp\/v2\/media\/169144"}],"wp:attachment":[{"href":"http:\/\/cordobadirecto.com\/index.php\/wp-json\/wp\/v2\/media?parent=169143"}],"wp:term":[{"taxonomy":"category","embeddable":true,"href":"http:\/\/cordobadirecto.com\/index.php\/wp-json\/wp\/v2\/categories?post=169143"},{"taxonomy":"post_tag","embeddable":true,"href":"http:\/\/cordobadirecto.com\/index.php\/wp-json\/wp\/v2\/tags?post=169143"}],"curies":[{"name":"wp","href":"https:\/\/api.w.org\/{rel}","templated":true}]}}