{"id":169145,"date":"2025-06-24T16:05:08","date_gmt":"2025-06-24T16:05:08","guid":{"rendered":"https:\/\/www.ole.com.ar\/autos\/lewis-hamilton-redes-sociales-pilotos-jovenes-formula-1_0_dR8kZ4XVmP.html"},"modified":"2025-06-24T16:05:08","modified_gmt":"2025-06-24T16:05:08","slug":"el-reflexivo-diagnostico-que-hizo-lewis-hamilton-sobre-la-presion-que-viven-los-pilotos-jovenes","status":"publish","type":"post","link":"http:\/\/cordobadirecto.com\/index.php\/2025\/06\/24\/el-reflexivo-diagnostico-que-hizo-lewis-hamilton-sobre-la-presion-que-viven-los-pilotos-jovenes\/","title":{"rendered":"El reflexivo diagn\u00f3stico que hizo Lewis Hamilton sobre la presi\u00f3n que viven los pilotos j\u00f3venes"},"content":{"rendered":"<p><time class=\"createDate\" datetime=\"2025-06-24T13:05:08-03:00\">24\/06\/2025 13:05hs.<\/time><\/p>\n<div id=\"storyBody\">\n<div class=\"custom-text \" readability=\"33.089887640449\">\n<p>La <strong><a href=\"https:\/\/www.ole.com.ar\/tema\/formula-1.html\" title=\"F\u00f3rmula 1\" alt=\"F\u00f3rmula 1\" class=\"slug\">F\u00f3rmula 1<\/a><\/strong> tacha los d\u00edas para disfrutar del <strong><a href=\"https:\/\/www.ole.com.ar\/tema\/gran-premio-de-austria.html\" title=\"Gran Premio de Austria\" alt=\"Gran Premio de Austria\" class=\"slug\">Gran Premio de Austria<\/a><\/strong>, competencia que se llevar\u00e1 a cabo entre el viernes 27 y el domingo 29 de junio en el aut\u00f3dromo Red Bull Ring. Por lo tanto, antes del gran desaf\u00edo, <strong><a href=\"https:\/\/www.ole.com.ar\/tema\/lewis-hamilton.html\" title=\"Lewis Hamilton\" alt=\"Lewis Hamilton\" class=\"slug\">Lewis Hamilton<\/a> <\/strong>analiz\u00f3 las dificultades que enfrentan los pilotos m\u00e1s j\u00f3venes en esta nueva era e hizo un reflexivo diagn\u00f3stico.<\/p>\n<\/div>\n<div class=\"custom-text \" readability=\"38.275862068966\">\n<p>&#8220;Ahora <strong>tenemos la presencia de las redes sociales y el abuso en l\u00ednea<\/strong>, que antes no estaba cuando yo llegu\u00e9 a la categor\u00eda&#8221;, record\u00f3 el hombre de <strong><a href=\"https:\/\/www.ole.com.ar\/tema\/ferrari.html\" title=\"Ferrari\" alt=\"Ferrari\" class=\"slug\">Ferrari<\/a><\/strong> en di\u00e1logo con Motosport Week. Segundos despu\u00e9s, reconoci\u00f3: &#8220;Ha sido incre\u00edble ver <strong>la madurez con la que los j\u00f3venes pilotos se han adaptado<\/strong> y c\u00f3mo lograron soportar esa presi\u00f3n, porque <strong>no es f\u00e1cil de afrontar<\/strong>&#8220;. <\/p>\n<\/div>\n<div class=\"sc-e7b891c4-0 ifHnQL image-embed\"><img alt=\"Lewis Hamilton en Ferrari. (REUTER)\" loading=\"lazy\" width=\"720\" height=\"100\" decoding=\"async\" data-nimg=\"1\" src=\"http:\/\/cordobadirecto.com\/wp-content\/uploads\/2025\/06\/el-reflexivo-diagnostico-que-hizo-lewis-hamilton-sobre-la-presion-que-viven-los-pilotos-jovenes.jpg\"><span class=\"epigraphe\">Lewis Hamilton en Ferrari. (REUTER)<\/span><\/div>\n<div class=\"custom-text \" readability=\"37\">\n<p>M\u00e1s tarde, traz\u00f3 un paralelismo para comparar c\u00f3mo fue el inicio de su carrera sin el odio que hoy se manifiesta en las principales plataformas. &#8220;<strong>Nunca se le hab\u00eda exigido tanto a un corredor de la F1 como se lo hace ahora<\/strong>, <strong>incluso fuera del auto<\/strong>&#8220;, indic\u00f3. <\/p>\n<\/div>\n<div class=\"custom-text \" readability=\"37\">\n<p>Luego, reforz\u00f3: &#8220;Cuando yo debut\u00e9 en 2007 con McLaren parec\u00eda que me estaban lanzando al fondo del pozo sin tener las habilidades necesarias, pero <strong>esta actividad en l\u00ednea que hay ahora no exist\u00eda en ese momento<\/strong>, y eso me parece significativo&#8221;. <\/p>\n<\/div>\n<div class=\"custom-text \" readability=\"39\">\n<p>A su vez, insisti\u00f3: &#8220;Creo que, adem\u00e1s, <strong>ahora los medios de comunicaci\u00f3n son m\u00e1s reactivos<\/strong>. Los tiempos han cambiado, y dir\u00eda que <strong>el mundo de las carreras se volvi\u00f3 mucho m\u00e1s agitado<\/strong> a medida que el deporte crece, lo que tambi\u00e9n hace que todo sea m\u00e1s intenso&#8221;.<\/p>\n<\/div>\n<div class=\"sc-e7b891c4-0 ifHnQL image-embed\"><img alt=\"Lewis Hamilton con Ferrari. (REUTER)\" loading=\"lazy\" width=\"720\" height=\"100\" decoding=\"async\" data-nimg=\"1\" src=\"http:\/\/cordobadirecto.com\/wp-content\/uploads\/2025\/06\/el-reflexivo-diagnostico-que-hizo-lewis-hamilton-sobre-la-presion-que-viven-los-pilotos-jovenes-1.jpg\"><span class=\"epigraphe\">Lewis Hamilton con Ferrari. (REUTER)<\/span><\/div>\n<p><h2>Cu\u00e1ndo corre Franco Colapinto en el Gran Premio de Austria<\/h2>\n<\/p>\n<div class=\"custom-text \" readability=\"36\">\n<p>La actividad del <strong>Gran Premio de Austria<\/strong> comenzar\u00e1 el viernes 27 de junio con los primeros entrenamientos: el primero a las 8.30 y el segundo a las 12. El s\u00e1bado, continuar\u00e1 con el tercer ensayo desde las 7.30, seguido de la siempre exigente clasificaci\u00f3n a partir de las 11.<\/p>\n<\/div>\n<div class=\"custom-text \" readability=\"34\">\n<p>Finalmente, la carrera de 71 vueltas al circuito austr\u00edaco se disputar\u00e1 el domingo 29 a las 10. Toda la acci\u00f3n podr\u00e1 seguirse en vivo por Fox Sports y Disney + Premium.<\/p>\n<\/div>\n<div class=\"sc-a7166897-0 eoLsBE\" readability=\"6\">\n<section readability=\"2\"><picture><img alt=\"El mensaje de Franco Colapinto a una semana del GP de Austria\" loading=\"lazy\" width=\"290\" height=\"290\" decoding=\"async\" data-nimg=\"1\" src=\"http:\/\/cordobadirecto.com\/wp-content\/uploads\/2025\/06\/el-reflexivo-diagnostico-que-hizo-lewis-hamilton-sobre-la-presion-que-viven-los-pilotos-jovenes-2.jpg\"><\/picture>\n<p><span>Mir\u00e1 tambi\u00e9n<\/span><\/p>\n<hr>\n<h3>El mensaje de Franco Colapinto a una semana del GP de Austria<\/h3>\n<\/p>\n<\/section>\n<\/div>\n<div class=\"sc-a7166897-0 eoLsBE\" readability=\"7\">\n<section readability=\"4\"><picture><img alt=\"Un triunfo, cuatro podios y una premonici\u00f3n: los buenos antecedentes de Franco Colapinto de cara al GP de Austria\" loading=\"lazy\" width=\"290\" height=\"290\" decoding=\"async\" data-nimg=\"1\" src=\"http:\/\/cordobadirecto.com\/wp-content\/uploads\/2025\/06\/el-reflexivo-diagnostico-que-hizo-lewis-hamilton-sobre-la-presion-que-viven-los-pilotos-jovenes-3.jpg\"><\/picture>\n<p><span>Mir\u00e1 tambi\u00e9n<\/span><\/p>\n<hr>\n<h3>Un triunfo, cuatro podios y una premonici\u00f3n: los buenos antecedentes de Franco Colapinto de cara al GP de Austria<\/h3>\n<\/p>\n<\/section>\n<\/div>\n<div class=\"sc-a7166897-0 eoLsBE\" readability=\"6.5\">\n<section readability=\"3\"><picture><img alt=\"Qui\u00e9n es el gran amigo de Franco Colapinto que gan\u00f3 la Final del TC Pista en Posadas\" loading=\"lazy\" width=\"290\" height=\"290\" decoding=\"async\" data-nimg=\"1\" src=\"http:\/\/cordobadirecto.com\/wp-content\/uploads\/2025\/06\/el-reflexivo-diagnostico-que-hizo-lewis-hamilton-sobre-la-presion-que-viven-los-pilotos-jovenes-4.jpg\"><\/picture>\n<p><span>Mir\u00e1 tambi\u00e9n<\/span><\/p>\n<hr>\n<h3>Qui\u00e9n es el gran amigo de Franco Colapinto que gan\u00f3 la Final del TC Pista en Posadas<\/h3>\n<\/p>\n<\/section>\n<\/div>\n<\/div>\n","protected":false},"excerpt":{"rendered":"<p>24\/06\/2025 13:05hs. La F\u00f3rmula 1 tacha los d\u00edas para disfrutar del Gran Premio de Austria, competencia que se llevar\u00e1 a cabo entre el viernes 27 y el domingo 29 de junio en el aut\u00f3dromo Red Bull Ring. Por lo tanto, antes del gran desaf\u00edo, Lewis Hamilton analiz\u00f3 las dificultades que enfrentan los pilotos m\u00e1s j\u00f3venes [&hellip;]<\/p>\n","protected":false},"author":1,"featured_media":169146,"comment_status":"closed","ping_status":"closed","sticky":false,"template":"","format":"standard","meta":[],"categories":[21],"tags":[],"_links":{"self":[{"href":"http:\/\/cordobadirecto.com\/index.php\/wp-json\/wp\/v2\/posts\/169145"}],"collection":[{"href":"http:\/\/cordobadirecto.com\/index.php\/wp-json\/wp\/v2\/posts"}],"about":[{"href":"http:\/\/cordobadirecto.com\/index.php\/wp-json\/wp\/v2\/types\/post"}],"author":[{"embeddable":true,"href":"http:\/\/cordobadirecto.com\/index.php\/wp-json\/wp\/v2\/users\/1"}],"replies":[{"embeddable":true,"href":"http:\/\/cordobadirecto.com\/index.php\/wp-json\/wp\/v2\/comments?post=169145"}],"version-history":[{"count":0,"href":"http:\/\/cordobadirecto.com\/index.php\/wp-json\/wp\/v2\/posts\/169145\/revisions"}],"wp:featuredmedia":[{"embeddable":true,"href":"http:\/\/cordobadirecto.com\/index.php\/wp-json\/wp\/v2\/media\/169146"}],"wp:attachment":[{"href":"http:\/\/cordobadirecto.com\/index.php\/wp-json\/wp\/v2\/media?parent=169145"}],"wp:term":[{"taxonomy":"category","embeddable":true,"href":"http:\/\/cordobadirecto.com\/index.php\/wp-json\/wp\/v2\/categories?post=169145"},{"taxonomy":"post_tag","embeddable":true,"href":"http:\/\/cordobadirecto.com\/index.php\/wp-json\/wp\/v2\/tags?post=169145"}],"curies":[{"name":"wp","href":"https:\/\/api.w.org\/{rel}","templated":true}]}}