{"id":169147,"date":"2025-06-24T22:51:19","date_gmt":"2025-06-24T22:51:19","guid":{"rendered":"https:\/\/www.ole.com.ar\/futbol-ascenso\/ascenso-primera-nacional-ferro-rondina_0_GkdSWRsMPI.html"},"modified":"2025-06-24T22:51:19","modified_gmt":"2025-06-24T22:51:19","slug":"ferro-quien-es-el-principal-candidato-para-dirigir","status":"publish","type":"post","link":"http:\/\/cordobadirecto.com\/index.php\/2025\/06\/24\/ferro-quien-es-el-principal-candidato-para-dirigir\/","title":{"rendered":"Ferro: qui\u00e9n es el principal candidato para dirigir"},"content":{"rendered":"<p><time class=\"createDate\" datetime=\"2025-06-24T19:33:13-03:00\">24\/06\/2025 19:33hs.<\/time><\/p>\n<div id=\"storyBody\">\n<div class=\"custom-text \" readability=\"36.305921052632\">\n<p>Ya no hay margen de error. Hay que acertar o acertar. No queda otra. Y as\u00ed lo entienden en <a href=\"https:\/\/www.ole.com.ar\/tema\/ferro.html\" title=\"Ferro\" alt=\"Ferro\" class=\"slug\">Ferro<\/a>, que marcha 13\u00b0 en la <a href=\"https:\/\/www.ole.com.ar\/tema\/primera-nacional.html\" title=\"Primera Nacional\" alt=\"Primera Nacional\" class=\"slug\">Primera Nacional<\/a>, fuera de los puestos de Reducido,<strong> y busca entrenador tras la salida reciente de Alfredo Grelak<\/strong>, quien este lunes dej\u00f3 su cargo tras una reuni\u00f3n con los dirigentes.<\/p>\n<\/div>\n<div class=\"custom-text \" readability=\"36.283870967742\">\n<p>Y en esta b\u00fasqueda del reemplazante del mencionado Grelak, <strong>el principal candidato para ponerse el buzo del Verde es <a href=\"https:\/\/www.ole.com.ar\/tema\/sergio-rondina.html\" title=\"Sergio Rondina\" alt=\"Sergio Rondina\" class=\"slug\">Sergio Rondina<\/a><\/strong>, de \u00faltimo paso por Quilmes (dej\u00f3 su cargo hace menos de dos semanas luego de perder 2-1 con Gimnasia y Tiro de Salta con un balance de 15 victorias, 13 empates y 10 derrotas). <\/p>\n<\/div>\n<div class=\"sc-e7b891c4-0 ifHnQL image-embed\"><img alt=\"Rondina pica en punta para agarrar Ferro. (Photo by ALEJANDRO PAGNI \/ AFP)\" loading=\"lazy\" width=\"720\" height=\"100\" decoding=\"async\" data-nimg=\"1\" src=\"http:\/\/cordobadirecto.com\/wp-content\/uploads\/2025\/06\/ferro-quien-es-el-principal-candidato-para-dirigir.jpg\"><span class=\"epigraphe\">Rondina pica en punta para agarrar Ferro. (Photo by ALEJANDRO PAGNI \/ AFP)<\/span><\/div>\n<div class=\"custom-text \" readability=\"38\">\n<p>Claro, es que el Huevo es del gusto de la Subcomisi\u00f3n de F\u00fatbol, dirigentes de alto rango y Michael Etulain, el Director Deportivo. De momento no trascendieron los primeros contactos formales entre Oeste y el entorno del det\u00e9, <strong>pero el ex Arsenal es quien re\u00fane consenso interno y pica en punta. <\/strong><\/p>\n<\/div>\n<div class=\"custom-text \" readability=\"41\">\n<p>Mientras tanto, en la ma\u00f1ana de este martes, el plantel profesional trabaj\u00f3 bajo las \u00f3rdenes de Sergio Alcoba, el coordinador general de las divisiones juveniles. Incluso, de no cerrar a otro t\u00e9cnico entre mi\u00e9rcoles y jueves, <strong>el propio Alcoba tiene grandes chances de dirigir el s\u00e1bado por la tarde ante Trist\u00e1n Su\u00e1rez en Ezeiza, <\/strong>por la fecha 20 de la Zona A del Nacional. <\/p>\n<\/div>\n<p><h2><strong>La carrera de Sergio Rondina<\/strong><\/h2>\n<\/p>\n<div class=\"custom-text \" readability=\"45.161458333333\">\n<p>El oriundo de San Antonio de Padua comenz\u00f3 su carrera como entrenador en 2005 en Midland y, <strong>a lo largo de los a\u00f1os se forj\u00f3 en el <a href=\"https:\/\/www.ole.com.ar\/tema\/ascenso.html\" title=\"Ascenso\" alt=\"Ascenso\" class=\"slug\">Ascenso<\/a><\/strong>. Claro, es que dirigi\u00f3 a Ca\u00f1uelas, Colegiales, Luj\u00e1n, Excursionistas, Flandria, Atlanta, Platense, Villa D\u00e1lmine (subi\u00f3 de la B Metropolitana al Nacional), Arsenal de Sarand\u00ed (ascendi\u00f3 a la Superliga en 2019), Nueva Chicago y Los Andes. <\/p>\n<\/div>\n<div class=\"custom-text \" readability=\"40\">\n<p>Adem\u00e1s, en Primera pas\u00f3 por Central C\u00f3rdoba de Santiago del Estero, Col\u00f3n de Santa Fe, Barracas Central y Sarmiento de Jun\u00edn. En total de su carrera,<strong> el Huevo dirigi\u00f3 633 partidos, con 238 victorias, 199 empates y 196 derrotas.<\/strong><\/p>\n<\/div>\n<p><h2><strong>Lo que se le viene a Ferro en la Primera Nacional<\/strong><\/h2>\n<\/p>\n<div class=\"custom-text \" readability=\"38\">\n<p>Con la necesidad imperiosa de levantar para meterse en la pelea por ingresar al octogonal, Ferro visitar\u00e1 a Trist\u00e1n Su\u00e1rez el s\u00e1bado desde las 15:30, por la fecha 20 del Nacional. Una semana m\u00e1s tarde y en Caballito, el Verdolaga recibir\u00e1 a Gimnasia y Tiro de Salta. <strong>\u00bfSer\u00e1 con Rondina del otro lado de la l\u00ednea de cal? <\/strong><\/p>\n<\/div>\n<div class=\"sc-e7b891c4-0 ifHnQL image-embed\"><img alt=\"Ferro busca levantar contra Tristpan Su\u00e1rez\" loading=\"lazy\" width=\"720\" height=\"100\" decoding=\"async\" data-nimg=\"1\" src=\"http:\/\/cordobadirecto.com\/wp-content\/uploads\/2025\/06\/ferro-quien-es-el-principal-candidato-para-dirigir-1.jpg\"><span class=\"epigraphe\">Ferro busca levantar contra Tristpan Su\u00e1rez<\/span><\/div>\n<div class=\"sc-a7166897-0 eoLsBE\" readability=\"7\">\n<section readability=\"4\"><picture><img alt=\"Zeballos, de sorpresa en el 11 de Russo a una nueva lesi\u00f3n y posible despedida de Boca\" loading=\"lazy\" width=\"290\" height=\"290\" decoding=\"async\" data-nimg=\"1\" src=\"http:\/\/cordobadirecto.com\/wp-content\/uploads\/2025\/06\/ferro-quien-es-el-principal-candidato-para-dirigir-2.jpg\"><\/picture>\n<p><span>Mir\u00e1 tambi\u00e9n<\/span><\/p>\n<hr>\n<h3>Zeballos, de sorpresa en el 11 de Russo a una nueva lesi\u00f3n y posible despedida de Boca<\/h3>\n<\/p>\n<\/section>\n<\/div>\n<div class=\"sc-a7166897-0 eoLsBE\" readability=\"7\">\n<section readability=\"4\"><picture><img alt=\"Sportivo Italiano, el equipo del Ascenso que festeja el mismo d\u00eda que Messi y Riquelme\" loading=\"lazy\" width=\"290\" height=\"290\" decoding=\"async\" data-nimg=\"1\" src=\"http:\/\/cordobadirecto.com\/wp-content\/uploads\/2025\/06\/ferro-quien-es-el-principal-candidato-para-dirigir-3.jpg\"><\/picture>\n<p><span>Mir\u00e1 tambi\u00e9n<\/span><\/p>\n<hr>\n<h3>Sportivo Italiano, el equipo del Ascenso que festeja el mismo d\u00eda que Messi y Riquelme<\/h3>\n<\/p>\n<\/section>\n<\/div>\n<\/div>\n","protected":false},"excerpt":{"rendered":"<p>24\/06\/2025 19:33hs. Ya no hay margen de error. Hay que acertar o acertar. No queda otra. Y as\u00ed lo entienden en Ferro, que marcha 13\u00b0 en la Primera Nacional, fuera de los puestos de Reducido, y busca entrenador tras la salida reciente de Alfredo Grelak, quien este lunes dej\u00f3 su cargo tras una reuni\u00f3n con [&hellip;]<\/p>\n","protected":false},"author":1,"featured_media":169148,"comment_status":"closed","ping_status":"closed","sticky":false,"template":"","format":"standard","meta":[],"categories":[21],"tags":[],"_links":{"self":[{"href":"http:\/\/cordobadirecto.com\/index.php\/wp-json\/wp\/v2\/posts\/169147"}],"collection":[{"href":"http:\/\/cordobadirecto.com\/index.php\/wp-json\/wp\/v2\/posts"}],"about":[{"href":"http:\/\/cordobadirecto.com\/index.php\/wp-json\/wp\/v2\/types\/post"}],"author":[{"embeddable":true,"href":"http:\/\/cordobadirecto.com\/index.php\/wp-json\/wp\/v2\/users\/1"}],"replies":[{"embeddable":true,"href":"http:\/\/cordobadirecto.com\/index.php\/wp-json\/wp\/v2\/comments?post=169147"}],"version-history":[{"count":0,"href":"http:\/\/cordobadirecto.com\/index.php\/wp-json\/wp\/v2\/posts\/169147\/revisions"}],"wp:featuredmedia":[{"embeddable":true,"href":"http:\/\/cordobadirecto.com\/index.php\/wp-json\/wp\/v2\/media\/169148"}],"wp:attachment":[{"href":"http:\/\/cordobadirecto.com\/index.php\/wp-json\/wp\/v2\/media?parent=169147"}],"wp:term":[{"taxonomy":"category","embeddable":true,"href":"http:\/\/cordobadirecto.com\/index.php\/wp-json\/wp\/v2\/categories?post=169147"},{"taxonomy":"post_tag","embeddable":true,"href":"http:\/\/cordobadirecto.com\/index.php\/wp-json\/wp\/v2\/tags?post=169147"}],"curies":[{"name":"wp","href":"https:\/\/api.w.org\/{rel}","templated":true}]}}