{"id":169149,"date":"2025-06-24T16:46:08","date_gmt":"2025-06-24T16:46:08","guid":{"rendered":"https:\/\/www.redeszone.net\/noticias\/power\/que-son-frigorias-aire-acondicionado-consumo\/"},"modified":"2025-06-24T16:46:08","modified_gmt":"2025-06-24T16:46:08","slug":"que-significa-las-frigorias-de-un-aire-acondicionado-y-como-afecta-al-consumo-de-energia","status":"publish","type":"post","link":"http:\/\/cordobadirecto.com\/index.php\/2025\/06\/24\/que-significa-las-frigorias-de-un-aire-acondicionado-y-como-afecta-al-consumo-de-energia\/","title":{"rendered":"Qu\u00e9 significa las frigor\u00edas de un aire acondicionado y c\u00f3mo afecta al consumo de energ\u00eda"},"content":{"rendered":"<div id>\n<p>Ten en cuenta que el aire acondicionado puede llegar a ser un aparato que consuma bastante energ\u00eda en tu d\u00eda a d\u00eda, en los meses de verano. Especialmente, si vives en una zona muy c\u00e1lida, es posible que lo tengas puesto durante muchas horas, incluso por la noche. Elegir un modelo adecuado, va a ser fundamental.<\/p>\n<h2>Qu\u00e9 son las frigor\u00edas de un aire acondicionado<\/h2>\n<p>El t\u00e9rmino frigor\u00edas, es como se conoce a la <strong>unidad de medida<\/strong> para saber la capacidad de enfriamiento de un aire acondicionado y otros equipos dise\u00f1ados para enfriar. Es algo que est\u00e1 ampliamente aceptado, por lo que es muy com\u00fan que aparezca junto a las caracter\u00edsticas principales al comprar un aire.<\/p>\n<p>Una frigor\u00eda por hora (fg\/h) es una unidad de potencia t\u00e9rmica que indica la capacidad de un equipo para extraer calor de un ambiente. T\u00e9cnicamente, 1 fg\/h es la energ\u00eda requerida para disminuir la temperatura de 1 kilogramo de agua en 1 grado Celsius, en una hora. En el Sistema Internacional, la potencia se mide en vatios (W) o kilovatios (kW). La conversi\u00f3n est\u00e1ndar es de 1000 frigor\u00edas\/h es el equivalente a 1,163 kW de potencia de refrigeraci\u00f3n. Esta conversi\u00f3n es fundamental para comparar equipos y entender su capacidad seg\u00fan la normativa <a href=\"https:\/\/www.une.org\/encuentra-tu-norma\/busca-tu-norma\/norma?c=N0071361\" target=\"_blank\" rel=\"noopener noreferrer\">EN 14511<\/a> que define las condiciones de prueba<\/p>\n<\/div>\n<div id>\n<p>Es, por tanto, <strong>la capacidad que tiene para bajar la temperatura<\/strong>. Cuantas m\u00e1s frigor\u00edas tenga un aire acondicionado, mayor capacidad tendr\u00e1 para enfriar una habitaci\u00f3n. L\u00f3gicamente, esto va a estar relacionado con el espacio, ya que no ser\u00e1 lo mismo una habitaci\u00f3n muy peque\u00f1a, que enfriar toda la casa.<\/p>\n<p>Si ponemos algunos <strong>ejemplos pr\u00e1cticos<\/strong>, podemos decir que, para una habitaci\u00f3n de 10 metros cuadrados, ser\u00eda correcto utilizar un aire de 1000 frigor\u00edas, que equivale a 1,2 Kw, aproximadamente. Si quieres enfriar una habitaci\u00f3n de 20 metros cuadrados, pues el doble: 2000 frigor\u00edas, 2,4 Kw, aproximadamente.<\/p>\n<div class=\"gaz-tablepress \" readability=\"6\">\n<div class=\"child-table\" readability=\"7\">\n<p><b>Frigor\u00edas en los aires acondicionados<\/b><\/p>\n<table id=\"tablepress-643\" class=\"tablepress table-block block-collapse-amp tablepress-id-643\">\n<thead>\n<tr class=\"row-1 odd\">\n<th class=\"column-1\">Superficie (m\u00b2)<\/th>\n<th class=\"column-2\">Altura Techo<\/th>\n<th class=\"column-3\">Aislamiento T\u00e9rmico<\/th>\n<th class=\"column-4\">Orientaci\u00f3n Principal de Ventanas<\/th>\n<th class=\"column-5\">Frigor\u00edas Recomendadas Estimadas (fg\/h)<\/th>\n<\/tr>\n<\/thead>\n<tbody class=\"row-hover\" readability=\"3\">\n<tr class=\"row-2 even\" readability=\"3\">\n<td class=\"column-1\">Hasta 15 m\u00b2<\/td>\n<td class=\"column-2\">Est\u00e1ndar (~2.5m)<\/td>\n<td class=\"column-3\">Bueno (ej. doble ventana, muros aislados)<\/td>\n<td class=\"column-4\">Norte \/ Este<\/td>\n<td class=\"column-5\">1.500 &#8211; 1.800<\/td>\n<\/tr>\n<tr class=\"row-3 odd\" readability=\"3\">\n<td class=\"column-1\">Hasta 15 m\u00b2<\/td>\n<td class=\"column-2\">Est\u00e1ndar (~2.5m)<\/td>\n<td class=\"column-3\">Deficiente (ej. ventana simple, sin aislamiento)<\/td>\n<td class=\"column-4\">Sur \/ Oeste<\/td>\n<td class=\"column-5\">1.800 &#8211; 2.200<\/td>\n<\/tr>\n<tr class=\"row-4 even\">\n<td class=\"column-1\">20-25 m\u00b2<\/td>\n<td class=\"column-2\">Est\u00e1ndar (~2.5m)<\/td>\n<td class=\"column-3\">Bueno<\/td>\n<td class=\"column-4\">Norte \/ Este<\/td>\n<td class=\"column-5\">2.200 &#8211; 2.700<\/td>\n<\/tr>\n<tr class=\"row-5 odd\">\n<td class=\"column-1\">20-25 m\u00b2<\/td>\n<td class=\"column-2\">Est\u00e1ndar (~2.5m)<\/td>\n<td class=\"column-3\">Deficiente<\/td>\n<td class=\"column-4\">Sur \/ Oeste<\/td>\n<td class=\"column-5\">2.700 &#8211; 3.500<\/td>\n<\/tr>\n<tr class=\"row-6 even\">\n<td class=\"column-1\">30-35 m\u00b2<\/td>\n<td class=\"column-2\">Alta (&gt;2.7m) o \u00c1tico<\/td>\n<td class=\"column-3\">Bueno<\/td>\n<td class=\"column-4\">Cualquiera<\/td>\n<td class=\"column-5\">3.500 &#8211; 4.500<\/td>\n<\/tr>\n<tr class=\"row-7 odd\">\n<td class=\"column-1\">30-35 m\u00b2<\/td>\n<td class=\"column-2\">Alta (&gt;2.7m) o \u00c1tico<\/td>\n<td class=\"column-3\">Deficiente<\/td>\n<td class=\"column-4\">Cualquiera<\/td>\n<td class=\"column-5\">4.500 &#8211; 5.500<\/td>\n<\/tr>\n<\/tbody>\n<\/table>\n<\/div>\n<\/div>\n<p>No significa que un aire acondicionado con menos frigor\u00edas que las recomendables, no pueda enfriar esa habitaci\u00f3n. Lo que ocurrir\u00eda es que tardar\u00eda m\u00e1s tiempo, por lo que tendr\u00eda que funcionar durante m\u00e1s rato, de manera forzada y consumiendo recursos.<\/p>\n<figure class=\"post-article__content-img\"><picture><source media=\"(max-width: 480px)\" srcset=\"http:\/\/cordobadirecto.com\/wp-content\/uploads\/2025\/06\/que-significa-las-frigorias-de-un-aire-acondicionado-y-como-afecta-al-consumo-de-energia.jpg?x=480&amp;quality=80\"><img decoding=\"async\" loading=\"lazy\" width=\"1280\" height=\"720\" src=\"http:\/\/cordobadirecto.com\/wp-content\/uploads\/2025\/06\/que-significa-las-frigorias-de-un-aire-acondicionado-y-como-afecta-al-consumo-de-energia.jpg\" alt=\"Consejos para usar el aire acondicionado\">\n<\/picture><figcaption>Mando del aire acondicionado<\/figcaption><\/figure>\n<h2>Qu\u00e9 tener en cuenta para controlar el consumo<\/h2>\n<p>Respecto al <strong>consumo<\/strong>, esto va a ser muy variable. Un aire acondicionado de m\u00e1s frigor\u00edas, va a consumir m\u00e1s energ\u00eda cuando est\u00e1 a pleno rendimiento. Sin embargo, va a tardar menos en enfriar esa habitaci\u00f3n. En cambio, otro aire acondicionado de menos frigor\u00edas, aunque consuma menos energ\u00eda al funcionar al m\u00e1ximo, va a tener que estar m\u00e1s tiempo en ese estado, consumiendo recursos, hasta alcanzar la temperatura deseada.<\/p>\n<p>Por tanto, nuestra recomendaci\u00f3n es que elijas un<strong> aire acondicionado que se adapte al espacio<\/strong> que necesitas enfriar. No elijas un modelo de m\u00e1s frigor\u00edas sin motivo, pero tampoco otro que tenga menos de lo que necesitas. M\u00e1s o menos, 1000 frigor\u00edas por cada 10 metros cuadrados ser\u00eda lo adecuado.<\/p>\n<p>Para <strong>calcular el consumo exacto<\/strong> de tu aire acondicionado, lo mejor es usar un enchufe que tenga medidor de consumo. El aparato siempre va a tener una potencia m\u00e1xima, que podr\u00eda ser de 2000 W, por ejemplo, pero no significa que consuma lo mismo siempre. De hecho, poco a poco ir\u00e1 bajando el gasto de energ\u00eda hasta estabilizarse en 800-1000 W, que suele ser algo habitual, si lo dejas varias horas.<\/p>\n<p>Por ejemplo, dejando a un lado la cantidad de frigor\u00edas que tenga el aire acondicionado, si tu aparato tiene un consumo medio de 800 W, y lo enciendes durante 5 horas al d\u00eda, estar\u00edas gastando unos 4 kWh. Para estimar el coste, consideremos un precio de referencia de la energ\u00eda. Por ejemplo, si el precio medio del kWh para una tarifa dom\u00e9stica es de 0,12\u20ac (depender\u00e1 de la tarifa contratada y si tienes discriminaci\u00f3n horaria, con tarifa PVPC, consulta el precio actualizado), eso equivale a unos 0,48\u20ac al d\u00eda, si lo enciendes esas 5 horas.<\/p>\n<p>En funci\u00f3n de las frigor\u00edas, esos 800 W de media podr\u00edan ser m\u00e1s o menos, si no corresponde con el tama\u00f1o de la habitaci\u00f3n. Por ejemplo, si tienes un aire de 1000 frigor\u00edas para un espacio de 40 metros cuadrados, claramente va a ser inferior a lo que necesitas. Si tiene una potencia de 2000 W, tardar\u00e1 bastante en alcanzar la temperatura deseada y el consumo medio ser\u00e1 m\u00e1s que esos 800 W que hemos puesto como ejemplo.<\/p>\n<p>En definitiva, las frigor\u00edas de tu aire acondicionado es algo que debes tener en mente cuando vayas a comprar un aparato de este tipo. Cuantas m\u00e1s tenga, menos tiempo tardar\u00e1 en enfriar una habitaci\u00f3n. Pero debes tener en cuenta lo que hemos explicado y buscar un equilibrio. Por tanto, te aconsejamos que compres un aire que realmente se adapte a lo que necesitas.<\/p>\n<section class=\"post-faq\" readability=\"33\">\n<h2 class=\"post-faq__title\"> Preguntas frecuentes <\/h2>\n<details class=\"post-faq__item\" readability=\"31\">\n<summary class=\"post-faq__question\"> <span class=\"post-faq__question-text\">\u00bfA qu\u00e9 temperatura pongo el aire acondicionado?<\/span> <\/summary>\n<p> Lo ideal, en verano, es tenerlo a 24-25 grados y controlar el consumo. Por la noche, subirlo un grado es lo mejor. <\/p>\n<\/details>\n<details class=\"post-faq__item\" readability=\"29\">\n<summary class=\"post-faq__question\"> <span class=\"post-faq__question-text\">\u00bfQu\u00e9 es el modo Eco?<\/span> <\/summary>\n<p> Es una funci\u00f3n que tienen muchos aires acondicionados para funcionar de forma m\u00e1s eficiente, sin ir al m\u00e1ximo de potencia. <\/p>\n<\/details>\n<details class=\"post-faq__item\" readability=\"31\">\n<summary class=\"post-faq__question\"> <span class=\"post-faq__question-text\">\u00bfPuedo dejar el aire acondicionado de noche?<\/span> <\/summary>\n<p> S\u00ed puedes, pero lo mejor es subir algo la temperatura y, si est\u00e1 disponible en tu modelo, utilizar el modo noche. <\/p>\n<\/details>\n<\/section>\n<p>En calidad de Afiliado de Amazon y otros programas similares, esta web obtiene ingresos por las compras adscritas que cumplen los requisitos aplicables<\/p>\n<\/p><\/div>\n","protected":false},"excerpt":{"rendered":"<p>Ten en cuenta que el aire acondicionado puede llegar a ser un aparato que consuma bastante energ\u00eda en tu d\u00eda a d\u00eda, en los meses de verano. Especialmente, si vives en una zona muy c\u00e1lida, es posible que lo tengas puesto durante muchas horas, incluso por la noche. Elegir un modelo adecuado, va a ser [&hellip;]<\/p>\n","protected":false},"author":1,"featured_media":169150,"comment_status":"closed","ping_status":"closed","sticky":false,"template":"","format":"standard","meta":[],"categories":[42],"tags":[],"_links":{"self":[{"href":"http:\/\/cordobadirecto.com\/index.php\/wp-json\/wp\/v2\/posts\/169149"}],"collection":[{"href":"http:\/\/cordobadirecto.com\/index.php\/wp-json\/wp\/v2\/posts"}],"about":[{"href":"http:\/\/cordobadirecto.com\/index.php\/wp-json\/wp\/v2\/types\/post"}],"author":[{"embeddable":true,"href":"http:\/\/cordobadirecto.com\/index.php\/wp-json\/wp\/v2\/users\/1"}],"replies":[{"embeddable":true,"href":"http:\/\/cordobadirecto.com\/index.php\/wp-json\/wp\/v2\/comments?post=169149"}],"version-history":[{"count":0,"href":"http:\/\/cordobadirecto.com\/index.php\/wp-json\/wp\/v2\/posts\/169149\/revisions"}],"wp:featuredmedia":[{"embeddable":true,"href":"http:\/\/cordobadirecto.com\/index.php\/wp-json\/wp\/v2\/media\/169150"}],"wp:attachment":[{"href":"http:\/\/cordobadirecto.com\/index.php\/wp-json\/wp\/v2\/media?parent=169149"}],"wp:term":[{"taxonomy":"category","embeddable":true,"href":"http:\/\/cordobadirecto.com\/index.php\/wp-json\/wp\/v2\/categories?post=169149"},{"taxonomy":"post_tag","embeddable":true,"href":"http:\/\/cordobadirecto.com\/index.php\/wp-json\/wp\/v2\/tags?post=169149"}],"curies":[{"name":"wp","href":"https:\/\/api.w.org\/{rel}","templated":true}]}}