{"id":169152,"date":"2025-06-25T06:20:35","date_gmt":"2025-06-25T06:20:35","guid":{"rendered":"https:\/\/puntoapunto.com.ar\/?p=374288"},"modified":"2025-06-25T06:20:35","modified_gmt":"2025-06-25T06:20:35","slug":"edicion-semanal-el-camino-hacia-la-competitividad","status":"publish","type":"post","link":"http:\/\/cordobadirecto.com\/index.php\/2025\/06\/25\/edicion-semanal-el-camino-hacia-la-competitividad\/","title":{"rendered":"Edici\u00f3n semanal: El camino hacia la competitividad"},"content":{"rendered":"<p>&nbsp;<!-- \u00a1O bien no hay banners, estan desactivados o no estan programados para esta ubicaci\u00f3n! -->\n<\/p>\n<p>Pese a los buenos datos de la inflaci\u00f3n y a algunos signos de despegue sectorial, <strong>la reactivaci\u00f3n micro sigue ralentizada.<\/strong> El consenso es claro: avanzar hacia las reformas de fondo.<strong> C\u00f3mo se llega a octubre y las advertencias que ve el empresariado.<\/strong>\n<\/p>\n<h3><strong>Le\u00e9 la revista<\/strong><\/h3>\n<p><img decoding=\"async\" class=\"aligncenter size-full wp-image-341569\" src=\"http:\/\/cordobadirecto.com\/wp-content\/uploads\/2025\/06\/edicion-semanal-el-camino-hacia-la-competitividad.jpg\" alt width=\"300\" height=\"80\" loading=\"lazy\">\n<\/p>\n<p><strong>Adem\u00e1s:<\/strong>\n<\/p>\n<ul>\n<li><strong>Desde el subsuelo: se\u00f1ales de mejora en una econom\u00eda a\u00fan desconectada del bolsillo<\/strong><\/li>\n<\/ul>\n<p><em>Ventas que repuntan, salarios en recuperaci\u00f3n y un d\u00f3lar estable contrastan con la percepci\u00f3n de estancamiento. Para el economista Gast\u00f3n Utrera, el desaf\u00edo es pol\u00edtico y estructural: acelerar reformas antes de que el ajuste vuelva por el tipo de cambio.<\/em><!-- \u00a1O bien no hay banners, estan desactivados o no estan programados para esta ubicaci\u00f3n! -->\n<\/p>\n<ul>\n<li><strong>Bugliotti: \u201cEl peor error que puede cometer el gobierno es romper el d\u00e9ficit 0 y devaluar\u201d<\/strong><\/li>\n<\/ul>\n<p><em>Para el titular del Grupo Dinosaurio es clave que el gobierno mantenga el rumbo de la gesti\u00f3n econ\u00f3mica, aunque advierte por los problemas para generar empleo. Pide a la oposici\u00f3n m\u00e1s apoyo y reconoce que ve precios con \u201cdeflaci\u00f3n\u201d en sus g\u00f3ndolas.<\/em><\/p>\n<ul>\n<li><strong>Agroindustria: c\u00f3mo es el plan para impulsar, desde C\u00f3rdoba, la producci\u00f3n y consumo de carne<\/strong><br \/><strong>de cerdo<\/strong><\/li>\n<\/ul>\n<p><em>Entidades empresarias como PORMAG, CAPPCOR y la Federaci\u00f3n Porcina junto al Ministerio de Bioagroindustria de C\u00f3rdoba buscan duplicar el consumo per c\u00e1pita actual. Desaf\u00edos y oportunidades del sector.<\/em>\n<\/p>\n<ul>\n<li><strong>El cerdo argentino ante un nuevo desaf\u00edo: entre el crecimiento interno y la amenaza brasile\u00f1a<\/strong><\/li>\n<\/ul>\n<p><em>Jos\u00e9 Arrieta, presidente de la<a href=\"https:\/\/www.cappcor.com.ar\/la-camara\/\"> C\u00e1mara de Productores de Cerdos<\/a>, advierte sobre los riesgos que implica la creciente importaci\u00f3n de carne porcina desde Brasil y reclama condiciones de competencia equitativas. Adem\u00e1s, detalla las metas del sector, la necesidad de ampliar las exportaciones y el rol clave de C\u00f3rdoba como principal productor del pa\u00eds.<\/em>\n<\/p>\n<ul>\n<li><strong>Costos, baja demanda y exportaciones en retroceso: los frenos de la <a href=\"https:\/\/puntoapunto.com.ar\/fuerte-repunte-de-industria-automotriz-produccion-crecio-25-en-mayo-y-ya-supera-las-200-mil-unidades\/\">industria <\/a>argentina<\/strong><\/li>\n<\/ul>\n<p><em>La \u00faltima encuesta de la UIA refleja una leve mejora en la actividad, pero el sector manufacturero sigue condicionado por m\u00faltiples obst\u00e1culos estructurales y macroecon\u00f3micos.<\/em>\n<\/p>\n<ul>\n<li><strong>Del hotel familiar a los grandes fuegos: la historia de Roal Zuzulich<\/strong><\/li>\n<\/ul>\n<p><em>Desde la cocina familiar hasta la formaci\u00f3n de nuevos talentos, el chef y empresario gastron\u00f3mico construy\u00f3 una carrera marcada por la colaboraci\u00f3n, el producto local y una filosof\u00eda que prioriza la experiencia por sobre la t\u00e9cnica.<\/em>\n<\/p>\n<div class=\"g g-38\">\n<div class=\"g-dyn a-12 c-1\"><a class=\"gofollow\" data-track=\"MTIsMzgsMSw2MA==\" href=\"https:\/\/www.farmaciashpfarma.com.ar\/blog\/institucional\/beneficios-corporativos-en-campana-antigripal.html\" target=\"_blank\" rel=\"noopener\"><img decoding=\"async\" src=\"http:\/\/cordobadirecto.com\/wp-content\/uploads\/2025\/06\/edicion-semanal-el-camino-hacia-la-competitividad.gif\" loading=\"lazy\"><\/a><\/div>\n<\/div>\n","protected":false},"excerpt":{"rendered":"<p>&nbsp; Pese a los buenos datos de la inflaci\u00f3n y a algunos signos de despegue sectorial, la reactivaci\u00f3n micro sigue ralentizada. El consenso es claro: avanzar hacia las reformas de fondo. C\u00f3mo se llega a octubre y las advertencias que ve el empresariado. Le\u00e9 la revista Adem\u00e1s: Desde el subsuelo: se\u00f1ales de mejora en una [&hellip;]<\/p>\n","protected":false},"author":1,"featured_media":169153,"comment_status":"closed","ping_status":"closed","sticky":false,"template":"","format":"standard","meta":[],"categories":[25],"tags":[],"_links":{"self":[{"href":"http:\/\/cordobadirecto.com\/index.php\/wp-json\/wp\/v2\/posts\/169152"}],"collection":[{"href":"http:\/\/cordobadirecto.com\/index.php\/wp-json\/wp\/v2\/posts"}],"about":[{"href":"http:\/\/cordobadirecto.com\/index.php\/wp-json\/wp\/v2\/types\/post"}],"author":[{"embeddable":true,"href":"http:\/\/cordobadirecto.com\/index.php\/wp-json\/wp\/v2\/users\/1"}],"replies":[{"embeddable":true,"href":"http:\/\/cordobadirecto.com\/index.php\/wp-json\/wp\/v2\/comments?post=169152"}],"version-history":[{"count":0,"href":"http:\/\/cordobadirecto.com\/index.php\/wp-json\/wp\/v2\/posts\/169152\/revisions"}],"wp:featuredmedia":[{"embeddable":true,"href":"http:\/\/cordobadirecto.com\/index.php\/wp-json\/wp\/v2\/media\/169153"}],"wp:attachment":[{"href":"http:\/\/cordobadirecto.com\/index.php\/wp-json\/wp\/v2\/media?parent=169152"}],"wp:term":[{"taxonomy":"category","embeddable":true,"href":"http:\/\/cordobadirecto.com\/index.php\/wp-json\/wp\/v2\/categories?post=169152"},{"taxonomy":"post_tag","embeddable":true,"href":"http:\/\/cordobadirecto.com\/index.php\/wp-json\/wp\/v2\/tags?post=169152"}],"curies":[{"name":"wp","href":"https:\/\/api.w.org\/{rel}","templated":true}]}}