{"id":16918,"date":"2021-09-03T22:13:09","date_gmt":"2021-09-03T22:13:09","guid":{"rendered":"https:\/\/www.cordoba.gob.ar\/?p=12980"},"modified":"2021-09-03T22:13:09","modified_gmt":"2021-09-03T22:13:09","slug":"abren-las-inscripciones-para-la-segunda-edicion-de-jovenes-parlamentarios","status":"publish","type":"post","link":"http:\/\/cordobadirecto.com\/index.php\/2021\/09\/03\/abren-las-inscripciones-para-la-segunda-edicion-de-jovenes-parlamentarios\/","title":{"rendered":"Abren las inscripciones para la segunda edici\u00f3n de \u201cJ\u00f3venes Parlamentarios\u201d"},"content":{"rendered":"<div><img src=\"http:\/\/cordobadirecto.com\/wp-content\/uploads\/2021\/09\/abren-las-inscripciones-para-la-segunda-edicion-de-jovenes-parlamentarios.jpg\" class=\"ff-og-image-inserted\"><\/div>\n<ul>\n<li><strong>Se realizar\u00e1 los d\u00edas 18 y 19 de septiembre en la sede de la ex Legislatura.<\/strong><\/li>\n<li><strong>Con cupos limitados, est\u00e1 destinada a j\u00f3venes de los \u00faltimos a\u00f1os de instituciones p\u00fablicas y privadas.<\/strong><\/li>\n<li><strong>Debatir\u00e1n temas relacionados a Juventud, Derechos Humanos, Ambiente y Democracia.<\/strong><\/li>\n<\/ul>\n<hr>\n<p>Los d\u00edas 18 y 19 de septiembre se llevar\u00e1 adelante la segunda edici\u00f3n del programa J\u00f3venes Parlamentarios, una iniciativa municipal para generar un espacio de discusi\u00f3n y participaci\u00f3n ciudadana para la juventud a trav\u00e9s de una din\u00e1mica similar a la que desarrolla la c\u00e1mara de diputados de la naci\u00f3n.<\/p>\n<p>El programa de la Direcci\u00f3n de Juventud, dependiente de la Secretar\u00eda de Gobierno, tiene como eje promover la participaci\u00f3n de los j\u00f3venes con el objetivo de fortalecer y consolidar una cultura democr\u00e1tica en la ciudad. A trav\u00e9s de la innovaci\u00f3n, y la combinaci\u00f3n de elementos pedag\u00f3gicos con pr\u00e1cticas activas, se busca estimular el pensamiento cr\u00edtico y la cultura del di\u00e1logo en la juventud. Y tambi\u00e9n lograr el compromiso de los j\u00f3venes con tem\u00e1ticas relacionadas a la salud, la consolidaci\u00f3n de la democracia, los derechos humanos, el empleo, la educaci\u00f3n, la innovaci\u00f3n tecnol\u00f3gica, la sexualidad, la diversidad de g\u00e9neros, la econom\u00eda, la pol\u00edtica internacional, el sistema de partidos, la pr\u00e1ctica legislativa, entre otras.<\/p>\n<p>J\u00f3venes Parlamentarios est\u00e1 destinado a estudiantes de colegios secundarios de la ciudad de 16 a 20 a\u00f1os quienes podr\u00e1n inscribirse desde \u00e9ste viernes, de manera gratuita y con cupos limitados a trav\u00e9s del siguiente <strong><a href=\"https:\/\/docs.google.com\/forms\/d\/1ZzkK2Nl05ho4JNJ4XbQ0sAMBElBC5VAxS0eSnFgCPYQ\">link.<\/a><\/strong><\/p>\n<p>Las jornadas se desarrollar\u00e1n en dos etapas. En una primera instancia ser\u00e1 de capacitaci\u00f3n, workshops y actividades virtuales. La segunda etapa, se realiza con la simulaci\u00f3n de la instituci\u00f3n a representar: la Honorable C\u00e1mara de Diputados de la Naci\u00f3n, los d\u00edas 18 y 19 de septiembre en la ex Legislatura de C\u00f3rdoba, Dean Funes 94. Los participantes ser\u00e1n quienes representar\u00e1n, como parlamentarios, a un determinado bloque pol\u00edtico. Desde ese lugar, debatir\u00e1n distintos temas, redactar\u00e1n proyectos de ley y negociar\u00e1n posibles modificaciones.<\/p>\n<p>Requisitos para participar<br \/>1) Tener entre diecis\u00e9is (16) y veinte (20) a\u00f1os, al momento de la inscripci\u00f3n al modelo.<br \/>3) Ser alumno de quinto, sexto o s\u00e9ptimo a\u00f1o.<br \/>2) Estar inscriptos.<br \/>4) Asistir a una Instituci\u00f3n educativa de C\u00f3rdoba Capital.<br \/>5) Ser alumno regular del nivel secundario en el a\u00f1o 2021.<br \/>6) Tener presentada toda la documentaci\u00f3n solicitada al momento de realizar el modelo. (Ficha m\u00e9dica, autorizaci\u00f3n de los padres en caso de ser menor).<\/p>\n","protected":false},"excerpt":{"rendered":"<p>Se realizar\u00e1 los d\u00edas 18 y 19 de septiembre en la sede de la ex Legislatura. Con cupos limitados, est\u00e1 destinada a j\u00f3venes de los \u00faltimos a\u00f1os de instituciones p\u00fablicas y privadas. Debatir\u00e1n temas relacionados a Juventud, Derechos Humanos, Ambiente y Democracia. Los d\u00edas 18 y 19 de septiembre se llevar\u00e1 adelante la segunda edici\u00f3n [&hellip;]<\/p>\n","protected":false},"author":1,"featured_media":16919,"comment_status":"closed","ping_status":"closed","sticky":false,"template":"","format":"standard","meta":[],"categories":[44],"tags":[],"_links":{"self":[{"href":"http:\/\/cordobadirecto.com\/index.php\/wp-json\/wp\/v2\/posts\/16918"}],"collection":[{"href":"http:\/\/cordobadirecto.com\/index.php\/wp-json\/wp\/v2\/posts"}],"about":[{"href":"http:\/\/cordobadirecto.com\/index.php\/wp-json\/wp\/v2\/types\/post"}],"author":[{"embeddable":true,"href":"http:\/\/cordobadirecto.com\/index.php\/wp-json\/wp\/v2\/users\/1"}],"replies":[{"embeddable":true,"href":"http:\/\/cordobadirecto.com\/index.php\/wp-json\/wp\/v2\/comments?post=16918"}],"version-history":[{"count":0,"href":"http:\/\/cordobadirecto.com\/index.php\/wp-json\/wp\/v2\/posts\/16918\/revisions"}],"wp:featuredmedia":[{"embeddable":true,"href":"http:\/\/cordobadirecto.com\/index.php\/wp-json\/wp\/v2\/media\/16919"}],"wp:attachment":[{"href":"http:\/\/cordobadirecto.com\/index.php\/wp-json\/wp\/v2\/media?parent=16918"}],"wp:term":[{"taxonomy":"category","embeddable":true,"href":"http:\/\/cordobadirecto.com\/index.php\/wp-json\/wp\/v2\/categories?post=16918"},{"taxonomy":"post_tag","embeddable":true,"href":"http:\/\/cordobadirecto.com\/index.php\/wp-json\/wp\/v2\/tags?post=16918"}],"curies":[{"name":"wp","href":"https:\/\/api.w.org\/{rel}","templated":true}]}}