{"id":169197,"date":"2025-06-25T20:38:38","date_gmt":"2025-06-25T20:38:38","guid":{"rendered":"https:\/\/www.ole.com.ar\/autos\/mercedes-benz-presencia-participara-turismo-carretera-tc_0_LSl8upowdH.html"},"modified":"2025-06-25T20:38:38","modified_gmt":"2025-06-25T20:38:38","slug":"la-actc-anuncio-la-llegada-de-mercedes-benz-al-tc-para-2026","status":"publish","type":"post","link":"http:\/\/cordobadirecto.com\/index.php\/2025\/06\/25\/la-actc-anuncio-la-llegada-de-mercedes-benz-al-tc-para-2026\/","title":{"rendered":"La ACTC anunci\u00f3 la llegada de Mercedes-Benz al TC para 2026"},"content":{"rendered":"<p><span class=\"createDate\">25\/06\/2025 17:38hs.<\/span><time class=\"modificatedDate\" datetime=\"2025-06-25T17:41:48-03:00\"> Actualizado al 25\/06\/2025 17:41hs.<\/time><\/p>\n<div id=\"storyBody\">\n<div class=\"custom-text \" readability=\"38.414414414414\">\n<p><strong>La llegada de Toyota al <a href=\"https:\/\/www.ole.com.ar\/tema\/turismo-carretera.html\" target=\"_self\" title=\"Turismo Carretera,\" alt=\"Turismo Carretera,\" rel=\"noopener\">Turismo Carretera,<\/a><\/strong> que en su momento fue mirada de reojo por algunos hinchas, <strong>abri\u00f3 la puerta a otras grandes firmas<\/strong> en la categor\u00eda. <strong>Ahora, otra firma de peso internacional, con equipo propio en la <a href=\"https:\/\/www.ole.com.ar\/tema\/formula-1.html\" target=\"_self\" title=\"F\u00f3rmula 1\" alt=\"F\u00f3rmula 1\" rel=\"noopener\">F\u00f3rmula 1<\/a> y prestigio global,<\/strong> decidi\u00f3 seguir ese camino e ingresar al certamen automovil\u00edstico m\u00e1s antiguo del mundo. <strong>Se trata de Mercedes-Benz, que se convertir\u00e1 en la sexta marca en competir en la temporada 2026.<\/strong><\/p>\n<\/div>\n<p><h2><strong>C\u00f3mo se concret\u00f3 la llegada de Mercedes al TC<\/strong><\/h2>\n<\/p>\n<div class=\"custom-text \" readability=\"40\">\n<p><strong>La presencia de la Estrella Plateada en el campeonato,<\/strong> desde el pr\u00f3ximo a\u00f1o, <strong>responde al reciente relanzamiento de Mercedes en Argentina <\/strong>bajo una renovada representaci\u00f3n. La empresa Prestige Auto ser\u00e1 la nueva cara de la firma alemana en el pa\u00eds, y su CEO, <strong>Daniel Herrero, no es ajeno al automovilismo:<\/strong> no es la primera vez que incorpora una marca a la competencia.<\/p>\n<\/div>\n<div class=\"custom-text \" readability=\"39\">\n<p>El empresario fue presidente de Toyota cuando la firma japonesa concret\u00f3 su desembarco en el TC. <strong>Ahora, logr\u00f3 que Mercedes se sume como la sexta opci\u00f3n dentro de la categor\u00eda, junto a Chevrolet, Ford, Dodge, Torino y Toyota.<\/strong><\/p>\n<\/div>\n<div class=\"sc-e7b891c4-0 ifHnQL image-embed\"><img alt=\"Un dise\u00f1o no oficial de lo que ser\u00eda un auto de Mercedes en el TC con el estilo que utiliza el equipo en la F1. (Foto: \u00c1rea75)\" loading=\"lazy\" width=\"720\" height=\"100\" decoding=\"async\" data-nimg=\"1\" src=\"http:\/\/cordobadirecto.com\/wp-content\/uploads\/2025\/06\/la-actc-anuncio-la-llegada-de-mercedes-benz-al-tc-para-2026.jpg\"><span class=\"epigraphe\">Un dise\u00f1o no oficial de lo que ser\u00eda un auto de Mercedes en el TC con el estilo que utiliza el equipo en la F1. (Foto: \u00c1rea75)<\/span><\/div>\n<div class=\"custom-text \" readability=\"37\">\n<p>Un d\u00eda despu\u00e9s de la fecha en la que se conmemora a los pilotos en Argentina (24 de junio), en homenaje al nacimiento de Juan Manuel Fangio -quien corri\u00f3 para la firma alemana-, <strong>Daniel Herrero habl\u00f3 con el medio Motor1 y expres\u00f3 su intenci\u00f3n de recuperar el esp\u00edritu deportivo de Mercedes en el pa\u00eds.<\/strong><\/p>\n<\/div>\n<div class=\"custom-text \" readability=\"42\">\n<p><strong>&#8220;En Mercedes-Benz tenemos la divisi\u00f3n AMG y queremos impulsar muchos proyectos con esos modelos.<\/strong> Son autos deportivos, pero tambi\u00e9n sofisticados. Se pueden usar a diario y, a la vez, ofrecen prestaciones de alto rendimiento, propias de la competici\u00f3n. Son un placer de conducir, incluso a baja velocidad. <strong>Salvando las distancias, es algo parecido a lo que buscamos en su momento con Toyota Gazoo Racing.<\/strong> Hasta la Hilux GR ten\u00eda que transmitir esa emoci\u00f3n al volante&#8221;, coment\u00f3 el titular de la empresa que representa a la Estrella.<\/p>\n<\/div>\n<div class=\"sc-e7b891c4-0 ifHnQL image-embed\"><img alt=\"Daniel Herrero. (Foto: Rafael Mario Quinteros - FTP CLARIN)\" loading=\"lazy\" width=\"720\" height=\"100\" decoding=\"async\" data-nimg=\"1\" src=\"http:\/\/cordobadirecto.com\/wp-content\/uploads\/2025\/06\/la-actc-anuncio-la-llegada-de-mercedes-benz-al-tc-para-2026-1.jpg\"><span class=\"epigraphe\">Daniel Herrero. (Foto: Rafael Mario Quinteros &#8211; FTP CLARIN)<\/span><\/div>\n<p><h2><strong>Mercedes ya tuvo presencia en el TC en el pasado<\/strong><\/h2>\n<\/p>\n<div class=\"custom-text \" readability=\"38\">\n<p><strong>La llegada de la marca alemana no es un debut en la categor\u00eda, sino un regreso.<\/strong> En el primer campeonato de Turismo Carretera, <strong>en 1937,<\/strong> el piloto santafesino Luis Brosutti corri\u00f3 con un Mercedes y termin\u00f3 segundo en el certamen. <strong>88 a\u00f1os despu\u00e9s, la Estrella volver\u00e1 a brillar en el TC.<\/strong><\/p>\n<\/div>\n<p><h2><strong>As\u00ed fue la bienvenida de la ACTC a Mercedes<\/strong><\/h2>\n<\/p>\n<div class=\"custom-text \" readability=\"40\">\n<p><strong>&#8220;El Turismo Carretera, la categor\u00eda m\u00e1s antigua del mundo reconocida por el R\u00e9cord Guinness, le da la bienvenida a una de las compa\u00f1\u00edas m\u00e1s importantes a nivel global: Mercedes-Benz.<\/strong> La firma alemana, con presencia en la F\u00f3rmula 1 y en las competencias m\u00e1s prestigiosas del automovilismo internacional, confirm\u00f3 su incorporaci\u00f3n al TC&#8221;,<strong> expres\u00f3 la Asociaci\u00f3n.<\/strong><\/p>\n<\/div>\n<div class=\"sc-e7b891c4-0 ifHnQL image-embed\"><img alt=\"El coche de Otto Fritzler durante la carrera del Turismo Carretera en Posadas, que gan\u00f3 este fin de semana.\n(Prensa Pradecon Racing \/ Germ\u00e1n Alt \/ Julieta Palma)\" loading=\"lazy\" width=\"720\" height=\"100\" decoding=\"async\" data-nimg=\"1\" src=\"http:\/\/cordobadirecto.com\/wp-content\/uploads\/2025\/06\/la-actc-anuncio-la-llegada-de-mercedes-benz-al-tc-para-2026-2.jpg\"><span class=\"epigraphe\">El coche de Otto Fritzler durante la carrera del Turismo Carretera en Posadas, que gan\u00f3 este fin de semana.<br \/>\n(Prensa Pradecon Racing \/ Germ\u00e1n Alt \/ Julieta Palma)<\/span><\/div>\n<div class=\"sc-a7166897-0 eoLsBE\" readability=\"6\">\n<section readability=\"2\"><picture><img alt=\"Pierre Gasly: de la decepci\u00f3n al objetivo que se plante\u00f3 para el GP de Austria\" loading=\"lazy\" width=\"290\" height=\"290\" decoding=\"async\" data-nimg=\"1\" src=\"http:\/\/cordobadirecto.com\/wp-content\/uploads\/2025\/06\/la-actc-anuncio-la-llegada-de-mercedes-benz-al-tc-para-2026-3.jpg\"><\/picture>\n<p><span>Mir\u00e1 tambi\u00e9n<\/span><\/p>\n<hr>\n<h3>Pierre Gasly: de la decepci\u00f3n al objetivo que se plante\u00f3 para el GP de Austria<\/h3>\n<\/p>\n<\/section>\n<\/div>\n<div class=\"sc-a7166897-0 eoLsBE\" readability=\"7\">\n<section readability=\"4\"><picture><img alt=\"Franco Colapinto en el GP de Austria de la F\u00f3rmula 1: cu\u00e1ndo corre, horarios y c\u00f3mo ver\" loading=\"lazy\" width=\"290\" height=\"290\" decoding=\"async\" data-nimg=\"1\" src=\"http:\/\/cordobadirecto.com\/wp-content\/uploads\/2025\/06\/la-actc-anuncio-la-llegada-de-mercedes-benz-al-tc-para-2026-4.jpg\"><\/picture>\n<p><span>Mir\u00e1 tambi\u00e9n<\/span><\/p>\n<hr>\n<h3>Franco Colapinto en el GP de Austria de la F\u00f3rmula 1: cu\u00e1ndo corre, horarios y c\u00f3mo ver<\/h3>\n<\/p>\n<\/section>\n<\/div>\n<div class=\"sc-a7166897-0 eoLsBE\" readability=\"7\">\n<section readability=\"4\"><picture><img alt=\"As\u00ed mostr\u00f3 Franco Colapinto c\u00f3mo se maneja en Austria, donde ya gan\u00f3 y vuelve a correr\" loading=\"lazy\" width=\"290\" height=\"290\" decoding=\"async\" data-nimg=\"1\" src=\"http:\/\/cordobadirecto.com\/wp-content\/uploads\/2025\/06\/la-actc-anuncio-la-llegada-de-mercedes-benz-al-tc-para-2026-5.jpg\"><\/picture>\n<p><span>Mir\u00e1 tambi\u00e9n<\/span><\/p>\n<hr>\n<h3>As\u00ed mostr\u00f3 Franco Colapinto c\u00f3mo se maneja en Austria, donde ya gan\u00f3 y vuelve a correr<\/h3>\n<\/p>\n<\/section>\n<\/div>\n<\/div>\n","protected":false},"excerpt":{"rendered":"<p>25\/06\/2025 17:38hs. Actualizado al 25\/06\/2025 17:41hs. La llegada de Toyota al Turismo Carretera, que en su momento fue mirada de reojo por algunos hinchas, abri\u00f3 la puerta a otras grandes firmas en la categor\u00eda. Ahora, otra firma de peso internacional, con equipo propio en la F\u00f3rmula 1 y prestigio global, decidi\u00f3 seguir ese camino e [&hellip;]<\/p>\n","protected":false},"author":1,"featured_media":169198,"comment_status":"closed","ping_status":"closed","sticky":false,"template":"","format":"standard","meta":[],"categories":[21],"tags":[],"_links":{"self":[{"href":"http:\/\/cordobadirecto.com\/index.php\/wp-json\/wp\/v2\/posts\/169197"}],"collection":[{"href":"http:\/\/cordobadirecto.com\/index.php\/wp-json\/wp\/v2\/posts"}],"about":[{"href":"http:\/\/cordobadirecto.com\/index.php\/wp-json\/wp\/v2\/types\/post"}],"author":[{"embeddable":true,"href":"http:\/\/cordobadirecto.com\/index.php\/wp-json\/wp\/v2\/users\/1"}],"replies":[{"embeddable":true,"href":"http:\/\/cordobadirecto.com\/index.php\/wp-json\/wp\/v2\/comments?post=169197"}],"version-history":[{"count":0,"href":"http:\/\/cordobadirecto.com\/index.php\/wp-json\/wp\/v2\/posts\/169197\/revisions"}],"wp:featuredmedia":[{"embeddable":true,"href":"http:\/\/cordobadirecto.com\/index.php\/wp-json\/wp\/v2\/media\/169198"}],"wp:attachment":[{"href":"http:\/\/cordobadirecto.com\/index.php\/wp-json\/wp\/v2\/media?parent=169197"}],"wp:term":[{"taxonomy":"category","embeddable":true,"href":"http:\/\/cordobadirecto.com\/index.php\/wp-json\/wp\/v2\/categories?post=169197"},{"taxonomy":"post_tag","embeddable":true,"href":"http:\/\/cordobadirecto.com\/index.php\/wp-json\/wp\/v2\/tags?post=169197"}],"curies":[{"name":"wp","href":"https:\/\/api.w.org\/{rel}","templated":true}]}}