{"id":169199,"date":"2025-06-25T13:24:48","date_gmt":"2025-06-25T13:24:48","guid":{"rendered":"https:\/\/www.ole.com.ar\/autos\/franco-colapinto-gp-austria-f1-formula-1-corre-ver-tv_0_ZLNf2YlNHd.html"},"modified":"2025-06-25T13:24:48","modified_gmt":"2025-06-25T13:24:48","slug":"franco-colapinto-en-el-gp-de-austria-de-la-formula-1-cuando-corre-horarios-y-como-ver","status":"publish","type":"post","link":"http:\/\/cordobadirecto.com\/index.php\/2025\/06\/25\/franco-colapinto-en-el-gp-de-austria-de-la-formula-1-cuando-corre-horarios-y-como-ver\/","title":{"rendered":"Franco Colapinto en el GP de Austria de la F\u00f3rmula 1: cu\u00e1ndo corre, horarios y c\u00f3mo ver"},"content":{"rendered":"<p><time class=\"createDate\" datetime=\"2025-06-25T10:24:48-03:00\">25\/06\/2025 10:24hs.<\/time><\/p>\n<div id=\"storyBody\">\n<div class=\"custom-text \" readability=\"38\">\n<p>La <strong>F\u00f3rmula 1<\/strong> le dio una semana de descanso a los fierreros despu\u00e9s del <strong>Gran Premio de Canad\u00e1<\/strong>, pero este finde ya est\u00e1 lista para volver al ruedo. La categor\u00eda estar\u00e1 de vuelta en el marco de la 11a fecha del calendario de la temporada 2025, <strong>del 27 al 29 de junio<\/strong> en el circuito <strong>Red Bull Ring de Spielberg, en Austria.<\/strong><\/p>\n<\/div>\n<div class=\"custom-text \" readability=\"38.445544554455\">\n<p>En el asfalto austr\u00edaco,<strong> <a href=\"https:\/\/www.ole.com.ar\/tema\/franco-colapinto.html\" title=\"Franco Colapinto\" alt=\"Franco Colapinto\" class=\"slug\">Franco Colapinto<\/a><\/strong> correr\u00e1 su quinta carrera del a\u00f1o despu\u00e9s de un<strong> <a href=\"https:\/\/www.ole.com.ar\/autos\/franco-colapinto-gp-canada-horario-ve-carrera-vivo-hoy-tv-online_0_uhAlMzrd3D.html\" target=\"_self\" title=\"fin de semana agridulce en Montreal\" alt=\"fin de semana agridulce en Montreal\" rel=\"noopener\">fin de semana agridulce en Montreal<\/a><\/strong>, donde obtuvo una buena posici\u00f3n de largada, la d\u00e9cima, pero <strong>termin\u00f3 en el puesto 13\u00b0<\/strong>. Ahora, otra vez en Europa, <strong>tanto \u00e9l como Alpine buscar\u00e1n un buen resultado<\/strong>: Fran, para sumar sus primeros puntos, y la escuder\u00eda, para salir del fondo de la tabla de Constructores.<\/p>\n<\/div>\n<div class=\"sc-e7b891c4-0 ifHnQL image-embed\"><img alt=\"Colapinto quiere mejorar el ritmo que encontr\u00f3 en Canad\u00e1. (REUTER)\" loading=\"lazy\" width=\"720\" height=\"100\" decoding=\"async\" data-nimg=\"1\" src=\"http:\/\/cordobadirecto.com\/wp-content\/uploads\/2025\/06\/franco-colapinto-en-el-gp-de-austria-de-la-formula-1-cuando-corre-horarios-y-como-ver.jpg\"><span class=\"epigraphe\">Colapinto quiere mejorar el ritmo que encontr\u00f3 en Canad\u00e1. (REUTER)<\/span><\/div>\n<div class=\"custom-text \" readability=\"34\">\n<p>A continuaci\u00f3n, el <strong>cronograma completo<\/strong> con los horarios para seguir toda la actividad de esta fecha clave para el piloto pilarense y su equipo desde Argentina.<\/p>\n<\/div>\n<p><h2>Horarios del GP de Austria 2025 de la F1 y c\u00f3mo ver<\/h2>\n<\/p>\n<p><h3>Viernes 27 de junio<\/h3>\n<\/p>\n<div class=\"custom-text \">\n<ul>\n<li><strong>Pr\u00e1ctica libre 1<\/strong>: 8.30 a 9.30<\/li>\n<li><strong>Pr\u00e1ctica libre 2<\/strong>: 12 a 13<\/li>\n<\/ul>\n<\/div>\n<p><h3>S\u00e1bado 28 de junio<\/h3>\n<\/p>\n<div class=\"custom-text \">\n<ul>\n<li><strong>Pr\u00e1ctica libre 3<\/strong>: de 7.30 a 8.30<\/li>\n<li><strong>Clasificaci\u00f3n<\/strong>: 11 a 12<\/li>\n<\/ul>\n<\/div>\n<p><h3>Domingo 29 de junio<\/h3>\n<\/p>\n<div class=\"custom-text \">\n<ul>\n<li><strong>Carrera<\/strong>: a las 10<\/li>\n<\/ul>\n<\/div>\n<div class=\"custom-text \" readability=\"32\">\n<p>Las tres jornadas del<strong> GP de Austria<\/strong> se podr\u00e1n ver por Fox Sports y Disney+ Premium.<\/p>\n<\/div>\n<div class=\"sc-e7b891c4-0 ifHnQL image-embed\"><img alt=\"Colapinto y Gasly ir\u00e1n por los puntos este fin de semana.\" loading=\"lazy\" width=\"720\" height=\"100\" decoding=\"async\" data-nimg=\"1\" src=\"http:\/\/cordobadirecto.com\/wp-content\/uploads\/2025\/06\/franco-colapinto-en-el-gp-de-austria-de-la-formula-1-cuando-corre-horarios-y-como-ver-1.jpg\"><span class=\"epigraphe\">Colapinto y Gasly ir\u00e1n por los puntos este fin de semana.<\/span><\/div>\n<p><h2>Colapinto en el circuito Red Bull Ring, un viejo conocido<\/h2>\n<\/p>\n<div class=\"custom-text \" readability=\"34.99511002445\">\n<p>No ser\u00e1 la primera vez que el argentino de 22 a\u00f1os compita en el circuito austr\u00edaco. <strong>Ya corri\u00f3 nueve veces en \u00e9l <\/strong>y, aunque nunca lo hizo en el marco de la <strong>F\u00f3rmula 1<\/strong>, <a href=\"https:\/\/www.ole.com.ar\/autos\/franco-colapinto-circuito-austria-formula-1-conoce-bien_0_YTeyPfGBYX.html\" target=\"_self\" title=\"antecedentes en categor\u00edas inferiores\" alt=\"antecedentes en categor\u00edas inferiores\" rel=\"noopener\">sus antecedentes en categor\u00edas inferiores<\/a> son muy positivos:<strong> una victoria y cuatro podios<\/strong>. Su \u00faltima carrera fue en 2024 por la F2, cuando se llev\u00f3 un segundo lugar por detr\u00e1s de Gabriel Bortoleto, actual piloto de la F1 para Sauber.<\/p>\n<\/div>\n<div class=\"custom-text \" readability=\"31.670886075949\">\n<p><strong>Franco<\/strong> <strong><a href=\"https:\/\/www.ole.com.ar\/autos\/dijo-franco-colapinto-correr-gp-austria-formula-1_0_GeFrNyBTWp.html\" target=\"_self\" title=\" habl\u00f3 de la pista en la previa del GP\" alt=\" habl\u00f3 de la pista en la previa del GP\" rel=\"noopener\">habl\u00f3 de la pista en la previa del GP<\/a><\/strong>: &#8220;Es un circuito para pilotos de verdad porque ten\u00e9s que acertar en todo y mantenerte constante con el ritmo, ya que el tiempo de vuelta es demasiado corto.<strong> La presi\u00f3n va a estar en maximizar todo en la clasificaci\u00f3n y as\u00ed tener una buena chance de asegurar puntos<\/strong>&#8220;. <\/p>\n<\/div>\n<div class=\"sc-e7b891c4-0 ifHnQL image-embed\"><img alt=\"El podio de Colapinto en Austria para la F\u00f3rmula 2.\" loading=\"lazy\" width=\"720\" height=\"100\" decoding=\"async\" data-nimg=\"1\" src=\"http:\/\/cordobadirecto.com\/wp-content\/uploads\/2025\/06\/franco-colapinto-en-el-gp-de-austria-de-la-formula-1-cuando-corre-horarios-y-como-ver-2.jpg\"><span class=\"epigraphe\">El podio de Colapinto en Austria para la F\u00f3rmula 2.<\/span><\/div>\n<div class=\"sc-a7166897-0 eoLsBE\" readability=\"6.5\">\n<section readability=\"3\"><picture><img alt=\"Qu\u00e9 dijo Franco Colapinto antes de correr en Austria, un circuito que conoce bien\" loading=\"lazy\" width=\"290\" height=\"290\" decoding=\"async\" data-nimg=\"1\" src=\"http:\/\/cordobadirecto.com\/wp-content\/uploads\/2025\/06\/franco-colapinto-en-el-gp-de-austria-de-la-formula-1-cuando-corre-horarios-y-como-ver-3.jpg\"><\/picture>\n<p><span>Mir\u00e1 tambi\u00e9n<\/span><\/p>\n<hr>\n<h3>Qu\u00e9 dijo Franco Colapinto antes de correr en Austria, un circuito que conoce bien<\/h3>\n<\/p>\n<\/section>\n<\/div>\n<div class=\"sc-a7166897-0 eoLsBE\" readability=\"7\">\n<section readability=\"4\"><picture><img alt=\"Un triunfo, cuatro podios y una premonici\u00f3n: los buenos antecedentes de Franco Colapinto de cara al GP de Austria\" loading=\"lazy\" width=\"290\" height=\"290\" decoding=\"async\" data-nimg=\"1\" src=\"http:\/\/cordobadirecto.com\/wp-content\/uploads\/2025\/06\/franco-colapinto-en-el-gp-de-austria-de-la-formula-1-cuando-corre-horarios-y-como-ver-4.jpg\"><\/picture>\n<p><span>Mir\u00e1 tambi\u00e9n<\/span><\/p>\n<hr>\n<h3>Un triunfo, cuatro podios y una premonici\u00f3n: los buenos antecedentes de Franco Colapinto de cara al GP de Austria<\/h3>\n<\/p>\n<\/section>\n<\/div>\n<div class=\"sc-a7166897-0 eoLsBE\" readability=\"6.5\">\n<section readability=\"3\"><picture><img alt=\"Qui\u00e9n es el gran amigo de Franco Colapinto que gan\u00f3 la Final del TC Pista en Posadas\" loading=\"lazy\" width=\"290\" height=\"290\" decoding=\"async\" data-nimg=\"1\" src=\"http:\/\/cordobadirecto.com\/wp-content\/uploads\/2025\/06\/franco-colapinto-en-el-gp-de-austria-de-la-formula-1-cuando-corre-horarios-y-como-ver-5.jpg\"><\/picture>\n<p><span>Mir\u00e1 tambi\u00e9n<\/span><\/p>\n<hr>\n<h3>Qui\u00e9n es el gran amigo de Franco Colapinto que gan\u00f3 la Final del TC Pista en Posadas<\/h3>\n<\/p>\n<\/section>\n<\/div>\n<div class=\"sc-a7166897-0 eoLsBE\" readability=\"7\">\n<section readability=\"4\"><picture><img alt=\"As\u00ed mostr\u00f3 Franco Colapinto c\u00f3mo se maneja en Austria, donde ya gan\u00f3 y vuelve a correr\" loading=\"lazy\" width=\"290\" height=\"290\" decoding=\"async\" data-nimg=\"1\" src=\"http:\/\/cordobadirecto.com\/wp-content\/uploads\/2025\/06\/franco-colapinto-en-el-gp-de-austria-de-la-formula-1-cuando-corre-horarios-y-como-ver-6.jpg\"><\/picture>\n<p><span>Mir\u00e1 tambi\u00e9n<\/span><\/p>\n<hr>\n<h3>As\u00ed mostr\u00f3 Franco Colapinto c\u00f3mo se maneja en Austria, donde ya gan\u00f3 y vuelve a correr<\/h3>\n<\/p>\n<\/section>\n<\/div>\n<\/div>\n","protected":false},"excerpt":{"rendered":"<p>25\/06\/2025 10:24hs. La F\u00f3rmula 1 le dio una semana de descanso a los fierreros despu\u00e9s del Gran Premio de Canad\u00e1, pero este finde ya est\u00e1 lista para volver al ruedo. La categor\u00eda estar\u00e1 de vuelta en el marco de la 11a fecha del calendario de la temporada 2025, del 27 al 29 de junio en [&hellip;]<\/p>\n","protected":false},"author":1,"featured_media":169200,"comment_status":"closed","ping_status":"closed","sticky":false,"template":"","format":"standard","meta":[],"categories":[21],"tags":[],"_links":{"self":[{"href":"http:\/\/cordobadirecto.com\/index.php\/wp-json\/wp\/v2\/posts\/169199"}],"collection":[{"href":"http:\/\/cordobadirecto.com\/index.php\/wp-json\/wp\/v2\/posts"}],"about":[{"href":"http:\/\/cordobadirecto.com\/index.php\/wp-json\/wp\/v2\/types\/post"}],"author":[{"embeddable":true,"href":"http:\/\/cordobadirecto.com\/index.php\/wp-json\/wp\/v2\/users\/1"}],"replies":[{"embeddable":true,"href":"http:\/\/cordobadirecto.com\/index.php\/wp-json\/wp\/v2\/comments?post=169199"}],"version-history":[{"count":0,"href":"http:\/\/cordobadirecto.com\/index.php\/wp-json\/wp\/v2\/posts\/169199\/revisions"}],"wp:featuredmedia":[{"embeddable":true,"href":"http:\/\/cordobadirecto.com\/index.php\/wp-json\/wp\/v2\/media\/169200"}],"wp:attachment":[{"href":"http:\/\/cordobadirecto.com\/index.php\/wp-json\/wp\/v2\/media?parent=169199"}],"wp:term":[{"taxonomy":"category","embeddable":true,"href":"http:\/\/cordobadirecto.com\/index.php\/wp-json\/wp\/v2\/categories?post=169199"},{"taxonomy":"post_tag","embeddable":true,"href":"http:\/\/cordobadirecto.com\/index.php\/wp-json\/wp\/v2\/tags?post=169199"}],"curies":[{"name":"wp","href":"https:\/\/api.w.org\/{rel}","templated":true}]}}