{"id":169201,"date":"2025-06-25T22:52:26","date_gmt":"2025-06-25T22:52:26","guid":{"rendered":"https:\/\/www.ole.com.ar\/futbol-ascenso\/b-nacional\/san-telmo-luto-fallecimiento-camilo-nuin-jugador-reserva_0_gPflOzTyuQ.html"},"modified":"2025-06-25T22:52:26","modified_gmt":"2025-06-25T22:52:26","slug":"san-telmo-de-luto-por-el-fallecimiento-de-camilo-nuin-jugador-de-reserva","status":"publish","type":"post","link":"http:\/\/cordobadirecto.com\/index.php\/2025\/06\/25\/san-telmo-de-luto-por-el-fallecimiento-de-camilo-nuin-jugador-de-reserva\/","title":{"rendered":"San Telmo, de luto por el fallecimiento de Camilo Nuin, jugador de Reserva"},"content":{"rendered":"<p><span class=\"createDate\">25\/06\/2025 15:12hs.<\/span><time class=\"modificatedDate\" datetime=\"2025-06-25T17:46:15-03:00\"> Actualizado al 25\/06\/2025 17:46hs.<\/time><\/p>\n<div id=\"storyBody\">\n<div class=\"custom-text \" readability=\"37.165853658537\">\n<p>En un sentido comunicado en las redes sociales del club, <strong><a href=\"https:\/\/www.ole.com.ar\/tema\/san-telmo.html\" title=\"San Telmo\" alt=\"San Telmo\" class=\"slug\">San Telmo<\/a><\/strong> anunci\u00f3 este mi\u00e9rcoles por la tarde el <strong>fallecimiento de Camilo Ernesto Nuin, juvenil de apenas 18 a\u00f1os<\/strong> del equipo de la Isla Maciel. Seg\u00fan anunci\u00f3 el conjunto azul y celeste, el joven categor\u00eda 2006 <strong>se somet\u00eda en esta jornada a una intervenci\u00f3n quir\u00fargica<\/strong> y fue durante la misma que perdi\u00f3 la vida; <strong>a\u00fan no se sabe el motivo puntual<\/strong>.<\/p>\n<\/div>\n<div class=\"custom-text \" readability=\"34.581280788177\">\n<p>Camilo estaba en el equipo candombero desde el <strong>2022 <\/strong>y alcanz\u00f3 la cifra de <strong>82 partidos disputados con la camiseta del conjunto de Barrio Sur entre divisiones inferiores<\/strong> (entre s\u00e9ptima y cuarta) y <strong>Reserva<\/strong>, en donde se hab\u00eda asentado durante el 2024. El club de la <strong><a href=\"https:\/\/www.ole.com.ar\/tema\/primera-nacional.html\" title=\"Primera Nacional\" alt=\"Primera Nacional\" class=\"slug\">Primera Nacional<\/a><\/strong> anunci\u00f3 que permanecer\u00e1 cerrado durante este mi\u00e9rcoles en se\u00f1al de luto y que se pone a disposici\u00f3n de la familia Nuin.<\/p>\n<\/div>\n<div class=\"sc-e7b891c4-0 ifHnQL image-embed\"><img alt=\"Camilo Nuin defendiendo los colores del Candombero.\" loading=\"lazy\" width=\"720\" height=\"100\" decoding=\"async\" data-nimg=\"1\" src=\"http:\/\/cordobadirecto.com\/wp-content\/uploads\/2025\/06\/san-telmo-de-luto-por-el-fallecimiento-de-camilo-nuin-jugador-de-reserva.jpg\"><span class=\"epigraphe\">Camilo Nuin defendiendo los colores del Candombero.<\/span><\/div>\n<p><h2><strong>El comunicado de San Telmo<\/strong><\/h2>\n<\/p>\n<div class=\"custom-text \">\n<p>&#8220;<em>SAN TELMO DE LUTO<\/em><\/p>\n<\/div>\n<div class=\"custom-text \" readability=\"37\">\n<p><em>Con profundo pesar, informamos el fallecimiento de Camilo Ernesto Nuin, jugador de nuestras Divisiones Juveniles y Reserva, quien en el d\u00eda de hoy se encontraba atravesando una intervenci\u00f3n quir\u00fargica.<\/em><\/p>\n<\/div>\n<div class=\"custom-text \" readability=\"32\">\n<p><em>El Club permanecer\u00e1 cerrado durante la jornada de hoy en se\u00f1al de duelo.<\/em><\/p>\n<\/div>\n<div class=\"custom-text \" readability=\"35\">\n<p><em>Acompa\u00f1amos en este dif\u00edcil momento a su familia, amigos y compa\u00f1eros, poni\u00e9ndonos a total disposici\u00f3n para lo que necesiten<\/em>&#8220;<\/p>\n<\/div>\n<div class=\"sc-e7b891c4-0 ifHnQL image-embed\"><img alt=\"El comunicado oficial de San Telmo por el fallecimiento de Camilo Nuin.\" loading=\"lazy\" width=\"720\" height=\"100\" decoding=\"async\" data-nimg=\"1\" src=\"http:\/\/cordobadirecto.com\/wp-content\/uploads\/2025\/06\/san-telmo-de-luto-por-el-fallecimiento-de-camilo-nuin-jugador-de-reserva-1.jpg\"><span class=\"epigraphe\">El comunicado oficial de San Telmo por el fallecimiento de Camilo Nuin.<\/span><\/div>\n<p><h2><strong>El comunicado de la AFA, Claudio Tapia y clubes del Ascenso<\/strong><\/h2>\n<\/p>\n<div class=\"custom-text \" readability=\"40\">\n<p>Por su parte, la <strong>AFA<\/strong> comparti\u00f3 un sentido comunicado en redes sociales: &#8220;La Asociaci\u00f3n del F\u00fatbol Argentino, a trav\u00e9s de su Presidente Claudio Tapia y Comit\u00e9 Ejecutivo, manifiesta su dolor por el fallecimiento de Camilo Nuin, quien militaba en el Club Atl\u00e9tico San Telmo, al tiempo que expresa sus condolencias a la familia del jugador&#8221;.<\/p>\n<\/div>\n<div class=\"custom-embedhtml\" readability=\"8.0191176470588\">\n<blockquote class=\"twitter-tweet\" readability=\"10.129411764706\">\n<p lang=\"es\" dir=\"ltr\"><a href=\"https:\/\/twitter.com\/hashtag\/ProfundoDolor?src=hash&amp;ref_src=twsrc%5Etfw\">#ProfundoDolor<\/a> La Asociaci\u00f3n del F\u00fatbol Argentino, a trav\u00e9s de su Presidente Claudio Tapia y Comit\u00e9 Ejecutivo, manifiesta su dolor por el fallecimiento de Camilo Nuin, quien militaba en el Club Atl\u00e9tico San Telmo, al tiempo que expresa sus condolencias a la familia&nbsp;del&nbsp;jugador. <a href=\"https:\/\/t.co\/6695oVCmkE\">pic.twitter.com\/6695oVCmkE<\/a><\/p>\n<p>\u2014 AFA (@afa) <a href=\"https:\/\/twitter.com\/afa\/status\/1937950693857333590?ref_src=twsrc%5Etfw\">June 25, 2025<\/a><\/p><\/blockquote><\/div>\n<div class=\"custom-text \" readability=\"39\">\n<p>Por su parte, el presidente de la Asociaci\u00f3n del F\u00fatbol Argentino, <strong>Claudio Tapia,<\/strong> comparti\u00f3 el comunicado oficial de la entidad y lo acompa\u00f1\u00f3 con un c\u00e1lido mensaje dirigido a la familia y al club: <strong>&#8220;Una muy triste noticia que conmueve a todo el mundo de f\u00fatbol. Mis m\u00e1s sinceras condolencias para los familiares y seres queridos de Camilo Nuin; y un fuerte abrazo para toda la gente de San Telmo en este dif\u00edcil momento&#8221;, comparti\u00f3.<\/strong><\/p>\n<\/div>\n<div class=\"custom-text \" readability=\"39\">\n<p>Adem\u00e1s, distintos clubes del Ascenso se hicieron eco de la noticia y difundieron sus mensajes de apoyo a los familiares cercanos al joven de 18 a\u00f1os. Uno de ellos fue Almirante Brown: \u201cEl Club Almirante Brown lamenta el fallecimiento de Camilo Nuin, jugador de la Cuarta Divisi\u00f3n del Club Atl\u00e9tico San Telmo. Acompa\u00f1amos en este momento de dolor a su familia, seres queridos y la instituci\u00f3n\u201d, comunic\u00f3 la instituci\u00f3n.<\/p>\n<\/div>\n<div class=\"custom-embedhtml\" readability=\"7.80204778157\">\n<blockquote class=\"twitter-tweet\" readability=\"9.5358361774744\">\n<p lang=\"es\" dir=\"ltr\">El Club Almirante Brown lamenta el fallecimiento de Camilo Nuin, jugador de la Cuarta Divisi\u00f3n del Club Atl\u00e9tico San Telmo.<\/p>\n<p>Acompa\u00f1amos en este momento de dolor a su familia, seres queridos y la instituci\u00f3n. <a href=\"https:\/\/t.co\/vPFUQjigHE\">pic.twitter.com\/vPFUQjigHE<\/a><\/p>\n<p>\u2014 Club Almirante Brown (@Club_AlteBrown) <a href=\"https:\/\/twitter.com\/Club_AlteBrown\/status\/1937934132514025725?ref_src=twsrc%5Etfw\">June 25, 2025<\/a><\/p><\/blockquote><\/div>\n<div class=\"custom-text \" readability=\"38\">\n<p>Otro club en lamentar el fallecimiento de Camilo Nuin fue Ferro, instituci\u00f3n que envi\u00f3 sus condolencias hacia los familiares: &#8220;Desde el Club Ferro Carril Oeste lamentamos profundamente el fallecimiento de Camilo Nuin, jugador de la Reserva de San Telmo. Enviamos nuestras condolencias a toda su familia, amigos y compa\u00f1eros en este dif\u00edcil momento&#8221;.<\/p>\n<\/div>\n<div class=\"custom-embedhtml\" readability=\"7.9127516778523\">\n<blockquote class=\"twitter-tweet\" readability=\"9.6711409395973\">\n<p lang=\"es\" dir=\"ltr\">Desde el Club Ferro Carril Oeste lamentamos profundamente el fallecimiento de Camilo Nuin, jugador de la Reserva de San Telmo.<\/p>\n<p>Enviamos nuestras condolencias a toda su familia, amigos y compa\u00f1eros en este dif\u00edcil momento. <a href=\"https:\/\/t.co\/MJkD9PquEZ\">https:\/\/t.co\/MJkD9PquEZ<\/a><\/p>\n<p>\u2014 Ferro Carril Oeste (@FerroOficial) <a href=\"https:\/\/twitter.com\/FerroOficial\/status\/1937951769759293767?ref_src=twsrc%5Etfw\">June 25, 2025<\/a><\/p><\/blockquote><\/div>\n<div class=\"custom-text \" readability=\"33\">\n<p>Almagro fue otro de los equipos en solidarizarse con San Telmo a trav\u00e9s de sus redes: &#8220;Desde el Club Almagro lamentamos la triste situaci\u00f3n que le toca vivir a toda la familia del candombero.&#8221;<\/p>\n<\/div>\n<div class=\"custom-embedhtml\" readability=\"5.2619047619048\">\n<blockquote class=\"twitter-tweet\" readability=\"4.8571428571429\">\n<p lang=\"es\" dir=\"ltr\">Desde el Club Almagro lamentamos la triste situaci\u00f3n que le toca vivir a toda la familia del candombero.<br \/>Mucha fuerza. <a href=\"https:\/\/t.co\/9Xiv1JuB56\">https:\/\/t.co\/9Xiv1JuB56<\/a><\/p>\n<p>\u2014 Club Almagro (@almagroficial) <a href=\"https:\/\/twitter.com\/almagroficial\/status\/1937909353769472140?ref_src=twsrc%5Etfw\">June 25, 2025<\/a><\/p><\/blockquote><\/div>\n<div class=\"sc-a7166897-0 eoLsBE\" readability=\"6\">\n<section readability=\"2\"><picture><img alt=\"River y el orgullo Interno\" loading=\"lazy\" width=\"290\" height=\"290\" decoding=\"async\" data-nimg=\"1\" src=\"http:\/\/cordobadirecto.com\/wp-content\/uploads\/2025\/06\/san-telmo-de-luto-por-el-fallecimiento-de-camilo-nuin-jugador-de-reserva-2.jpg\"><\/picture>\n<p><span>Mir\u00e1 tambi\u00e9n<\/span><\/p>\n<hr>\n<h3>River y el orgullo Interno<\/h3>\n<\/p>\n<\/section>\n<\/div>\n<div class=\"sc-a7166897-0 eoLsBE\" readability=\"6.5\">\n<section readability=\"3\"><picture><img alt=\"Fluminense igual\u00f3 con Mamelodi Sundowns y pas\u00f3 a los octavos de final del Mundial de Clubes\" loading=\"lazy\" width=\"290\" height=\"290\" decoding=\"async\" data-nimg=\"1\" src=\"http:\/\/cordobadirecto.com\/wp-content\/uploads\/2025\/06\/san-telmo-de-luto-por-el-fallecimiento-de-camilo-nuin-jugador-de-reserva-3.jpg\"><\/picture>\n<p><span>Mir\u00e1 tambi\u00e9n<\/span><\/p>\n<hr>\n<h3>Fluminense igual\u00f3 con Mamelodi Sundowns y pas\u00f3 a los octavos de final del Mundial de Clubes<\/h3>\n<\/p>\n<\/section>\n<\/div>\n<div class=\"sc-a7166897-0 eoLsBE\" readability=\"6\">\n<section readability=\"2\"><picture><img alt=\"Visita de lujo: Lo Celso pas\u00f3 por el entrenamiento de Central\" loading=\"lazy\" width=\"290\" height=\"290\" decoding=\"async\" data-nimg=\"1\" src=\"http:\/\/cordobadirecto.com\/wp-content\/uploads\/2025\/06\/san-telmo-de-luto-por-el-fallecimiento-de-camilo-nuin-jugador-de-reserva-4.jpg\"><\/picture>\n<p><span>Mir\u00e1 tambi\u00e9n<\/span><\/p>\n<hr>\n<h3>Visita de lujo: Lo Celso pas\u00f3 por el entrenamiento de Central<\/h3>\n<\/p>\n<\/section>\n<\/div>\n<\/div>\n","protected":false},"excerpt":{"rendered":"<p>25\/06\/2025 15:12hs. Actualizado al 25\/06\/2025 17:46hs. En un sentido comunicado en las redes sociales del club, San Telmo anunci\u00f3 este mi\u00e9rcoles por la tarde el fallecimiento de Camilo Ernesto Nuin, juvenil de apenas 18 a\u00f1os del equipo de la Isla Maciel. Seg\u00fan anunci\u00f3 el conjunto azul y celeste, el joven categor\u00eda 2006 se somet\u00eda en [&hellip;]<\/p>\n","protected":false},"author":1,"featured_media":169202,"comment_status":"closed","ping_status":"closed","sticky":false,"template":"","format":"standard","meta":[],"categories":[21],"tags":[],"_links":{"self":[{"href":"http:\/\/cordobadirecto.com\/index.php\/wp-json\/wp\/v2\/posts\/169201"}],"collection":[{"href":"http:\/\/cordobadirecto.com\/index.php\/wp-json\/wp\/v2\/posts"}],"about":[{"href":"http:\/\/cordobadirecto.com\/index.php\/wp-json\/wp\/v2\/types\/post"}],"author":[{"embeddable":true,"href":"http:\/\/cordobadirecto.com\/index.php\/wp-json\/wp\/v2\/users\/1"}],"replies":[{"embeddable":true,"href":"http:\/\/cordobadirecto.com\/index.php\/wp-json\/wp\/v2\/comments?post=169201"}],"version-history":[{"count":0,"href":"http:\/\/cordobadirecto.com\/index.php\/wp-json\/wp\/v2\/posts\/169201\/revisions"}],"wp:featuredmedia":[{"embeddable":true,"href":"http:\/\/cordobadirecto.com\/index.php\/wp-json\/wp\/v2\/media\/169202"}],"wp:attachment":[{"href":"http:\/\/cordobadirecto.com\/index.php\/wp-json\/wp\/v2\/media?parent=169201"}],"wp:term":[{"taxonomy":"category","embeddable":true,"href":"http:\/\/cordobadirecto.com\/index.php\/wp-json\/wp\/v2\/categories?post=169201"},{"taxonomy":"post_tag","embeddable":true,"href":"http:\/\/cordobadirecto.com\/index.php\/wp-json\/wp\/v2\/tags?post=169201"}],"curies":[{"name":"wp","href":"https:\/\/api.w.org\/{rel}","templated":true}]}}