{"id":169205,"date":"2025-06-26T00:41:07","date_gmt":"2025-06-26T00:41:07","guid":{"rendered":"https:\/\/puntoapunto.com.ar\/?p=374356"},"modified":"2025-06-26T00:41:07","modified_gmt":"2025-06-26T00:41:07","slug":"cordoba-refuerza-su-proyeccion-internacional-con-una-mision-institucional-y-comercial-en-chile","status":"publish","type":"post","link":"http:\/\/cordobadirecto.com\/index.php\/2025\/06\/26\/cordoba-refuerza-su-proyeccion-internacional-con-una-mision-institucional-y-comercial-en-chile\/","title":{"rendered":"C\u00f3rdoba refuerza su proyecci\u00f3n internacional con una misi\u00f3n institucional y comercial en Chile"},"content":{"rendered":"<p data-start=\"574\" data-end=\"931\">Una comitiva integrada por autoridades provinciales, c\u00e1maras empresariales y referentes del sector privado de C\u00f3rdoba llev\u00f3 adelante una misi\u00f3n institucional y comercial en Santiago de Chile entre el 23 y el 26 de junio, con el objetivo de fortalecer los lazos con el pa\u00eds vecino y abrir nuevas oportunidades de cooperaci\u00f3n econ\u00f3mica, comercial y tur\u00edstica.<\/p>\n<p data-start=\"933\" data-end=\"1325\">Encabezada por la vicegobernadora Myriam Prunotto, el presidente de la Agencia C\u00f3rdoba Turismo, Dar\u00edo Capitani, y el presidente de la Agencia ProC\u00f3rdoba, Pablo De Chiara, la delegaci\u00f3n incluy\u00f3 legisladores provinciales, representantes de cl\u00fasteres, firmas exportadoras y empresas vinculadas a sectores estrat\u00e9gicos como la energ\u00eda, tecnolog\u00eda, salud, construcci\u00f3n y econom\u00eda del conocimiento.<\/p>\n<p data-start=\"1327\" data-end=\"1726\">El evento central de la visita fue el <strong data-start=\"1365\" data-end=\"1401\">C\u00f3rdoba Day en Santiago de Chile<\/strong>, celebrado el martes 24 de junio en el Hotel InterContinental. Organizado por la Agencia C\u00f3rdoba Turismo y la Agencia ProC\u00f3rdoba, el encuentro se propuso presentar las potencialidades de C\u00f3rdoba ante el mercado chileno, con foco en \u00e1reas clave como el turismo, la inversi\u00f3n, la conectividad a\u00e9rea y la innovaci\u00f3n productiva.<\/p>\n<p data-start=\"1728\" data-end=\"1955\">\u201c<strong>Queremos que nos conozcan, que descubran todo lo que C\u00f3rdoba tiene para ofrecer<\/strong>. Esta misi\u00f3n es una puerta para generar v\u00ednculos comerciales, institucionales y humanos duraderos\u201d, afirm\u00f3 Pablo De Chiara, titular de ProC\u00f3rdoba.<\/p>\n<p data-start=\"1728\" data-end=\"1955\"><img decoding=\"async\" class=\"aligncenter size-full wp-image-374362\" src=\"http:\/\/cordobadirecto.com\/wp-content\/uploads\/2025\/06\/cordoba-refuerza-su-proyeccion-internacional-con-una-mision-institucional-y-comercial-en-chile.jpg\" alt width=\"768\" height=\"472\" srcset=\"http:\/\/cordobadirecto.com\/wp-content\/uploads\/2025\/06\/cordoba-refuerza-su-proyeccion-internacional-con-una-mision-institucional-y-comercial-en-chile.jpg 768w, http:\/\/cordobadirecto.com\/wp-content\/uploads\/2025\/06\/cordoba-refuerza-su-proyeccion-internacional-con-una-mision-institucional-y-comercial-en-chile-2.jpg 300w, http:\/\/cordobadirecto.com\/wp-content\/uploads\/2025\/06\/cordoba-refuerza-su-proyeccion-internacional-con-una-mision-institucional-y-comercial-en-chile-3.jpg 750w\" sizes=\"(max-width: 768px) 100vw, 768px\" loading=\"lazy\"><\/p>\n<p data-start=\"1957\" data-end=\"2377\">Durante la misi\u00f3n, se mantuvo una reuni\u00f3n estrat\u00e9gica con directivos de la aerol\u00ednea JetSmart, en la que se analiz\u00f3 la posibilidad de ampliar las rutas desde y hacia el Aeropuerto Internacional de C\u00f3rdoba. Al respecto, Dar\u00edo Capitani expres\u00f3: \u201c<strong>Apuntamos a consolidar nuevas frecuencias a\u00e9reas que fortalezcan a C\u00f3rdoba como nodo regional de conectividad. La reuni\u00f3n con JetSmart fue clave para avanzar en esa direcci\u00f3n\u201d.<\/strong><\/p>\n<p data-start=\"2379\" data-end=\"2822\">La oferta tur\u00edstica tambi\u00e9n ocup\u00f3 un lugar central en la agenda. Operadores receptivos, agencias de viaje y referentes hoteleros cordobeses participaron activamente, presentando la riqueza tur\u00edstica de la provincia de manera profesional y coordinada. La jornada cerr\u00f3 con una experiencia gastron\u00f3mica protagonizada por el reconocido chef Andr\u00e9s Chaijale, quien ofreci\u00f3 una degustaci\u00f3n de sabores t\u00edpicos cordobeses maridados con vinos locales.<\/p>\n<p data-start=\"2824\" data-end=\"3059\">\u201cEl C\u00f3rdoba Day en Chile no solo proyecta nuestra imagen al mundo, sino que consolida una estrategia de internacionalizaci\u00f3n que combina turismo, comercio e inversiones para un desarrollo sostenible de la provincia\u201d, concluy\u00f3 Capitani.<\/p>\n<p data-start=\"2824\" data-end=\"3059\"><img loading=\"lazy\" decoding=\"async\" class=\"aligncenter size-full wp-image-374357\" src=\"http:\/\/cordobadirecto.com\/wp-content\/uploads\/2025\/06\/cordoba-refuerza-su-proyeccion-internacional-con-una-mision-institucional-y-comercial-en-chile-1.jpg\" alt width=\"768\" height=\"1024\" srcset=\"http:\/\/cordobadirecto.com\/wp-content\/uploads\/2025\/06\/cordoba-refuerza-su-proyeccion-internacional-con-una-mision-institucional-y-comercial-en-chile-1.jpg 768w, http:\/\/cordobadirecto.com\/wp-content\/uploads\/2025\/06\/cordoba-refuerza-su-proyeccion-internacional-con-una-mision-institucional-y-comercial-en-chile-4.jpg 225w, http:\/\/cordobadirecto.com\/wp-content\/uploads\/2025\/06\/cordoba-refuerza-su-proyeccion-internacional-con-una-mision-institucional-y-comercial-en-chile-5.jpg 750w\" sizes=\"auto, (max-width: 768px) 100vw, 768px\"><\/p>\n<p data-start=\"3061\" data-end=\"3293\">Con una agenda que integr\u00f3 al sector p\u00fablico y privado, la misi\u00f3n en Chile se consolid\u00f3 como un paso firme hacia una C\u00f3rdoba m\u00e1s integrada al mundo, dispuesta a aprovechar las oportunidades de una regi\u00f3n cada vez m\u00e1s interconectada.<\/p>\n","protected":false},"excerpt":{"rendered":"<p>Una comitiva integrada por autoridades provinciales, c\u00e1maras empresariales y referentes del sector privado de C\u00f3rdoba llev\u00f3 adelante una misi\u00f3n institucional y comercial en Santiago de Chile entre el 23 y el 26 de junio, con el objetivo de fortalecer los lazos con el pa\u00eds vecino y abrir nuevas oportunidades de cooperaci\u00f3n econ\u00f3mica, comercial y tur\u00edstica. [&hellip;]<\/p>\n","protected":false},"author":1,"featured_media":169206,"comment_status":"closed","ping_status":"closed","sticky":false,"template":"","format":"standard","meta":[],"categories":[25],"tags":[],"_links":{"self":[{"href":"http:\/\/cordobadirecto.com\/index.php\/wp-json\/wp\/v2\/posts\/169205"}],"collection":[{"href":"http:\/\/cordobadirecto.com\/index.php\/wp-json\/wp\/v2\/posts"}],"about":[{"href":"http:\/\/cordobadirecto.com\/index.php\/wp-json\/wp\/v2\/types\/post"}],"author":[{"embeddable":true,"href":"http:\/\/cordobadirecto.com\/index.php\/wp-json\/wp\/v2\/users\/1"}],"replies":[{"embeddable":true,"href":"http:\/\/cordobadirecto.com\/index.php\/wp-json\/wp\/v2\/comments?post=169205"}],"version-history":[{"count":0,"href":"http:\/\/cordobadirecto.com\/index.php\/wp-json\/wp\/v2\/posts\/169205\/revisions"}],"wp:featuredmedia":[{"embeddable":true,"href":"http:\/\/cordobadirecto.com\/index.php\/wp-json\/wp\/v2\/media\/169206"}],"wp:attachment":[{"href":"http:\/\/cordobadirecto.com\/index.php\/wp-json\/wp\/v2\/media?parent=169205"}],"wp:term":[{"taxonomy":"category","embeddable":true,"href":"http:\/\/cordobadirecto.com\/index.php\/wp-json\/wp\/v2\/categories?post=169205"},{"taxonomy":"post_tag","embeddable":true,"href":"http:\/\/cordobadirecto.com\/index.php\/wp-json\/wp\/v2\/tags?post=169205"}],"curies":[{"name":"wp","href":"https:\/\/api.w.org\/{rel}","templated":true}]}}