{"id":169211,"date":"2025-06-26T04:31:02","date_gmt":"2025-06-26T04:31:02","guid":{"rendered":"http:\/\/estaciontrip.com.ar\/?p=10445"},"modified":"2025-06-26T04:31:02","modified_gmt":"2025-06-26T04:31:02","slug":"cordoba-day-en-santiago-de-chile-para-impulsar-inversiones-y-turismo-internacional","status":"publish","type":"post","link":"http:\/\/cordobadirecto.com\/index.php\/2025\/06\/26\/cordoba-day-en-santiago-de-chile-para-impulsar-inversiones-y-turismo-internacional\/","title":{"rendered":"\u00abC\u00f3rdoba Day\u00bb en Santiago de Chile para impulsar inversiones y turismo internacional"},"content":{"rendered":"<p>Una comitiva compuesta por representantes institucionales y empresarios cordobeses visit\u00f3 la capital chilena entre el 23 y el 26 de junio con el objetivo de fortalecer la vinculaci\u00f3n comercial e institucional entre C\u00f3rdoba y Chile. Se trata de ahondar oportunidades estrat\u00e9gicas para el desarrollo econ\u00f3mico y el turismo en la provincia.<\/p>\n<p>La delegaci\u00f3n estuvo encabezada por la vicegobernadora Myriam Prunotto; el presidente de la Agencia C\u00f3rdoba Turismo, Dar\u00edo Capitani; y el presidente de la Agencia ProC\u00f3rdoba, Pablo De Chiara; adem\u00e1s de legisladores provinciales y referentes del sector privado de distintos rubros estrat\u00e9gicos. A ellos se sumaron representantes de c\u00e1maras empresariales, cl\u00fasteres, firmas exportadoras y empresas vinculadas a la industria energ\u00e9tica, tecnol\u00f3gica, m\u00e9dica, tur\u00edstica y de la construcci\u00f3n.<\/p>\n<p>El&nbsp;<strong>C\u00f3rdoba Day Santiago de Chile<\/strong>&nbsp;se celebr\u00f3 este martes 24 de junio en el Hotel InterContinental Santiago. Organizado por la Agencia C\u00f3rdoba Turismo y la Agencia ProC\u00f3rdoba, la jornada fue dise\u00f1ada para presentar oficialmente las potencialidades de C\u00f3rdoba a mercados internacionales y destacar sus ventajas comparativas en sectores clave como el turismo, la energ\u00eda, la construcci\u00f3n y la econom\u00eda del conocimiento.<\/p>\n<p>Durante la misi\u00f3n institucional, la vicegobernadora Prunotto, acompa\u00f1ada por el presidente de la Agencia C\u00f3rdoba Turismo, mantuvo una reuni\u00f3n clave con directivos de la aerol\u00ednea JetSmart en su sede de Santiago. All\u00ed se dialog\u00f3 sobre la posibilidad de ampliar el hub C\u00f3rdoba y consolidar a la provincia como una verdadera puerta de entrada a\u00e9rea al pa\u00eds.<\/p>\n<p>Dar\u00edo Capitani subray\u00f3 que&nbsp;\u00abel C\u00f3rdoba Day en Santiago de Chile represent\u00f3 una oportunidad valiosa para proyectar a C\u00f3rdoba como un destino atractivo para inversiones internacionales y fortalecer su presencia en mercados estrat\u00e9gicos como el chileno, contribuyendo as\u00ed al desarrollo integral y sostenible de la provincia. En ese sentido, la reuni\u00f3n con JetSmart fue estrat\u00e9gica: apuntamos a consolidar nuevas rutas y frecuencias que posicionen a C\u00f3rdoba como un nodo de conectividad a\u00e9rea regional\u00bb.<\/p>\n<p>El sector privado del turismo tuvo una participaci\u00f3n destacada, con la presencia de operadores receptivos, agencias de viaje y representantes hoteleros de C\u00f3rdoba. Esta representaci\u00f3n permiti\u00f3 mostrar la oferta tur\u00edstica provincial de manera articulada y profesional, posicionando a C\u00f3rdoba como un destino competitivo para el mercado internacional.<\/p>\n<p>El presidente de la Agencia ProC\u00f3rdoba, Pablo De Chiara, destac\u00f3:&nbsp;<em>\u00abTodas estas actividades en el marco del C\u00f3rdoba Day las hacemos con el objetivo de que nos conozcan y nos den la oportunidad de mostrar lo que es nuestra Provincia en toda su amplia gama de oportunidades. Queremos compartir el enorme potencial que tenemos para relacionarnos con el ecosistema chileno y, a partir de ah\u00ed, generar nuevas oportunidades comerciales.\u201d<\/em><\/p>\n<p><strong>El cierre del C\u00f3rdoba Day se realiz\u00f3 con una degustaci\u00f3n de sabores t\u00edpicos de C\u00f3rdoba, a cargo del chef Andr\u00e9s Chaijale, acompa\u00f1ada por una selecci\u00f3n de vinos cordobeses.<\/strong>&nbsp;El encuentro permiti\u00f3 seguir fortaleciendo los v\u00ednculos entre los sectores p\u00fablico y privado, generando un espacio propicio para el di\u00e1logo y la construcci\u00f3n de nuevas oportunidades de integraci\u00f3n regional.<\/p>\n<figure class=\"wp-block-image size-full\"><a href=\"http:\/\/cordobadirecto.com\/wp-content\/uploads\/2025\/06\/cordoba-day-en-santiago-de-chile-para-impulsar-inversiones-y-turismo-internacional.jpg\"><img loading=\"lazy\" decoding=\"async\" width=\"960\" height=\"559\" src=\"http:\/\/cordobadirecto.com\/wp-content\/uploads\/2025\/06\/cordoba-day-en-santiago-de-chile-para-impulsar-inversiones-y-turismo-internacional.jpg\" alt class=\"wp-image-10447\" srcset=\"http:\/\/cordobadirecto.com\/wp-content\/uploads\/2025\/06\/cordoba-day-en-santiago-de-chile-para-impulsar-inversiones-y-turismo-internacional.jpg 960w, http:\/\/cordobadirecto.com\/wp-content\/uploads\/2025\/06\/cordoba-day-en-santiago-de-chile-para-impulsar-inversiones-y-turismo-internacional-1.jpg 300w, http:\/\/cordobadirecto.com\/wp-content\/uploads\/2025\/06\/cordoba-day-en-santiago-de-chile-para-impulsar-inversiones-y-turismo-internacional-2.jpg 768w\" sizes=\"(max-width: 960px) 100vw, 960px\"><\/a><\/figure>\n","protected":false},"excerpt":{"rendered":"<p>Una comitiva compuesta por representantes institucionales y empresarios cordobeses visit\u00f3 la capital chilena entre el 23 y el 26 de junio con el objetivo de fortalecer la vinculaci\u00f3n comercial e institucional entre C\u00f3rdoba y Chile. Se trata de ahondar oportunidades estrat\u00e9gicas para el desarrollo econ\u00f3mico y el turismo en la provincia. La delegaci\u00f3n estuvo encabezada [&hellip;]<\/p>\n","protected":false},"author":1,"featured_media":169212,"comment_status":"closed","ping_status":"closed","sticky":false,"template":"","format":"standard","meta":[],"categories":[22],"tags":[],"_links":{"self":[{"href":"http:\/\/cordobadirecto.com\/index.php\/wp-json\/wp\/v2\/posts\/169211"}],"collection":[{"href":"http:\/\/cordobadirecto.com\/index.php\/wp-json\/wp\/v2\/posts"}],"about":[{"href":"http:\/\/cordobadirecto.com\/index.php\/wp-json\/wp\/v2\/types\/post"}],"author":[{"embeddable":true,"href":"http:\/\/cordobadirecto.com\/index.php\/wp-json\/wp\/v2\/users\/1"}],"replies":[{"embeddable":true,"href":"http:\/\/cordobadirecto.com\/index.php\/wp-json\/wp\/v2\/comments?post=169211"}],"version-history":[{"count":0,"href":"http:\/\/cordobadirecto.com\/index.php\/wp-json\/wp\/v2\/posts\/169211\/revisions"}],"wp:featuredmedia":[{"embeddable":true,"href":"http:\/\/cordobadirecto.com\/index.php\/wp-json\/wp\/v2\/media\/169212"}],"wp:attachment":[{"href":"http:\/\/cordobadirecto.com\/index.php\/wp-json\/wp\/v2\/media?parent=169211"}],"wp:term":[{"taxonomy":"category","embeddable":true,"href":"http:\/\/cordobadirecto.com\/index.php\/wp-json\/wp\/v2\/categories?post=169211"},{"taxonomy":"post_tag","embeddable":true,"href":"http:\/\/cordobadirecto.com\/index.php\/wp-json\/wp\/v2\/tags?post=169211"}],"curies":[{"name":"wp","href":"https:\/\/api.w.org\/{rel}","templated":true}]}}