{"id":169219,"date":"2025-06-26T19:01:33","date_gmt":"2025-06-26T19:01:33","guid":{"rendered":"https:\/\/puntoapunto.com.ar\/?p=374342"},"modified":"2025-06-26T19:01:33","modified_gmt":"2025-06-26T19:01:33","slug":"bugliotti-el-peor-error-que-puede-cometer-el-gobierno-es-romper-el-deficit-0-y-devaluar","status":"publish","type":"post","link":"http:\/\/cordobadirecto.com\/index.php\/2025\/06\/26\/bugliotti-el-peor-error-que-puede-cometer-el-gobierno-es-romper-el-deficit-0-y-devaluar\/","title":{"rendered":"Bugliotti: \u201cEl peor error que puede cometer el gobierno es romper el d\u00e9ficit 0 y devaluar\u201d"},"content":{"rendered":"<p>&nbsp;<!-- \u00a1O bien no hay banners, estan desactivados o no estan programados para esta ubicaci\u00f3n! -->\n<\/p>\n<p>En di\u00e1logo con <em>Punto a Punto<\/em>, el empresario<strong> Euclides \u00abTati\u00bb Bugliotti \u2014titular del <a href=\"https:\/\/grupodinosaurio.com\/\">Grupo Dinosaurio<\/a>\u2014<\/strong> traz\u00f3 su visi\u00f3n sobre la coyuntura econ\u00f3mica, el desempe\u00f1o del gobierno de Javier Milei y los desaf\u00edos que enfrenta el pa\u00eds. Fiel a su estilo directo, el desarrollista no dud\u00f3 en destacar lo que considera avances importantes, aunque tambi\u00e9n plante\u00f3 preocupaciones por el empleo, el consumo y el futuro de la inversi\u00f3n.\n<\/p>\n<p><strong>\u2013\u00bfC\u00f3mo est\u00e1 viendo la actividad econ\u00f3mica en este momento?<\/strong><br \/>\u2013En el supermercado veo movimiento. No es tanto como dicen, pero creo que se est\u00e1n viendo buenos precios. Por suerte, est\u00e1n acompa\u00f1ando las empresas bajando los precios. Nosotros ya tenemos precios deflacionados en las g\u00f3ndolas. Este mes creo que vamos a tener una <a href=\"https:\/\/puntoapunto.com.ar\/dolar-estable-inflacion-a-la-baja-y-oportunidad-en-acciones-petroleras-el-nuevo-escenario-economico-de-argentina\/\">inflaci\u00f3n<\/a> cercana a cero en supermercados. Lo que pasa es que hay cosas que bajan y otras que suben, pero en promedio se mantiene bastante bien.\n<\/p>\n<p><strong>\u2013\u00bfY c\u00f3mo cree que seguir\u00e1n los precios despu\u00e9s de octubre?<\/strong><br \/>\u2013Todo depende de c\u00f3mo le vaya al gobierno en las elecciones. Si consiguen mayor\u00eda, o al menos buenos n\u00fameros, ah\u00ed va a cambiar y van a poder hacer cosas. No es f\u00e1cil, porque las s\u00e1banas son cortas: las provincias piden plata, la municipalidad tambi\u00e9n, y el gobierno no quiere salir del d\u00e9ficit cero.\n<\/p>\n<p><img decoding=\"async\" class=\"aligncenter size-full wp-image-374343\" src=\"http:\/\/cordobadirecto.com\/wp-content\/uploads\/2025\/06\/bugliotti-el-peor-error-que-puede-cometer-el-gobierno-es-romper-el-deficit-0-y-devaluar.jpg\" alt width=\"2560\" height=\"1702\" srcset=\"http:\/\/cordobadirecto.com\/wp-content\/uploads\/2025\/06\/bugliotti-el-peor-error-que-puede-cometer-el-gobierno-es-romper-el-deficit-0-y-devaluar.jpg 2560w, http:\/\/cordobadirecto.com\/wp-content\/uploads\/2025\/06\/bugliotti-el-peor-error-que-puede-cometer-el-gobierno-es-romper-el-deficit-0-y-devaluar-2.jpg 300w, http:\/\/cordobadirecto.com\/wp-content\/uploads\/2025\/06\/bugliotti-el-peor-error-que-puede-cometer-el-gobierno-es-romper-el-deficit-0-y-devaluar-3.jpg 1024w, http:\/\/cordobadirecto.com\/wp-content\/uploads\/2025\/06\/bugliotti-el-peor-error-que-puede-cometer-el-gobierno-es-romper-el-deficit-0-y-devaluar-4.jpg 768w, http:\/\/cordobadirecto.com\/wp-content\/uploads\/2025\/06\/bugliotti-el-peor-error-que-puede-cometer-el-gobierno-es-romper-el-deficit-0-y-devaluar-5.jpg 1536w, http:\/\/cordobadirecto.com\/wp-content\/uploads\/2025\/06\/bugliotti-el-peor-error-que-puede-cometer-el-gobierno-es-romper-el-deficit-0-y-devaluar-6.jpg 2048w, http:\/\/cordobadirecto.com\/wp-content\/uploads\/2025\/06\/bugliotti-el-peor-error-que-puede-cometer-el-gobierno-es-romper-el-deficit-0-y-devaluar-7.jpg 750w, http:\/\/cordobadirecto.com\/wp-content\/uploads\/2025\/06\/bugliotti-el-peor-error-que-puede-cometer-el-gobierno-es-romper-el-deficit-0-y-devaluar-8.jpg 1140w\" sizes=\"(max-width: 2560px) 100vw, 2560px\" loading=\"lazy\"><!-- \u00a1O bien no hay banners, estan desactivados o no estan programados para esta ubicaci\u00f3n! -->\n<\/p>\n<p><strong>\u2013\u00bfC\u00f3mo est\u00e1 viendo la situaci\u00f3n del empleo?<\/strong><br \/>\u2013El tema del empleo es delicado. No hay para todos y el pa\u00eds todav\u00eda necesita hacer ajustes. Y el \u00fanico ajuste que queda es achicar la estructura. No se va a salir f\u00e1cil. Tenemos recursos naturales como el gas, el petr\u00f3leo y el litio, pero tiene que entrar plata genuina. Hoy la plata genuina que gira en el pa\u00eds es siempre la misma. Adem\u00e1s, si baj\u00e1s los impuestos nacionales, tambi\u00e9n lo van a sentir los gobernadores y los municipios por la coparticipaci\u00f3n.<\/p>\n<p><strong>\u2013\u00bfDesde el Grupo siguen apostando a invertir?<\/strong><br \/>\u2013Nosotros siempre invertimos. Toda la plata que disponemos, la invertimos. Tenemos algunos fondos por las dudas, pero invertimos.\n<\/p>\n<p><strong>&nbsp;<\/strong><strong>\u2013\u00bfC\u00f3mo est\u00e1 el mercado inmobiliario para ustedes?<\/strong><br \/>\u2013Pusimos el metro cuadrado a 1.200 d\u00f3lares para vender departamentos. Est\u00e1 dura la venta, pero estamos con facilidades para pagar, con tasas baratas, con el precio barato. Igual est\u00e1 dif\u00edcil. Y tambipen estamos con el Orfeo, que es un dolor de cabeza.\n<\/p>\n<p><strong>\u2013\u00bfYa tienen definido con qui\u00e9n van a encarar ese proyecto?<\/strong><br \/>\u2013No, todav\u00eda no, pero lo vamos a hacer y lo vamos a hacer r\u00e1pido.\n<\/p>\n<p><strong>\u2013\u00bfCu\u00e1l es su expectativa sobre el rumbo econ\u00f3mico?<\/strong>\n<\/p>\n<p>\u2013Hay que tener fe, pero tambi\u00e9n pensar: \u00bfqu\u00e9 hay despu\u00e9s de esto? \u00bfVolver a emitir moneda? \u00bfQue el d\u00f3lar se vaya a 2.000? \u00bfA qui\u00e9n le ganamos con eso? Con eso empobrecemos. Hoy est\u00e1 demostrado que se puede vivir sin una inflaci\u00f3n del 25% mensual, que era una locura. Y a\u00fan esta tasa del 2% mensual es alta, porque es 24% anual, cuando los pa\u00edses vecinos est\u00e1n en 6 o 7%. No creo que haya otro modelo que pueda sacar al pa\u00eds adelante. A lo mejor estoy confundido, pero si vos romp\u00e9s el d\u00e9ficit cero y devalu\u00e1s, es el peor error que puede cometer el gobierno. Porque eso se traslada al supermercado. Si devalu\u00e1s, suben los precios, y te garantizo que a los 10 d\u00edas est\u00e1s igual que antes. Sub\u00eds dos escalones de golpe y perjudic\u00e1s el sueldo, porque el sueldo no va a aumentar tanto. Entonces hay que bancarla, tener voluntad. Y la oposici\u00f3n tiene que colaborar un poco m\u00e1s.\n<\/p>\n<p><img loading=\"lazy\" decoding=\"async\" class=\"aligncenter size-full wp-image-369720\" src=\"http:\/\/cordobadirecto.com\/wp-content\/uploads\/2025\/06\/bugliotti-el-peor-error-que-puede-cometer-el-gobierno-es-romper-el-deficit-0-y-devaluar-1.jpg\" alt width=\"728\" height=\"484\" srcset=\"http:\/\/cordobadirecto.com\/wp-content\/uploads\/2025\/06\/bugliotti-el-peor-error-que-puede-cometer-el-gobierno-es-romper-el-deficit-0-y-devaluar-1.jpg 728w, http:\/\/cordobadirecto.com\/wp-content\/uploads\/2025\/06\/bugliotti-el-peor-error-que-puede-cometer-el-gobierno-es-romper-el-deficit-0-y-devaluar-9.jpg 300w\" sizes=\"auto, (max-width: 728px) 100vw, 728px\">\n<\/p>\n<p><strong>\u2013\u00bfYendo a lo pol\u00edtico, \u00bfqu\u00e9 visi\u00f3n tiene sobre la oposici\u00f3n?<br \/><\/strong>\u2013La oposici\u00f3n tiene que existir y est\u00e1 bien. Lo que pasa es que este es un cambio que nadie esperaba. Yo, con los a\u00f1os que tengo, nunca vi a alguien que diga \u201cvamos al d\u00e9ficit cero\u201d y sea d\u00e9ficit cero. El secreto es que si no gast\u00e1s m\u00e1s de lo que gan\u00e1s, no vas a tener problemas a la larga. Pero tambi\u00e9n creo que la desocupaci\u00f3n es un tema serio y hay que ver c\u00f3mo volvemos a poner en actividad al pa\u00eds. No te olvides que hay casi 40% de la gente cobrando planes. Y lo malo de esos planes era que les ped\u00edan que no trabajaran. Entonces, a la mano de obra le cuesta volver a trabajar. Y adem\u00e1s, no hay tanto desarrollo.\n<\/p>\n<p><strong>\u2013\u00bfC\u00f3mo vio la detenci\u00f3n de Cristina Fern\u00e1ndez de Kirchner?<\/strong><br \/>\u2013Es un golpe muy duro, pero prefiero no opinar.\n<\/p>\n<div class=\"g g-38\">\n<div class=\"g-dyn a-12 c-1\"><a class=\"gofollow\" data-track=\"MTIsMzgsMSw2MA==\" href=\"https:\/\/www.farmaciashpfarma.com.ar\/blog\/institucional\/beneficios-corporativos-en-campana-antigripal.html\" target=\"_blank\" rel=\"noopener\"><img src=\"http:\/\/cordobadirecto.com\/wp-content\/uploads\/2025\/06\/bugliotti-el-peor-error-que-puede-cometer-el-gobierno-es-romper-el-deficit-0-y-devaluar.gif\" loading=\"lazy\"><\/a><\/div>\n<\/div>\n","protected":false},"excerpt":{"rendered":"<p>&nbsp; En di\u00e1logo con Punto a Punto, el empresario Euclides \u00abTati\u00bb Bugliotti \u2014titular del Grupo Dinosaurio\u2014 traz\u00f3 su visi\u00f3n sobre la coyuntura econ\u00f3mica, el desempe\u00f1o del gobierno de Javier Milei y los desaf\u00edos que enfrenta el pa\u00eds. Fiel a su estilo directo, el desarrollista no dud\u00f3 en destacar lo que considera avances importantes, aunque tambi\u00e9n [&hellip;]<\/p>\n","protected":false},"author":1,"featured_media":169220,"comment_status":"closed","ping_status":"closed","sticky":false,"template":"","format":"standard","meta":[],"categories":[25],"tags":[],"_links":{"self":[{"href":"http:\/\/cordobadirecto.com\/index.php\/wp-json\/wp\/v2\/posts\/169219"}],"collection":[{"href":"http:\/\/cordobadirecto.com\/index.php\/wp-json\/wp\/v2\/posts"}],"about":[{"href":"http:\/\/cordobadirecto.com\/index.php\/wp-json\/wp\/v2\/types\/post"}],"author":[{"embeddable":true,"href":"http:\/\/cordobadirecto.com\/index.php\/wp-json\/wp\/v2\/users\/1"}],"replies":[{"embeddable":true,"href":"http:\/\/cordobadirecto.com\/index.php\/wp-json\/wp\/v2\/comments?post=169219"}],"version-history":[{"count":0,"href":"http:\/\/cordobadirecto.com\/index.php\/wp-json\/wp\/v2\/posts\/169219\/revisions"}],"wp:featuredmedia":[{"embeddable":true,"href":"http:\/\/cordobadirecto.com\/index.php\/wp-json\/wp\/v2\/media\/169220"}],"wp:attachment":[{"href":"http:\/\/cordobadirecto.com\/index.php\/wp-json\/wp\/v2\/media?parent=169219"}],"wp:term":[{"taxonomy":"category","embeddable":true,"href":"http:\/\/cordobadirecto.com\/index.php\/wp-json\/wp\/v2\/categories?post=169219"},{"taxonomy":"post_tag","embeddable":true,"href":"http:\/\/cordobadirecto.com\/index.php\/wp-json\/wp\/v2\/tags?post=169219"}],"curies":[{"name":"wp","href":"https:\/\/api.w.org\/{rel}","templated":true}]}}