{"id":16924,"date":"2021-09-03T21:27:00","date_gmt":"2021-09-03T21:27:00","guid":{"rendered":"http:\/\/cordobadirecto.com\/index.php\/2021\/09\/03\/biden-ordeno-la-desclasificacion-de-documentos-sobre-los-atentados-del-11-s\/"},"modified":"2021-09-03T21:27:00","modified_gmt":"2021-09-03T21:27:00","slug":"biden-ordeno-la-desclasificacion-de-documentos-sobre-los-atentados-del-11-s","status":"publish","type":"post","link":"http:\/\/cordobadirecto.com\/index.php\/2021\/09\/03\/biden-ordeno-la-desclasificacion-de-documentos-sobre-los-atentados-del-11-s\/","title":{"rendered":"Biden orden\u00f3 la desclasificaci\u00f3n de documentos sobre los atentados del 11-S"},"content":{"rendered":"<div class=\"image\" id=\"image\"> <img src=\"http:\/\/cordobadirecto.com\/wp-content\/uploads\/2021\/09\/biden-ordeno-la-desclasificacion-de-documentos-sobre-los-atentados-del-11-s.jpg\" alt=\"Foto: Archivo.\" title=\"Foto: Archivo.\"><\/p>\n<p>Foto: Archivo.<\/p>\n<\/div>\n<p>Cerca del aniversario n\u00famero 20, el presidente de Estados Unidos, Joe Biden, firm\u00f3 un decreto para revisar los documentos relacionados a los atentados del 11 de septiembre de 2001 con la intenci\u00f3n de desclasificarlos, una promesa que hab\u00eda hecho a principios de agosto.<\/p>\n<p>Con motivo de la conmemoraci\u00f3n del vig\u00e9simo aniversario de los ataques a las Torres Gemelas, Biden pidi\u00f3 al Departamento de Justicia y a otros organismos pertinentes que revisen la desclasificaci\u00f3n, inform\u00f3 la Casa Blanca en un comunicado.<\/p>\n<p>El decreto exige que &#8220;el Fiscal General haga p\u00fablicos los documentos desclasificados en los pr\u00f3ximos seis meses&#8221;.<\/p>\n<p>&#8220;No debemos olvidar nunca el dolor permanente de las familias y los seres queridos de los 2.977 inocentes que murieron en el peor atentado terrorista contra Estados Unidos de nuestra historia. Para ellos, no s\u00f3lo fue una tragedia nacional e internacional. Fue una devastaci\u00f3n personal&#8221;, record\u00f3 el mandatario.<\/p>\n<div class=\"image\" id=\"image\" readability=\"8\"> <img src=\"http:\/\/cordobadirecto.com\/wp-content\/uploads\/2021\/09\/biden-ordeno-la-desclasificacion-de-documentos-sobre-los-atentados-del-11-s-1.jpg\" alt=\"Biden pidi\u00f3 al Departamento de Justicia y a otros organismos pertinentes que revisen la desclasificaci\u00f3n.\" title=\"Biden pidi\u00f3 al Departamento de Justicia y a otros organismos pertinentes que revisen la desclasificaci\u00f3n.\"><\/p>\n<p>Biden pidi\u00f3 al Departamento de Justicia y a otros organismos pertinentes que revisen la desclasificaci\u00f3n.<\/p>\n<\/div>\n<p>Agreg\u00f3 que su &#8220;coraz\u00f3n sigue con las familias del 11-S que est\u00e1n sufriendo&#8221;, y que su Gobierno &#8220;continuar\u00e1 comprometi\u00e9ndose respetuosamente con los miembros de esa comunidad&#8221;.<\/p>\n<p>A principios de agosto, el Departamento de Justicia anunci\u00f3 que el FBI hab\u00eda decidido revisar los documentos sobre el 11-S para &#8220;identificar informaci\u00f3n adicional para su divulgaci\u00f3n lo antes posible&#8221;, rese\u00f1\u00f3 la agencia de noticias Europa Press.<\/p>\n<p>La decisi\u00f3n llega despu\u00e9s de que m\u00e1s de 1.600 personas afectadas por los atentados que conmovieron al mundo enviasen una carta a Biden pidiendo la desclasificaci\u00f3n de informaci\u00f3n. <\/p>\n","protected":false},"excerpt":{"rendered":"<p>Foto: Archivo. Cerca del aniversario n\u00famero 20, el presidente de Estados Unidos, Joe Biden, firm\u00f3 un decreto para revisar los documentos relacionados a los atentados del 11 de septiembre de 2001 con la intenci\u00f3n de desclasificarlos, una promesa que hab\u00eda hecho a principios de agosto. Con motivo de la conmemoraci\u00f3n del vig\u00e9simo aniversario de los [&hellip;]<\/p>\n","protected":false},"author":1,"featured_media":16925,"comment_status":"closed","ping_status":"closed","sticky":false,"template":"","format":"standard","meta":[],"categories":[24],"tags":[],"_links":{"self":[{"href":"http:\/\/cordobadirecto.com\/index.php\/wp-json\/wp\/v2\/posts\/16924"}],"collection":[{"href":"http:\/\/cordobadirecto.com\/index.php\/wp-json\/wp\/v2\/posts"}],"about":[{"href":"http:\/\/cordobadirecto.com\/index.php\/wp-json\/wp\/v2\/types\/post"}],"author":[{"embeddable":true,"href":"http:\/\/cordobadirecto.com\/index.php\/wp-json\/wp\/v2\/users\/1"}],"replies":[{"embeddable":true,"href":"http:\/\/cordobadirecto.com\/index.php\/wp-json\/wp\/v2\/comments?post=16924"}],"version-history":[{"count":0,"href":"http:\/\/cordobadirecto.com\/index.php\/wp-json\/wp\/v2\/posts\/16924\/revisions"}],"wp:featuredmedia":[{"embeddable":true,"href":"http:\/\/cordobadirecto.com\/index.php\/wp-json\/wp\/v2\/media\/16925"}],"wp:attachment":[{"href":"http:\/\/cordobadirecto.com\/index.php\/wp-json\/wp\/v2\/media?parent=16924"}],"wp:term":[{"taxonomy":"category","embeddable":true,"href":"http:\/\/cordobadirecto.com\/index.php\/wp-json\/wp\/v2\/categories?post=16924"},{"taxonomy":"post_tag","embeddable":true,"href":"http:\/\/cordobadirecto.com\/index.php\/wp-json\/wp\/v2\/tags?post=16924"}],"curies":[{"name":"wp","href":"https:\/\/api.w.org\/{rel}","templated":true}]}}