{"id":169259,"date":"2025-06-26T20:36:09","date_gmt":"2025-06-26T20:36:09","guid":{"rendered":"https:\/\/www.ole.com.ar\/autos\/ver-valentin-perrone-gp-paises-bajos-moto-3_0_6tKpFIdchb.html"},"modified":"2025-06-26T20:36:09","modified_gmt":"2025-06-26T20:36:09","slug":"cuando-y-por-donde-ver-a-valentin-perrone-en-el-gp-de-paises-bajos-de-moto3","status":"publish","type":"post","link":"http:\/\/cordobadirecto.com\/index.php\/2025\/06\/26\/cuando-y-por-donde-ver-a-valentin-perrone-en-el-gp-de-paises-bajos-de-moto3\/","title":{"rendered":"Cu\u00e1ndo y por d\u00f3nde ver a Valent\u00edn Perrone en el GP de Pa\u00edses Bajos de Moto3"},"content":{"rendered":"<p><time class=\"createDate\" datetime=\"2025-06-26T17:36:09-03:00\">26\/06\/2025 17:36hs.<\/time><\/p>\n<div id=\"storyBody\">\n<div class=\"custom-text \" readability=\"39\">\n<p><strong>Valent\u00edn Perrone, a bordo de la KTM del Tech3, disputar\u00e1 este fin de semana la d\u00e9cima fecha del Mundial de Moto3 en el circuito de Assen, en Pa\u00edses Bajos.<\/strong> El joven de 17 a\u00f1os viene de concretar una gran remontada contra todo pron\u00f3stico: larg\u00f3 desde el 26\u00b0 caj\u00f3n y cruz\u00f3 la bandera a cuadros en el octavo lugar, demostrando que es cosa seria.<\/p>\n<\/div>\n<div class=\"custom-text \" readability=\"40\">\n<p><strong>Perrone llega al circuito holand\u00e9s en alza:<\/strong> en la s\u00e9ptima fecha logr\u00f3 su mejor resultado en el certamen, con un quinto puesto y 11 puntos en el hist\u00f3rico trazado de Silverstone. En la octava, en Arag\u00f3n, finaliz\u00f3 13\u00b0 y sum\u00f3 tres unidades. <strong>Y no solo eso: acumula seis carreras consecutivas sumando, lo que le permite ubicarse 14\u00b0 (sobre 31 pilotos) en el campeonato, con un total de 35 puntos.<\/strong><\/p>\n<\/div>\n<div class=\"sc-e7b891c4-0 ifHnQL image-embed\"><img alt=\"Valent\u00edn Perrone durante el GP de Italia, en Mugello, por el campeonato de Moto3. (@Tech3Racing)\" loading=\"lazy\" width=\"720\" height=\"100\" decoding=\"async\" data-nimg=\"1\" src=\"http:\/\/cordobadirecto.com\/wp-content\/uploads\/2025\/06\/cuando-y-por-donde-ver-a-valentin-perrone-en-el-gp-de-paises-bajos-de-moto3.jpg\"><span class=\"epigraphe\">Valent\u00edn Perrone durante el GP de Italia, en Mugello, por el campeonato de Moto3. (@Tech3Racing)<\/span><\/div>\n<p><h2><strong>Cu\u00e1ndo y por d\u00f3nde ver el GP de Assen<\/strong><\/h2>\n<\/p>\n<div class=\"custom-text \" readability=\"44\">\n<p><strong>La actividad para Perrone en el circuito holand\u00e9s de 4.542 km comenzar\u00e1 este viernes,<\/strong> con una jornada que incluir\u00e1 un entrenamiento libre, a las 4, y una pr\u00e1ctica, a las 8.15. El s\u00e1bado se disputar\u00e1 el segundo entrenamiento libre, a las 3.40, <strong>y la clasificaci\u00f3n, a las 7.50.<\/strong> Por \u00faltimo, <strong>el domingo se correr\u00e1 la carrera a 20 vueltas, a las 6.<\/strong> La competencia dominical se podr\u00e1 ver a trav\u00e9s de<strong> Disney + Premium.<\/strong><\/p>\n<\/div>\n<p><h2><strong>La agenda del finde en Assen<\/strong><\/h2>\n<\/p>\n<div class=\"custom-text \">\n<p><strong>Viernes<\/strong><\/p>\n<ul>\n<li>Entrenamientos libres 1 a partir de las 4.<\/li>\n<li>Pr\u00e1ctica a las 8.15.<\/li>\n<\/ul>\n<\/div>\n<div class=\"custom-text \">\n<ul>\n<li>Entrenamientos libres 2 a las 3.40.<\/li>\n<li>Clasificaci\u00f3n, a las 7.50.<\/li>\n<\/ul>\n<\/div>\n<div class=\"custom-text \">\n<ul>\n<li>Carrera (20 vueltas), a las 6.<\/li>\n<\/ul>\n<\/div>\n<div class=\"sc-e7b891c4-0 ifHnQL image-embed\"><img alt=\"Valent\u00edn Perrone durante la carrera del GP de Mugello. (@Tech3Racing)\" loading=\"lazy\" width=\"720\" height=\"100\" decoding=\"async\" data-nimg=\"1\" src=\"http:\/\/cordobadirecto.com\/wp-content\/uploads\/2025\/06\/cuando-y-por-donde-ver-a-valentin-perrone-en-el-gp-de-paises-bajos-de-moto3-1.jpg\"><span class=\"epigraphe\">Valent\u00edn Perrone durante la carrera del GP de Mugello. (@Tech3Racing)<\/span><\/div>\n<div class=\"sc-a7166897-0 eoLsBE\" readability=\"6.5\">\n<section readability=\"3\"><picture><img alt=\"Franco Colapinto cont\u00f3 c\u00f3mo fue &quot;el mejor vuelo de su vida&quot; con... \u00a1Lewis Hamilton!\" loading=\"lazy\" width=\"290\" height=\"290\" decoding=\"async\" data-nimg=\"1\" src=\"http:\/\/cordobadirecto.com\/wp-content\/uploads\/2025\/06\/cuando-y-por-donde-ver-a-valentin-perrone-en-el-gp-de-paises-bajos-de-moto3-2.jpg\"><\/picture>\n<p><span>Mir\u00e1 tambi\u00e9n<\/span><\/p>\n<hr>\n<h3>Franco Colapinto cont\u00f3 c\u00f3mo fue &#8220;el mejor vuelo de su vida&#8221; con&#8230; \u00a1Lewis Hamilton!<\/h3>\n<\/p>\n<\/section>\n<\/div>\n<div class=\"sc-a7166897-0 eoLsBE\" readability=\"6.5\">\n<section readability=\"3\"><picture><img alt=\"Franco Colapinto visit\u00f3 la sede de la marca que vestir\u00e1 de rosa a Alpine en el GP de Austria\" loading=\"lazy\" width=\"290\" height=\"290\" decoding=\"async\" data-nimg=\"1\" src=\"http:\/\/cordobadirecto.com\/wp-content\/uploads\/2025\/06\/cuando-y-por-donde-ver-a-valentin-perrone-en-el-gp-de-paises-bajos-de-moto3-3.jpg\"><\/picture>\n<p><span>Mir\u00e1 tambi\u00e9n<\/span><\/p>\n<hr>\n<h3>Franco Colapinto visit\u00f3 la sede de la marca que vestir\u00e1 de rosa a Alpine en el GP de Austria<\/h3>\n<\/p>\n<\/section>\n<\/div>\n<div class=\"sc-a7166897-0 eoLsBE\" readability=\"6\">\n<section readability=\"2\"><picture><img alt=\"Pierre Gasly: de la decepci\u00f3n al objetivo que se plante\u00f3 para el GP de Austria\" loading=\"lazy\" width=\"290\" height=\"290\" decoding=\"async\" data-nimg=\"1\" src=\"http:\/\/cordobadirecto.com\/wp-content\/uploads\/2025\/06\/cuando-y-por-donde-ver-a-valentin-perrone-en-el-gp-de-paises-bajos-de-moto3-4.jpg\"><\/picture>\n<p><span>Mir\u00e1 tambi\u00e9n<\/span><\/p>\n<hr>\n<h3>Pierre Gasly: de la decepci\u00f3n al objetivo que se plante\u00f3 para el GP de Austria<\/h3>\n<\/p>\n<\/section>\n<\/div>\n<\/div>\n","protected":false},"excerpt":{"rendered":"<p>26\/06\/2025 17:36hs. Valent\u00edn Perrone, a bordo de la KTM del Tech3, disputar\u00e1 este fin de semana la d\u00e9cima fecha del Mundial de Moto3 en el circuito de Assen, en Pa\u00edses Bajos. El joven de 17 a\u00f1os viene de concretar una gran remontada contra todo pron\u00f3stico: larg\u00f3 desde el 26\u00b0 caj\u00f3n y cruz\u00f3 la bandera a [&hellip;]<\/p>\n","protected":false},"author":1,"featured_media":169260,"comment_status":"closed","ping_status":"closed","sticky":false,"template":"","format":"standard","meta":[],"categories":[21],"tags":[],"_links":{"self":[{"href":"http:\/\/cordobadirecto.com\/index.php\/wp-json\/wp\/v2\/posts\/169259"}],"collection":[{"href":"http:\/\/cordobadirecto.com\/index.php\/wp-json\/wp\/v2\/posts"}],"about":[{"href":"http:\/\/cordobadirecto.com\/index.php\/wp-json\/wp\/v2\/types\/post"}],"author":[{"embeddable":true,"href":"http:\/\/cordobadirecto.com\/index.php\/wp-json\/wp\/v2\/users\/1"}],"replies":[{"embeddable":true,"href":"http:\/\/cordobadirecto.com\/index.php\/wp-json\/wp\/v2\/comments?post=169259"}],"version-history":[{"count":0,"href":"http:\/\/cordobadirecto.com\/index.php\/wp-json\/wp\/v2\/posts\/169259\/revisions"}],"wp:featuredmedia":[{"embeddable":true,"href":"http:\/\/cordobadirecto.com\/index.php\/wp-json\/wp\/v2\/media\/169260"}],"wp:attachment":[{"href":"http:\/\/cordobadirecto.com\/index.php\/wp-json\/wp\/v2\/media?parent=169259"}],"wp:term":[{"taxonomy":"category","embeddable":true,"href":"http:\/\/cordobadirecto.com\/index.php\/wp-json\/wp\/v2\/categories?post=169259"},{"taxonomy":"post_tag","embeddable":true,"href":"http:\/\/cordobadirecto.com\/index.php\/wp-json\/wp\/v2\/tags?post=169259"}],"curies":[{"name":"wp","href":"https:\/\/api.w.org\/{rel}","templated":true}]}}