{"id":169261,"date":"2025-06-26T23:14:43","date_gmt":"2025-06-26T23:14:43","guid":{"rendered":"https:\/\/www.ole.com.ar\/futbol-ascenso\/ascenso-primera-nacional-colon-moreno-fabianesi_0_TWIduOoWGZ.html"},"modified":"2025-06-26T23:14:43","modified_gmt":"2025-06-26T23:14:43","slug":"colon-en-llamas-ivan-moreno-y-fabianesi-puso-la-renuncia-a-disposicion","status":"publish","type":"post","link":"http:\/\/cordobadirecto.com\/index.php\/2025\/06\/26\/colon-en-llamas-ivan-moreno-y-fabianesi-puso-la-renuncia-a-disposicion\/","title":{"rendered":"Col\u00f3n en llamas: Iv\u00e1n Moreno y Fabianesi puso la renuncia a disposici\u00f3n"},"content":{"rendered":"<p><time class=\"createDate\" datetime=\"2025-06-26T19:18:50-03:00\">26\/06\/2025 19:18hs.<\/time><\/p>\n<div id=\"storyBody\">\n<div class=\"custom-text \" readability=\"34.965517241379\">\n<p>Se viven horas de tensi\u00f3n en Santa Fe debido al mal momento que atraviesa <a href=\"https:\/\/www.ole.com.ar\/tema\/colon.html\" title=\"Col\u00f3n\" alt=\"Col\u00f3n\" class=\"slug\">Col\u00f3n<\/a>. Claro, es que el equipo se ubica 14\u00b0 en la Zona B de la <a href=\"https:\/\/www.ole.com.ar\/tema\/primera-nacional.html\" title=\"Primera Nacional\" alt=\"Primera Nacional\" class=\"slug\">Primera Nacional<\/a>, acumula tres derrotas de manera consecutiva, mira de reojo la zona de descenso y tiene a <a href=\"https:\/\/www.ole.com.ar\/futbol-ascenso\/ascenso-primera-nacional-chicago-colon_0_PT5mRTjo5N.html\" target=\"_self\" title=\"Andr\u00e9s Yllana\" alt=\"Andr\u00e9s Yllana\" rel=\"noopener\">Andr\u00e9s Yllana<\/a> en la cuerda floja.<strong> Adem\u00e1s, desde lo institucional tambi\u00e9n es un momento complicado<\/strong>.<\/p>\n<\/div>\n<div class=\"custom-text \" readability=\"35.844660194175\">\n<p>S\u00ed, porque sumado a la impaciencia y el descontento de la gente con los dirigentes, este jueves se revolucion\u00f3 todo el mundo Sabalero tras conocerse que<strong> <a href=\"https:\/\/www.ole.com.ar\/futbol-ascenso\/ascenso-primera-nacional-colon-moreno-fabianesi_0_Nby4exMv2N.html\" target=\"_self\" title=\"Iv\u00e1n Moreno y Fabianesi,\" alt=\"Iv\u00e1n Moreno y Fabianesi,\" rel=\"noopener\">Iv\u00e1n Moreno y Fabianesi,<\/a> Director Deportivo y uno de los principales blancos de las cr\u00edticas, puso su renuncia a disposici\u00f3n de la Comisi\u00f3n Directiva. <\/strong><\/p>\n<\/div>\n<div class=\"sc-e7b891c4-0 ifHnQL image-embed\"><img alt=\"Moreno y Fabianesi podr\u00eda dejar su cargo (Prensa Col\u00f3n)\" loading=\"lazy\" width=\"720\" height=\"100\" decoding=\"async\" data-nimg=\"1\" src=\"http:\/\/cordobadirecto.com\/wp-content\/uploads\/2025\/06\/colon-en-llamas-ivan-moreno-y-fabianesi-puso-la-renuncia-a-disposicion.jpg\"><span class=\"epigraphe\">Moreno y Fabianesi podr\u00eda dejar su cargo (Prensa Col\u00f3n)<\/span><\/div>\n<div class=\"custom-text \" readability=\"38\">\n<p>Ahora, con la renuncia arriba de la mesa, la pelota la tienen los miembros de CD: ser\u00e1n ellos quienes decidan o no sobre el futuro del Torero. De momento,<strong> son varios los que creen que su ciclo est\u00e1 terminado y est\u00e1n dispuestos a aceptar la partida del ex mediocampista.<\/strong> Se vienen horas claves y de definiciones.<\/p>\n<\/div>\n<div class=\"custom-text \" readability=\"36\">\n<p>Adem\u00e1s, <strong>otro de los nombres que est\u00e1 en tela de juicio es el de Rafael Maceratesi<\/strong>, Secretario Deportivo de la instituci\u00f3n, quien tambi\u00e9n podr\u00eda dejar su cargo si as\u00ed lo determinan sus pares. <\/p>\n<\/div>\n<p><h2><strong>El paso de Iv\u00e1n Moreno y Fabianesi como Director Deportivo<\/strong><\/h2>\n<\/p>\n<div class=\"custom-text \" readability=\"39\">\n<p>Tras un mal 2024, donde el Sabalero apenas logr\u00f3 clasificar al Reducido, <strong>se opt\u00f3 por la figura de Moreno y Fabianesi, alguien de la casa, para recuperar el ADN del club y apuntar en grande para la presente temporada. <\/strong>Sin embargo, nada de eso pas\u00f3 y la historia se hizo cuesta arriba. <\/p>\n<\/div>\n<div class=\"custom-text \" readability=\"36\">\n<p>La prueba de fuego principal la tuvo a principios de a\u00f1o: la elecci\u00f3n del entrenador y el armado del plantel para el 2025. El Torero opt\u00f3 por un inexperto Ariel Pereyra en el banco y un equipo con jugadores que ya hab\u00edan vestido la casaca rojinegra. <strong>Los refuerzos no rindieron, al Pata le fue mal y dur\u00f3 apenas 11 fechas.<\/strong><\/p>\n<\/div>\n<div class=\"sc-e7b891c4-0 ifHnQL image-embed\"><img alt=\"Ariel Pereyra fue una apuesta del Torero y sali\u00f3 mal (Foto: @ColonOficial)\" loading=\"lazy\" width=\"720\" height=\"100\" decoding=\"async\" data-nimg=\"1\" src=\"http:\/\/cordobadirecto.com\/wp-content\/uploads\/2025\/06\/colon-en-llamas-ivan-moreno-y-fabianesi-puso-la-renuncia-a-disposicion-1.jpg\"><span class=\"epigraphe\">Ariel Pereyra fue una apuesta del Torero y sali\u00f3 mal (Foto: @ColonOficial)<\/span><\/div>\n<div class=\"custom-text \" readability=\"38\">\n<p>Con la mala experiencia anterior, el mencionado hombre de 46 a\u00f1os perdi\u00f3 terreno en la interna y peso en las decisiones importantes, por lo que tuvo menos influencia -casi nula- <strong>en la contrataci\u00f3n de Andr\u00e9s Yllana y la llegada de las tres incorporaciones durante el \u00faltimo mercado de pases<\/strong> (Facundo Castro, Gonzalo Soto y Cristian Garc\u00eda).<\/p>\n<\/div>\n<div class=\"custom-text \" readability=\"35\">\n<p>Ahora, ya con menos fuerza, <strong>el Torero est\u00e1 dispuesto a dar un paso al costado<\/strong> y que todo lo relacionado con lo futbol\u00edstico vuelva a recaer exclusivamente en los miembros de Comisi\u00f3n Directiva. <\/p>\n<\/div>\n<p><h2><strong>Los dirigentes de Col\u00f3n que dejaron su cargo<\/strong><\/h2>\n<\/p>\n<div class=\"custom-text \" readability=\"39\">\n<p>A principios de mayo y tras algunos episodios hostiles donde hasta hubo amenazas, dej\u00f3 su cargo <strong>Marcelo Negrete<\/strong>, el Vicepresidente 1\u00b0 de la instituci\u00f3n. Acto seguido, hizo lo propio<strong> Leonardo Alessio<\/strong>, quien cumpl\u00eda el rol de secretario de Recursos Financieros y era un hombre cercano al ex dirigente mencionado en primera instancia.<\/p>\n<\/div>\n<div class=\"sc-e7b891c4-0 ifHnQL image-embed\"><img alt=\"Marcelo Negrete renunci\u00f3 como vice primero de Col\u00f3n (Foto: Internet).\" loading=\"lazy\" width=\"720\" height=\"100\" decoding=\"async\" data-nimg=\"1\" src=\"http:\/\/cordobadirecto.com\/wp-content\/uploads\/2025\/06\/colon-en-llamas-ivan-moreno-y-fabianesi-puso-la-renuncia-a-disposicion-2.jpg\"><span class=\"epigraphe\">Marcelo Negrete renunci\u00f3 como vice primero de Col\u00f3n (Foto: Internet).<\/span><\/div>\n<div class=\"custom-text \" readability=\"36\">\n<p>Adem\u00e1s, seg\u00fan trascendi\u00f3, otros tres nombres que integraban la Comisi\u00f3n Directiva habr\u00edan presentado la renuncia: <strong>Germ\u00e1n Gonz\u00e1lez Bertero (Vocal 6\u00b0 Suplente) Walter Sastre (Sindicatura Miembro Sup.) y Pablo Haidar (Vocal 7\u00b0 Suplente).<\/strong><\/p>\n<\/div>\n<div class=\"sc-a7166897-0 eoLsBE\" readability=\"6\">\n<section readability=\"2\"><picture><img alt=\"El espectacular recibimiento que Boca ya prepara para Leandro Paredes\" loading=\"lazy\" width=\"290\" height=\"290\" decoding=\"async\" data-nimg=\"1\" src=\"http:\/\/cordobadirecto.com\/wp-content\/uploads\/2025\/06\/colon-en-llamas-ivan-moreno-y-fabianesi-puso-la-renuncia-a-disposicion-3.jpg\"><\/picture>\n<p><span>Mir\u00e1 tambi\u00e9n<\/span><\/p>\n<hr>\n<h3>El espectacular recibimiento que Boca ya prepara para Leandro Paredes<\/h3>\n<\/p>\n<\/section>\n<\/div>\n<div class=\"sc-a7166897-0 eoLsBE\" readability=\"6\">\n<section readability=\"2\"><picture><img alt=\"Show del Manchester City: goleada 5-2 a Juventus y l\u00edder del grupo\" loading=\"lazy\" width=\"290\" height=\"290\" decoding=\"async\" data-nimg=\"1\" src=\"http:\/\/cordobadirecto.com\/wp-content\/uploads\/2025\/06\/colon-en-llamas-ivan-moreno-y-fabianesi-puso-la-renuncia-a-disposicion-4.jpg\"><\/picture>\n<p><span>Mir\u00e1 tambi\u00e9n<\/span><\/p>\n<hr>\n<h3>Show del Manchester City: goleada 5-2 a Juventus y l\u00edder del grupo<\/h3>\n<\/p>\n<\/section>\n<\/div>\n<\/div>\n","protected":false},"excerpt":{"rendered":"<p>26\/06\/2025 19:18hs. Se viven horas de tensi\u00f3n en Santa Fe debido al mal momento que atraviesa Col\u00f3n. Claro, es que el equipo se ubica 14\u00b0 en la Zona B de la Primera Nacional, acumula tres derrotas de manera consecutiva, mira de reojo la zona de descenso y tiene a Andr\u00e9s Yllana en la cuerda floja. [&hellip;]<\/p>\n","protected":false},"author":1,"featured_media":169262,"comment_status":"closed","ping_status":"closed","sticky":false,"template":"","format":"standard","meta":[],"categories":[21],"tags":[],"_links":{"self":[{"href":"http:\/\/cordobadirecto.com\/index.php\/wp-json\/wp\/v2\/posts\/169261"}],"collection":[{"href":"http:\/\/cordobadirecto.com\/index.php\/wp-json\/wp\/v2\/posts"}],"about":[{"href":"http:\/\/cordobadirecto.com\/index.php\/wp-json\/wp\/v2\/types\/post"}],"author":[{"embeddable":true,"href":"http:\/\/cordobadirecto.com\/index.php\/wp-json\/wp\/v2\/users\/1"}],"replies":[{"embeddable":true,"href":"http:\/\/cordobadirecto.com\/index.php\/wp-json\/wp\/v2\/comments?post=169261"}],"version-history":[{"count":0,"href":"http:\/\/cordobadirecto.com\/index.php\/wp-json\/wp\/v2\/posts\/169261\/revisions"}],"wp:featuredmedia":[{"embeddable":true,"href":"http:\/\/cordobadirecto.com\/index.php\/wp-json\/wp\/v2\/media\/169262"}],"wp:attachment":[{"href":"http:\/\/cordobadirecto.com\/index.php\/wp-json\/wp\/v2\/media?parent=169261"}],"wp:term":[{"taxonomy":"category","embeddable":true,"href":"http:\/\/cordobadirecto.com\/index.php\/wp-json\/wp\/v2\/categories?post=169261"},{"taxonomy":"post_tag","embeddable":true,"href":"http:\/\/cordobadirecto.com\/index.php\/wp-json\/wp\/v2\/tags?post=169261"}],"curies":[{"name":"wp","href":"https:\/\/api.w.org\/{rel}","templated":true}]}}