{"id":169320,"date":"2025-06-27T21:21:58","date_gmt":"2025-06-27T21:21:58","guid":{"rendered":"https:\/\/www.ole.com.ar\/autos\/dijo-pierre-gasly-malas-sensaciones-fp1fp2-gp-austria-formula-1-f1-franco-colapinto_0_VGLjNWYLlG.html"},"modified":"2025-06-27T21:21:58","modified_gmt":"2025-06-27T21:21:58","slug":"que-dijo-gasly-companero-de-colapinto-sobre-el-alpine-en-el-primer-dia-del-gp-de-austria","status":"publish","type":"post","link":"http:\/\/cordobadirecto.com\/index.php\/2025\/06\/27\/que-dijo-gasly-companero-de-colapinto-sobre-el-alpine-en-el-primer-dia-del-gp-de-austria\/","title":{"rendered":"Qu\u00e9 dijo Gasly, compa\u00f1ero de Colapinto, sobre el Alpine en el primer d\u00eda del GP de Austria"},"content":{"rendered":"<p><time class=\"createDate\" datetime=\"2025-06-27T18:21:58-03:00\">27\/06\/2025 18:21hs.<\/time><\/p>\n<div id=\"storyBody\">\n<div class=\"custom-text \" readability=\"36.630385487528\">\n<p><strong>Los 20 pilotos de la F\u00f3rmula 1 probaron sus autos por primera vez en el Gran Premio de Austria,<\/strong> en el marco de la 11\u00aa fecha de la temporada, con dos sesiones de entrenamiento disputadas durante la jornada del viernes. <strong>Alpine, con Franco Colapinto y Pierre Gasly al volante, cerr\u00f3 la primera tanda con resultados positivos:<\/strong> <a href=\"https:\/\/www.ole.com.ar\/autos\/gp-austria-f1-vivo-hora-ver-practicas-libres-franco-colapinto_0_PXOAPmA29K.html\" target=\"_self\" title=\"el franc\u00e9s finaliz\u00f3 5\u00b0 y el pilarense, 16\u00b0.\" alt=\"el franc\u00e9s finaliz\u00f3 5\u00b0 y el pilarense, 16\u00b0.\" rel=\"noopener\">el franc\u00e9s finaliz\u00f3 5\u00b0 y el pilarense, 16\u00b0.<\/a> Sin embargo, ninguno pudo sostener ese ritmo en la segunda sesi\u00f3n.<\/p>\n<\/div>\n<div class=\"custom-text \" readability=\"41\">\n<p><strong>El #43 cay\u00f3 hasta el \u00faltimo puesto, mientras que el galo,<\/strong> tras cerrar la primera sesi\u00f3n quinto con un tiempo de 1m05s780, <strong>encar\u00f3 la tanda del mediod\u00eda con m\u00e1s confianza <\/strong>y logr\u00f3 mejorar su registro (1m05s613). Sin embargo, <strong>su tiempo solo le alcanz\u00f3 para el 14\u00b0 lugar<\/strong> y, adem\u00e1s, <strong>se mostr\u00f3 molesto en la radio con su equipo debido a una falla t\u00e9cnica en el auto.<\/strong><\/p>\n<\/div>\n<div class=\"sc-e7b891c4-0 ifHnQL image-embed\"><img alt=\"Pierre Gasly, durante la conferencia de prensa previa al inicio del fin de semana en Austria.\n(AP)\" loading=\"lazy\" width=\"720\" height=\"100\" decoding=\"async\" data-nimg=\"1\" src=\"http:\/\/cordobadirecto.com\/wp-content\/uploads\/2025\/06\/que-dijo-gasly-companero-de-colapinto-sobre-el-alpine-en-el-primer-dia-del-gp-de-austria.jpg\"><span class=\"epigraphe\">Pierre Gasly, durante la conferencia de prensa previa al inicio del fin de semana en Austria.<br \/>\n(AP)<\/span><\/div>\n<p><h2>Qu\u00e9 pas\u00f3 con el auto de Gasly en la segunda pr\u00e1ctica en Austria<\/h2>\n<\/p>\n<div class=\"custom-text \" readability=\"44\">\n<p><strong>A dos minutos del final de la segunda pr\u00e1ctica de este viernes, Gasly, <\/strong>a 1s033 del mejor tiempo y con poco margen para seguir probando, <strong>detect\u00f3 un problema en su A525.<\/strong> <strong>&#8220;Chicos, hay algo roto en el auto. Es un desastre, en la curva 1, en la curva 6&#8230; en todos lados&#8221;, report\u00f3 el franc\u00e9s<\/strong>. Al principio, los mec\u00e1nicos no encontraron nada, pero luego confirmaron que ten\u00eda raz\u00f3n.<\/p>\n<\/div>\n<div class=\"custom-text \" readability=\"38\">\n<p><strong>M\u00e1s tarde, <\/strong>el propio piloto aclar\u00f3 la situaci\u00f3n: <strong>\u201cCuando regres\u00e9, encontramos da\u00f1os en el piso del auto y debemos revisar con exactitud cu\u00e1ndo ocurri\u00f3. En las \u00faltimas vueltas el coche estaba totalmente descontrolado.<\/strong> Es una pista donde se usan mucho los pianos y se puede ganar mucho tiempo con eso, as\u00ed que veremos qu\u00e9 podemos hacer para ma\u00f1ana (s\u00e1bado)\u201d.<\/p>\n<\/div>\n<div class=\"sc-e7b891c4-0 ifHnQL image-embed\"><img alt=\"El Alpine de Gasly, en la segunda tanda del viernes en Austria.\n(REUTERS\/Leonhard Foeger)\" loading=\"lazy\" width=\"720\" height=\"100\" decoding=\"async\" data-nimg=\"1\" src=\"http:\/\/cordobadirecto.com\/wp-content\/uploads\/2025\/06\/que-dijo-gasly-companero-de-colapinto-sobre-el-alpine-en-el-primer-dia-del-gp-de-austria-1.jpg\"><span class=\"epigraphe\">El Alpine de Gasly, en la segunda tanda del viernes en Austria.<br \/>\n(REUTERS\/Leonhard Foeger)<\/span><\/div>\n<p><h2>A pesar de la falla t\u00e9cnica, Gasly se mantuvo optimista<\/h2>\n<\/p>\n<div class=\"custom-text \" readability=\"40.13785046729\">\n<p><strong>A pesar de no haber conseguido un buen resultado,<\/strong> el compa\u00f1ero de <a href=\"https:\/\/www.ole.com.ar\/tema\/franco-colapinto.html\" target=\"_self\" title=\"Colapinto\" alt=\"Colapinto\" rel=\"noopener\">Colapinto<\/a> no baj\u00f3 los brazos y analiz\u00f3 lo hecho en la jornada del viernes:<strong> \u201cEn general, qued\u00e9 contento con las dos vueltas que hice en la FP1 y la FP2. Siento que nos falta un poco para meternos en el top 10 y en la Q3,<\/strong> pero, de nuevo, estamos hablando de cent\u00e9simas o d\u00e9cimas, as\u00ed que <strong>ojal\u00e1 podamos encontrar eso durante la noche (de este viernes)\u201d.<\/strong><\/p>\n<\/div>\n<div class=\"custom-text \" readability=\"43\">\n<p><strong>\u201cUn poco m\u00e1s de trabajo en el ritmo de carrera, pero son entrenamientos. Probamos algunas cosas y creo que tenemos buenas ideas sobre lo que funcion\u00f3 y lo que no\u201d, cerr\u00f3 Gasly. <\/strong>Ahora, Alpine deber\u00e1 solucionar el problema y encontrar margen de mejora para este s\u00e1bado, <strong>que incluir\u00e1 una tercera pr\u00e1ctica a las 7.30 y la clasificaci\u00f3n, a las 11, <\/strong>que definir\u00e1 la grilla de partida para <strong>la carrera del domingo, larga a las 10,<\/strong> y ser\u00e1 transmitida tanto <strong>por Fox Sports como por Disney+ Premium<\/strong><\/p>\n<\/div>\n<div class=\"sc-e7b891c4-0 ifHnQL image-embed\"><img alt=\"Colapinto y Gasly buscar\u00e1n este s\u00e1bado clasificar a la Q3 del GP de Austria.\" loading=\"lazy\" width=\"720\" height=\"100\" decoding=\"async\" data-nimg=\"1\" src=\"http:\/\/cordobadirecto.com\/wp-content\/uploads\/2025\/06\/que-dijo-gasly-companero-de-colapinto-sobre-el-alpine-en-el-primer-dia-del-gp-de-austria-2.jpg\"><span class=\"epigraphe\">Colapinto y Gasly buscar\u00e1n este s\u00e1bado clasificar a la Q3 del GP de Austria.<\/span><\/div>\n<div class=\"sc-a7166897-0 eoLsBE\" readability=\"6.5\">\n<section readability=\"3\"><picture><img alt=\"El malestar de Franco Colapinto con el Alpine: &quot;No estoy teniendo confianza en el auto&quot;\" loading=\"lazy\" width=\"290\" height=\"290\" decoding=\"async\" data-nimg=\"1\" src=\"http:\/\/cordobadirecto.com\/wp-content\/uploads\/2025\/06\/que-dijo-gasly-companero-de-colapinto-sobre-el-alpine-en-el-primer-dia-del-gp-de-austria-3.jpg\"><\/picture>\n<p><span>Mir\u00e1 tambi\u00e9n<\/span><\/p>\n<hr>\n<h3>El malestar de Franco Colapinto con el Alpine: &#8220;No estoy teniendo confianza en el auto&#8221;<\/h3>\n<\/p>\n<\/section>\n<\/div>\n<div class=\"sc-a7166897-0 eoLsBE\" readability=\"7\">\n<section readability=\"4\"><picture><img alt=\"Sin Lando Norris, McLaren se llev\u00f3 una grata sorpresa en la pr\u00e1ctica de la F1 en Austria\" loading=\"lazy\" width=\"290\" height=\"290\" decoding=\"async\" data-nimg=\"1\" src=\"http:\/\/cordobadirecto.com\/wp-content\/uploads\/2025\/06\/que-dijo-gasly-companero-de-colapinto-sobre-el-alpine-en-el-primer-dia-del-gp-de-austria-4.jpg\"><\/picture>\n<p><span>Mir\u00e1 tambi\u00e9n<\/span><\/p>\n<hr>\n<h3>Sin Lando Norris, McLaren se llev\u00f3 una grata sorpresa en la pr\u00e1ctica de la F1 en Austria<\/h3>\n<\/p>\n<\/section>\n<\/div>\n<div class=\"sc-a7166897-0 eoLsBE\" readability=\"6\">\n<section readability=\"2\"><picture><img alt=\"C\u00f3mo le fue a Franco Colapinto en las pr\u00e1cticas del GP de Austria de la F1\" loading=\"lazy\" width=\"290\" height=\"290\" decoding=\"async\" data-nimg=\"1\" src=\"http:\/\/cordobadirecto.com\/wp-content\/uploads\/2025\/06\/que-dijo-gasly-companero-de-colapinto-sobre-el-alpine-en-el-primer-dia-del-gp-de-austria-5.jpg\"><\/picture>\n<p><span>Mir\u00e1 tambi\u00e9n<\/span><\/p>\n<hr>\n<h3>C\u00f3mo le fue a Franco Colapinto en las pr\u00e1cticas del GP de Austria de la F1<\/h3>\n<\/p>\n<\/section>\n<\/div>\n<\/div>\n","protected":false},"excerpt":{"rendered":"<p>27\/06\/2025 18:21hs. Los 20 pilotos de la F\u00f3rmula 1 probaron sus autos por primera vez en el Gran Premio de Austria, en el marco de la 11\u00aa fecha de la temporada, con dos sesiones de entrenamiento disputadas durante la jornada del viernes. Alpine, con Franco Colapinto y Pierre Gasly al volante, cerr\u00f3 la primera tanda [&hellip;]<\/p>\n","protected":false},"author":1,"featured_media":169321,"comment_status":"closed","ping_status":"closed","sticky":false,"template":"","format":"standard","meta":[],"categories":[21],"tags":[],"_links":{"self":[{"href":"http:\/\/cordobadirecto.com\/index.php\/wp-json\/wp\/v2\/posts\/169320"}],"collection":[{"href":"http:\/\/cordobadirecto.com\/index.php\/wp-json\/wp\/v2\/posts"}],"about":[{"href":"http:\/\/cordobadirecto.com\/index.php\/wp-json\/wp\/v2\/types\/post"}],"author":[{"embeddable":true,"href":"http:\/\/cordobadirecto.com\/index.php\/wp-json\/wp\/v2\/users\/1"}],"replies":[{"embeddable":true,"href":"http:\/\/cordobadirecto.com\/index.php\/wp-json\/wp\/v2\/comments?post=169320"}],"version-history":[{"count":0,"href":"http:\/\/cordobadirecto.com\/index.php\/wp-json\/wp\/v2\/posts\/169320\/revisions"}],"wp:featuredmedia":[{"embeddable":true,"href":"http:\/\/cordobadirecto.com\/index.php\/wp-json\/wp\/v2\/media\/169321"}],"wp:attachment":[{"href":"http:\/\/cordobadirecto.com\/index.php\/wp-json\/wp\/v2\/media?parent=169320"}],"wp:term":[{"taxonomy":"category","embeddable":true,"href":"http:\/\/cordobadirecto.com\/index.php\/wp-json\/wp\/v2\/categories?post=169320"},{"taxonomy":"post_tag","embeddable":true,"href":"http:\/\/cordobadirecto.com\/index.php\/wp-json\/wp\/v2\/tags?post=169320"}],"curies":[{"name":"wp","href":"https:\/\/api.w.org\/{rel}","templated":true}]}}