{"id":169322,"date":"2025-06-27T17:07:48","date_gmt":"2025-06-27T17:07:48","guid":{"rendered":"https:\/\/www.ole.com.ar\/autos\/molestia-franco-colapinto-alpine-confianza-auto-austria-f1-formula-1_0_ePQY95N0jN.html"},"modified":"2025-06-27T17:07:48","modified_gmt":"2025-06-27T17:07:48","slug":"el-malestar-de-franco-colapinto-con-el-alpine-no-estoy-teniendo-confianza-en-el-auto","status":"publish","type":"post","link":"http:\/\/cordobadirecto.com\/index.php\/2025\/06\/27\/el-malestar-de-franco-colapinto-con-el-alpine-no-estoy-teniendo-confianza-en-el-auto\/","title":{"rendered":"El malestar de Franco Colapinto con el Alpine: &#8220;No estoy teniendo confianza en el auto&#8221;"},"content":{"rendered":"<p><span class=\"createDate\">27\/06\/2025 14:07hs.<\/span><time class=\"modificatedDate\" datetime=\"2025-06-27T16:50:42-03:00\"> Actualizado al 27\/06\/2025 16:50hs.<\/time><\/p>\n<div id=\"storyBody\">\n<div class=\"custom-text \" readability=\"29.948148148148\">\n<p>Es cierto que las pr\u00e1cticas libres no definen nada, <strong><a href=\"https:\/\/www.ole.com.ar\/tema\/\/autos\/gp-austria-f1-vivo-hora-ver-practicas-libres-franco-colapinto_0_PXOAPmA29K.html\" target=\"_self\" title=\"pero seguro que Franco Colapinto no esperaba hallarse \u00faltimo tras la FP2\" alt=\"pero seguro que Franco Colapinto no esperaba hallarse \u00faltimo tras la FP2\" rel=\"noopener\">pero seguro que Franco Colapinto no esperaba hallarse \u00faltimo tras la FP2<\/a><\/strong> (fue 16\u00b0 en la primera sesi\u00f3n del d\u00eda). El <a href=\"https:\/\/www.ole.com.ar\/tema\/alpine.html\" title=\"Alpine\" alt=\"Alpine\" class=\"slug\">Alpine A525<\/a>, s\u00f3lido con los neum\u00e1ticos duros y mucha carga de combustible, no fue competitivo a una vuelta y el argentino lo remarc\u00f3 al bajarse del auto. De cara a la clasificaci\u00f3n de la <a href=\"https:\/\/www.ole.com.ar\/autos\/formula-1.html\" title=\"F\u00f3rmula 1\" alt=\"F\u00f3rmula 1\" class=\"slug\">F\u00f3rmula 1<\/a> en Austria, mucho por rever&#8230;<\/p>\n<\/div>\n<div class=\"custom-text \" readability=\"37\">\n<p>Se sab\u00eda que el auto no se destacaba por su velocidad punta, con un impulsor Renault que no estuvo a la altura, y que le costaba traccionar desde bajas velocidades. <strong>En este primer d\u00eda de actividad, Colapinto identific\u00f3 un nuevo problema<\/strong>: las curvas r\u00e1pidas.<\/p>\n<\/div>\n<div class=\"custom-text \" readability=\"43\">\n<p>&#8220;<strong>No fue muy bien<\/strong>, no me sent\u00ed muy c\u00f3modo especialmente en las curvas r\u00e1pidas, que son mi fuerte y me est\u00e1n costando. El balance fue muy diferente de una curva a otra. <strong>Ten\u00e9s que meter freno, volante y tener confianza en el auto, y no la estoy teniendo<\/strong>&#8220;, coment\u00f3 el #43, que qued\u00f3 a alrededor de medio segundo de su compa\u00f1ero, Pierre Gasly, en ambas sesiones.<\/p>\n<\/div>\n<div class=\"sc-e7b891c4-0 ifHnQL image-embed\"><img alt=\"Con Colapinto al volante, el ascenso del Red Bull Ring. (AP Photo\/Darko Bandic)\" loading=\"lazy\" width=\"720\" height=\"100\" decoding=\"async\" data-nimg=\"1\" src=\"http:\/\/cordobadirecto.com\/wp-content\/uploads\/2025\/06\/el-malestar-de-franco-colapinto-con-el-alpine-no-estoy-teniendo-confianza-en-el-auto.jpg\"><span class=\"epigraphe\">Con Colapinto al volante, el ascenso del Red Bull Ring. (AP Photo\/Darko Bandic)<\/span><\/div>\n<div class=\"custom-text \" readability=\"39\">\n<p>De cara a la carrera, las sensaciones no son malas, ya que Franco explic\u00f3 que <strong>&#8220;con high fuel, mucha carga de combustible, estamos bien&#8221;<\/strong>, pero advirti\u00f3 que habr\u00e1 que hacer ajustes para la clasificaci\u00f3n: &#8220;Hay que trabajar para ponerlo fuerte&#8221;.<\/p>\n<\/div>\n<p><h2>Franco Colapinto en Austria: horarios y d\u00f3nde ver<\/h2>\n<\/p>\n<div class=\"custom-text \" readability=\"39\">\n<p>Para los argentinos, la actividad del s\u00e1bado comenzar\u00e1 muy temprano. <strong>A las 7.30 se disputar\u00e1 el tercer entrenamiento libre<\/strong>, la \u00faltima oportunidad para hacer pruebas y que Alpine corrija las falencias exhibidas el viernes, <strong>y a partir de las 11 ser\u00e1 turno de la clasificaci\u00f3n<\/strong>, que definir\u00e1 la grilla de partida para la carrera.<\/p>\n<\/div>\n<div class=\"custom-text \" readability=\"37\">\n<p>Por \u00faltimo, el domingo tendr\u00e1 lugar la final, que se largar\u00e1 a las 10. Toda la actividad del fin de semana ser\u00e1 transmitida tanto por <strong>Fox Sports<\/strong> como por <strong>Disney+ Premium<\/strong>. Asimismo, se va a poder seguir en vivo en <strong>Ol\u00e9<\/strong>.<\/p>\n<\/div>\n<div class=\"sc-e7b891c4-0 ifHnQL image-embed\"><img alt=\"Colapinto buscar\u00e1 cambiar la mano el s\u00e1bado. (AP Photo\/Denes Erdos)\" loading=\"lazy\" width=\"720\" height=\"100\" decoding=\"async\" data-nimg=\"1\" src=\"http:\/\/cordobadirecto.com\/wp-content\/uploads\/2025\/06\/el-malestar-de-franco-colapinto-con-el-alpine-no-estoy-teniendo-confianza-en-el-auto-1.jpg\"><span class=\"epigraphe\">Colapinto buscar\u00e1 cambiar la mano el s\u00e1bado. (AP Photo\/Denes Erdos)<\/span><\/div>\n<div class=\"sc-a7166897-0 eoLsBE\" readability=\"6\">\n<section readability=\"2\"><picture><img alt=\"C\u00f3mo le fue a Franco Colapinto en las pr\u00e1cticas del GP de Austria de la F1\" loading=\"lazy\" width=\"290\" height=\"290\" decoding=\"async\" data-nimg=\"1\" src=\"http:\/\/cordobadirecto.com\/wp-content\/uploads\/2025\/06\/el-malestar-de-franco-colapinto-con-el-alpine-no-estoy-teniendo-confianza-en-el-auto-2.jpg\"><\/picture>\n<p><span>Mir\u00e1 tambi\u00e9n<\/span><\/p>\n<hr>\n<h3>C\u00f3mo le fue a Franco Colapinto en las pr\u00e1cticas del GP de Austria de la F1<\/h3>\n<\/p>\n<\/section>\n<\/div>\n<div class=\"sc-a7166897-0 eoLsBE\" readability=\"6.5\">\n<section readability=\"3\"><picture><img alt=\"F\u00f3rmula 1 y MotoGP 2027: proyectos y c\u00f3mo van las negociaciones para traer ambos a Buenos Aires\" loading=\"lazy\" width=\"290\" height=\"290\" decoding=\"async\" data-nimg=\"1\" src=\"http:\/\/cordobadirecto.com\/wp-content\/uploads\/2025\/06\/el-malestar-de-franco-colapinto-con-el-alpine-no-estoy-teniendo-confianza-en-el-auto-3.jpg\"><\/picture>\n<p><span>Mir\u00e1 tambi\u00e9n<\/span><\/p>\n<hr>\n<h3>F\u00f3rmula 1 y MotoGP 2027: proyectos y c\u00f3mo van las negociaciones para traer ambos a Buenos Aires<\/h3>\n<\/p>\n<\/section>\n<\/div>\n<div class=\"sc-a7166897-0 eoLsBE\" readability=\"7\">\n<section readability=\"4\"><picture><img alt=\"Sin Lando Norris, McLaren se llev\u00f3 una grata sorpresa en la pr\u00e1ctica de la F1 en Austria\" loading=\"lazy\" width=\"290\" height=\"290\" decoding=\"async\" data-nimg=\"1\" src=\"http:\/\/cordobadirecto.com\/wp-content\/uploads\/2025\/06\/el-malestar-de-franco-colapinto-con-el-alpine-no-estoy-teniendo-confianza-en-el-auto-4.jpg\"><\/picture>\n<p><span>Mir\u00e1 tambi\u00e9n<\/span><\/p>\n<hr>\n<h3>Sin Lando Norris, McLaren se llev\u00f3 una grata sorpresa en la pr\u00e1ctica de la F1 en Austria<\/h3>\n<\/p>\n<\/section>\n<\/div>\n<div class=\"sc-a7166897-0 eoLsBE\" readability=\"6.5\">\n<section readability=\"3\"><picture><img alt=\"Franco Colapinto cont\u00f3 c\u00f3mo fue &quot;el mejor vuelo de su vida&quot; con... \u00a1Lewis Hamilton!\" loading=\"lazy\" width=\"290\" height=\"290\" decoding=\"async\" data-nimg=\"1\" src=\"http:\/\/cordobadirecto.com\/wp-content\/uploads\/2025\/06\/el-malestar-de-franco-colapinto-con-el-alpine-no-estoy-teniendo-confianza-en-el-auto-5.jpg\"><\/picture>\n<p><span>Mir\u00e1 tambi\u00e9n<\/span><\/p>\n<hr>\n<h3>Franco Colapinto cont\u00f3 c\u00f3mo fue &#8220;el mejor vuelo de su vida&#8221; con&#8230; \u00a1Lewis Hamilton!<\/h3>\n<\/p>\n<\/section>\n<\/div>\n<div class=\"sc-a7166897-0 eoLsBE\" readability=\"6\">\n<section readability=\"2\"><picture><img alt=\"Pierre Gasly: de la decepci\u00f3n al objetivo que se plante\u00f3 para el GP de Austria\" loading=\"lazy\" width=\"290\" height=\"290\" decoding=\"async\" data-nimg=\"1\" src=\"http:\/\/cordobadirecto.com\/wp-content\/uploads\/2025\/06\/el-malestar-de-franco-colapinto-con-el-alpine-no-estoy-teniendo-confianza-en-el-auto-6.jpg\"><\/picture>\n<p><span>Mir\u00e1 tambi\u00e9n<\/span><\/p>\n<hr>\n<h3>Pierre Gasly: de la decepci\u00f3n al objetivo que se plante\u00f3 para el GP de Austria<\/h3>\n<\/p>\n<\/section>\n<\/div>\n<\/div>\n","protected":false},"excerpt":{"rendered":"<p>27\/06\/2025 14:07hs. Actualizado al 27\/06\/2025 16:50hs. Es cierto que las pr\u00e1cticas libres no definen nada, pero seguro que Franco Colapinto no esperaba hallarse \u00faltimo tras la FP2 (fue 16\u00b0 en la primera sesi\u00f3n del d\u00eda). El Alpine A525, s\u00f3lido con los neum\u00e1ticos duros y mucha carga de combustible, no fue competitivo a una vuelta y [&hellip;]<\/p>\n","protected":false},"author":1,"featured_media":169323,"comment_status":"closed","ping_status":"closed","sticky":false,"template":"","format":"standard","meta":[],"categories":[21],"tags":[],"_links":{"self":[{"href":"http:\/\/cordobadirecto.com\/index.php\/wp-json\/wp\/v2\/posts\/169322"}],"collection":[{"href":"http:\/\/cordobadirecto.com\/index.php\/wp-json\/wp\/v2\/posts"}],"about":[{"href":"http:\/\/cordobadirecto.com\/index.php\/wp-json\/wp\/v2\/types\/post"}],"author":[{"embeddable":true,"href":"http:\/\/cordobadirecto.com\/index.php\/wp-json\/wp\/v2\/users\/1"}],"replies":[{"embeddable":true,"href":"http:\/\/cordobadirecto.com\/index.php\/wp-json\/wp\/v2\/comments?post=169322"}],"version-history":[{"count":0,"href":"http:\/\/cordobadirecto.com\/index.php\/wp-json\/wp\/v2\/posts\/169322\/revisions"}],"wp:featuredmedia":[{"embeddable":true,"href":"http:\/\/cordobadirecto.com\/index.php\/wp-json\/wp\/v2\/media\/169323"}],"wp:attachment":[{"href":"http:\/\/cordobadirecto.com\/index.php\/wp-json\/wp\/v2\/media?parent=169322"}],"wp:term":[{"taxonomy":"category","embeddable":true,"href":"http:\/\/cordobadirecto.com\/index.php\/wp-json\/wp\/v2\/categories?post=169322"},{"taxonomy":"post_tag","embeddable":true,"href":"http:\/\/cordobadirecto.com\/index.php\/wp-json\/wp\/v2\/tags?post=169322"}],"curies":[{"name":"wp","href":"https:\/\/api.w.org\/{rel}","templated":true}]}}