{"id":169329,"date":"2025-06-28T07:51:23","date_gmt":"2025-06-28T07:51:23","guid":{"rendered":"https:\/\/puntoapunto.com.ar\/?p=374444"},"modified":"2025-06-28T07:51:23","modified_gmt":"2025-06-28T07:51:23","slug":"quien-es-y-de-donde-viene-el-nuevo-brand-manager-de-fiat-argentina","status":"publish","type":"post","link":"http:\/\/cordobadirecto.com\/index.php\/2025\/06\/28\/quien-es-y-de-donde-viene-el-nuevo-brand-manager-de-fiat-argentina\/","title":{"rendered":"Qui\u00e9n es y de d\u00f3nde viene el nuevo brand manager de Fiat Argentina"},"content":{"rendered":"\n<p>Stellantis Argentina comunic\u00f3 que Guido Avil\u00e9s, quien hasta ahora se desempe\u00f1aba como Brand Manager de la marca DS Automobiles para nuestro pa\u00eds, es el nuevo Brand Manager de la marca FIAT en Argentina.<\/p>\n<p>Avil\u00e9s, Licenciado en Administraci\u00f3n de Empresas, quien cuenta con m\u00e1s de 15 a\u00f1os de experiencia en la industria automotriz, ha trabajado en diversas marcas del grupo como Peugeot, Citro\u00ebn y DS Automobiles, desempe\u00f1\u00e1ndose en \u00e1reas de ventas y marketing estrat\u00e9gico con diferentes responsabilidades a lo largo de los a\u00f1os.<\/p>\n<p><img decoding=\"async\" class=\"aligncenter wp-image-374447 size-large\" src=\"http:\/\/cordobadirecto.com\/wp-content\/uploads\/2025\/06\/quien-es-y-de-donde-viene-el-nuevo-brand-manager-de-fiat-argentina.jpg\" alt width=\"845\" height=\"1024\" srcset=\"http:\/\/cordobadirecto.com\/wp-content\/uploads\/2025\/06\/quien-es-y-de-donde-viene-el-nuevo-brand-manager-de-fiat-argentina.jpg 845w, http:\/\/cordobadirecto.com\/wp-content\/uploads\/2025\/06\/quien-es-y-de-donde-viene-el-nuevo-brand-manager-de-fiat-argentina-1.jpg 248w, http:\/\/cordobadirecto.com\/wp-content\/uploads\/2025\/06\/quien-es-y-de-donde-viene-el-nuevo-brand-manager-de-fiat-argentina-2.jpg 768w, http:\/\/cordobadirecto.com\/wp-content\/uploads\/2025\/06\/quien-es-y-de-donde-viene-el-nuevo-brand-manager-de-fiat-argentina-3.jpg 1267w, http:\/\/cordobadirecto.com\/wp-content\/uploads\/2025\/06\/quien-es-y-de-donde-viene-el-nuevo-brand-manager-de-fiat-argentina-4.jpg 750w, http:\/\/cordobadirecto.com\/wp-content\/uploads\/2025\/06\/quien-es-y-de-donde-viene-el-nuevo-brand-manager-de-fiat-argentina-5.jpg 1140w, http:\/\/cordobadirecto.com\/wp-content\/uploads\/2025\/06\/quien-es-y-de-donde-viene-el-nuevo-brand-manager-de-fiat-argentina-6.jpg 1320w\" sizes=\"(max-width: 845px) 100vw, 845px\" loading=\"lazy\"><\/p>\n<p>Durante los \u00faltimos a\u00f1os de su carrera en Stellantis, ha ocupado el puesto de Brand Manager de la marca DS Automobiles llev\u00e1ndola a una importante posici\u00f3n en el mercado premium, liderando la estrategia de electrificaci\u00f3n con lanzamientos clave de productos h\u00edbridos y el\u00e9ctricos.<\/p>\n<p>Hoy, reemplaza a Mart\u00edn Scrimaglia quien luego de trabajar 8 a\u00f1os en la compa\u00f1\u00eda, afrontar\u00e1 nuevos desaf\u00edos laborales y Guido pasa a tomar el puesto de Brand Manager para la marca Fiat en nuestro pa\u00eds.<\/p>\n<p>Desde este nuevo rol, Avil\u00e9s impulsar\u00e1 una visi\u00f3n centrada en los valores y objetivos de la marca Fiat en la Argentina contemplando la amplia gama que se ofrece en el pa\u00eds e impulsando el lanzamiento m\u00e1s importante de la compa\u00f1\u00eda en este 2025: la nueva pick-up de producci\u00f3n nacional, Fiat Titano.<\/p>\n","protected":false},"excerpt":{"rendered":"<p>Stellantis Argentina comunic\u00f3 que Guido Avil\u00e9s, quien hasta ahora se desempe\u00f1aba como Brand Manager de la marca DS Automobiles para nuestro pa\u00eds, es el nuevo Brand Manager de la marca FIAT en Argentina. Avil\u00e9s, Licenciado en Administraci\u00f3n de Empresas, quien cuenta con m\u00e1s de 15 a\u00f1os de experiencia en la industria automotriz, ha trabajado en [&hellip;]<\/p>\n","protected":false},"author":1,"featured_media":169330,"comment_status":"closed","ping_status":"closed","sticky":false,"template":"","format":"standard","meta":[],"categories":[25],"tags":[],"_links":{"self":[{"href":"http:\/\/cordobadirecto.com\/index.php\/wp-json\/wp\/v2\/posts\/169329"}],"collection":[{"href":"http:\/\/cordobadirecto.com\/index.php\/wp-json\/wp\/v2\/posts"}],"about":[{"href":"http:\/\/cordobadirecto.com\/index.php\/wp-json\/wp\/v2\/types\/post"}],"author":[{"embeddable":true,"href":"http:\/\/cordobadirecto.com\/index.php\/wp-json\/wp\/v2\/users\/1"}],"replies":[{"embeddable":true,"href":"http:\/\/cordobadirecto.com\/index.php\/wp-json\/wp\/v2\/comments?post=169329"}],"version-history":[{"count":0,"href":"http:\/\/cordobadirecto.com\/index.php\/wp-json\/wp\/v2\/posts\/169329\/revisions"}],"wp:featuredmedia":[{"embeddable":true,"href":"http:\/\/cordobadirecto.com\/index.php\/wp-json\/wp\/v2\/media\/169330"}],"wp:attachment":[{"href":"http:\/\/cordobadirecto.com\/index.php\/wp-json\/wp\/v2\/media?parent=169329"}],"wp:term":[{"taxonomy":"category","embeddable":true,"href":"http:\/\/cordobadirecto.com\/index.php\/wp-json\/wp\/v2\/categories?post=169329"},{"taxonomy":"post_tag","embeddable":true,"href":"http:\/\/cordobadirecto.com\/index.php\/wp-json\/wp\/v2\/tags?post=169329"}],"curies":[{"name":"wp","href":"https:\/\/api.w.org\/{rel}","templated":true}]}}