{"id":169377,"date":"2025-06-28T21:20:52","date_gmt":"2025-06-28T21:20:52","guid":{"rendered":"https:\/\/www.ole.com.ar\/autos\/franco-colapinto-supero-rival-temporada-formula-1-alpine-jack-doohan_0_qGVNtfQbHX.html"},"modified":"2025-06-28T21:20:52","modified_gmt":"2025-06-28T21:20:52","slug":"franco-colapinto-supero-a-su-primer-rival-de-la-temporada-en-la-formula-1","status":"publish","type":"post","link":"http:\/\/cordobadirecto.com\/index.php\/2025\/06\/28\/franco-colapinto-supero-a-su-primer-rival-de-la-temporada-en-la-formula-1\/","title":{"rendered":"Franco Colapinto super\u00f3 a su primer rival de la temporada en la F\u00f3rmula 1"},"content":{"rendered":"<p><span class=\"createDate\">28\/06\/2025 18:20hs.<\/span><time class=\"modificatedDate\" datetime=\"2025-06-28T18:48:27-03:00\"> Actualizado al 28\/06\/2025 18:48hs.<\/time><\/p>\n<div id=\"storyBody\">\n<div class=\"custom-text \" readability=\"37.271523178808\">\n<p>Cuando se gan\u00f3 la titularidad, <strong><a href=\"https:\/\/www.ole.com.ar\/tema\/franco-colapinto.html\" title=\"Franco Colapinto\" alt=\"Franco Colapinto\" class=\"slug\">Franco Colapinto<\/a> se top\u00f3 con un desaf\u00edo tan lindo como complicado<\/strong>. Aunque fue una oportunidad \u00fanica para regresar a la <a href=\"https:\/\/www.ole.com.ar\/tema\/formula-1.html\" title=\"F\u00f3rmula 1\" alt=\"F\u00f3rmula 1\" class=\"slug\">F\u00f3rmula 1<\/a>, y de eso no hay dudas, vino acompa\u00f1ada de un reto dif\u00edcil como rendir arriba de un <a href=\"https:\/\/www.ole.com.ar\/tema\/alpine.html\" title=\"Alpine\" alt=\"Alpine\" class=\"slug\">Alpine<\/a> problem\u00e1tico. En ese contexto, es injusto medirlo con los otros competidores -la mayor\u00eda maneja m\u00e1quinas m\u00e1s veloces-, por lo que el primer desaf\u00edo estaba en casa: <strong>deb\u00eda demostrar ser m\u00e1s r\u00e1pido que <a href=\"https:\/\/www.ole.com.ar\/tema\/jack-doohan.html\" title=\"Jack Doohan\" alt=\"Jack Doohan\" class=\"slug\">Jack Doohan<\/a>, al que reemplaz\u00f3 tras la quinta fecha<\/strong>. Luego de la <a href=\"https:\/\/www.ole.com.ar\/autos\/larga-franco-colapinto-gp-austria-domingo_0_ZoMoOFn3Mc.html\" target=\"_self\" title=\"clasificaci\u00f3n en Austria\" alt=\"clasificaci\u00f3n en Austria\" rel=\"noopener\">clasificaci\u00f3n en Austria<\/a>, el argentino pareci\u00f3 haber pasado la prueba&#8230;<\/p>\n<\/div>\n<div class=\"custom-text \" readability=\"42\">\n<p>Hasta su descenso, ya que sigui\u00f3 en el equipo como piloto de reserva, el australiano form\u00f3 parte de siete clasificaciones (cinco convencionales y dos sprint). En ese lapso, <strong>sum\u00f3 dos ingresos a la Q2<\/strong>, ubic\u00e1ndose entre los 15 m\u00e1s r\u00e1pidos, y cay\u00f3 cinco veces en la Q1, es decir que no logr\u00f3 pasar el primer corte. En varias sesiones menos, <strong>el bonaerense ya lo dej\u00f3 atr\u00e1s.<\/strong><\/p>\n<\/div>\n<div class=\"sc-e7b891c4-0 ifHnQL image-embed\"><img alt=\"Colapinto tuvo un buen s\u00e1bado en Red Bull Ring. (REUTERS\/Jakub Porzycki)\" loading=\"lazy\" width=\"720\" height=\"100\" decoding=\"async\" data-nimg=\"1\" src=\"http:\/\/cordobadirecto.com\/wp-content\/uploads\/2025\/06\/franco-colapinto-supero-a-su-primer-rival-de-la-temporada-en-la-formula-1.jpg\"><span class=\"epigraphe\">Colapinto tuvo un buen s\u00e1bado en Red Bull Ring. (REUTERS\/Jakub Porzycki)<\/span><\/div>\n<p><h2>En menos intentos, Colapinto dej\u00f3 atr\u00e1s a Doohan en las clasificaciones<\/h2>\n<\/p>\n<div class=\"custom-text \" readability=\"43\">\n<p>Tras un viernes que lo dej\u00f3 cargado de dudas, <strong>Colapinto se clasific\u00f3 en Red Bull Ring<\/strong>, consigui\u00f3 pasar a la segunda ronda y finaliz\u00f3 14\u00b0. De este modo, despu\u00e9s de cinco clasificaciones desde su retorno a la M\u00e1xima, <strong>consigui\u00f3 tres ingresos a la Q2, uno m\u00e1s que Doohan<\/strong>: en Emilia-Roma\u00f1a, donde qued\u00f3 15\u00b0; Canad\u00e1, donde concluy\u00f3 12\u00b0 (su mejor resultado hasta ahora), y Austria. <\/p>\n<\/div>\n<div class=\"custom-text \" readability=\"43\">\n<p>Eso s\u00ed, <strong>ni Franco ni Jack lograron meterse en la Q3<\/strong> -entre los 10 m\u00e1s r\u00e1pidos-, una tarea complicada manejando un Alpine (Pierre Gasly, mucho m\u00e1s experimentado y acostumbrado al auto, lo logr\u00f3 este domingo). Es la cuenta pendiente para el argentino, que est\u00e1 revirtiendo la mano en las tandas cronometradas y se muestra mucho m\u00e1s s\u00f3lido en las carreras.<strong> Hasta ahora, en ese apartado, el pibe no baj\u00f3 del 16\u00b0 puesto<\/strong> (lo mejor, dos 13\u00b0 lugares) y este domingo buscar\u00e1 los puntos que terminen de probar que la escuder\u00eda francesa no se equivoc\u00f3 al elegirlo.<\/p>\n<\/div>\n<div class=\"sc-e7b891c4-0 ifHnQL image-embed\"><img alt=\"Colapinto ir\u00e1 por los puntos en Austria. (REUTERS\/Darko Bandic)\" loading=\"lazy\" width=\"720\" height=\"100\" decoding=\"async\" data-nimg=\"1\" src=\"http:\/\/cordobadirecto.com\/wp-content\/uploads\/2025\/06\/franco-colapinto-supero-a-su-primer-rival-de-la-temporada-en-la-formula-1-1.jpg\"><span class=\"epigraphe\">Colapinto ir\u00e1 por los puntos en Austria. (REUTERS\/Darko Bandic)<\/span><\/div>\n<div class=\"sc-a7166897-0 eoLsBE\" readability=\"6\">\n<section readability=\"2\"><picture><img alt=\"C\u00f3mo larga Franco Colapinto despu\u00e9s de una positiva qualy en GP de Austria\" loading=\"lazy\" width=\"290\" height=\"290\" decoding=\"async\" data-nimg=\"1\" src=\"http:\/\/cordobadirecto.com\/wp-content\/uploads\/2025\/06\/franco-colapinto-supero-a-su-primer-rival-de-la-temporada-en-la-formula-1-2.jpg\"><\/picture>\n<p><span>Mir\u00e1 tambi\u00e9n<\/span><\/p>\n<hr>\n<h3>C\u00f3mo larga Franco Colapinto despu\u00e9s de una positiva qualy en GP de Austria<\/h3>\n<\/p>\n<\/section>\n<\/div>\n<div class=\"sc-a7166897-0 eoLsBE\" readability=\"6.5\">\n<section readability=\"3\"><picture><img alt=\"La bronca de Franco Colapinto tras haber quedado a una d\u00e9cima de la Q3 en el GP de Austria\" loading=\"lazy\" width=\"290\" height=\"290\" decoding=\"async\" data-nimg=\"1\" src=\"http:\/\/cordobadirecto.com\/wp-content\/uploads\/2025\/06\/franco-colapinto-supero-a-su-primer-rival-de-la-temporada-en-la-formula-1-3.jpg\"><\/picture>\n<p><span>Mir\u00e1 tambi\u00e9n<\/span><\/p>\n<hr>\n<h3>La bronca de Franco Colapinto tras haber quedado a una d\u00e9cima de la Q3 en el GP de Austria<\/h3>\n<\/p>\n<\/section>\n<\/div>\n<div class=\"sc-a7166897-0 eoLsBE\" readability=\"6\">\n<section readability=\"2\"><picture><img alt=\"Qu\u00e9 dijeron Pierre Gasly y Flavio Briatore tras la qualy del GP de Austria\" loading=\"lazy\" width=\"290\" height=\"290\" decoding=\"async\" data-nimg=\"1\" src=\"http:\/\/cordobadirecto.com\/wp-content\/uploads\/2025\/06\/franco-colapinto-supero-a-su-primer-rival-de-la-temporada-en-la-formula-1-4.jpg\"><\/picture>\n<p><span>Mir\u00e1 tambi\u00e9n<\/span><\/p>\n<hr>\n<h3>Qu\u00e9 dijeron Pierre Gasly y Flavio Briatore tras la qualy del GP de Austria<\/h3>\n<\/p>\n<\/section>\n<\/div>\n<div class=\"sc-a7166897-0 eoLsBE\" readability=\"6\">\n<section readability=\"2\"><picture><img alt=\"Imparable: Lando Norris logr\u00f3 la pole en el GP de Austria\" loading=\"lazy\" width=\"290\" height=\"290\" decoding=\"async\" data-nimg=\"1\" src=\"http:\/\/cordobadirecto.com\/wp-content\/uploads\/2025\/06\/franco-colapinto-supero-a-su-primer-rival-de-la-temporada-en-la-formula-1-5.jpg\"><\/picture>\n<p><span>Mir\u00e1 tambi\u00e9n<\/span><\/p>\n<hr>\n<h3>Imparable: Lando Norris logr\u00f3 la pole en el GP de Austria<\/h3>\n<\/p>\n<\/section>\n<\/div>\n<div class=\"sc-a7166897-0 eoLsBE\" readability=\"6\">\n<section readability=\"2\"><picture><img alt=\"Video: el tremendo doble trompo de Gasly y c\u00f3mo sac\u00f3 el auto en el GP de Austria\" loading=\"lazy\" width=\"290\" height=\"290\" decoding=\"async\" data-nimg=\"1\" src=\"http:\/\/cordobadirecto.com\/wp-content\/uploads\/2025\/06\/franco-colapinto-supero-a-su-primer-rival-de-la-temporada-en-la-formula-1-6.jpg\"><\/picture>\n<p><span>Mir\u00e1 tambi\u00e9n<\/span><\/p>\n<hr>\n<h3>Video: el tremendo doble trompo de Gasly y c\u00f3mo sac\u00f3 el auto en el GP de Austria<\/h3>\n<\/p>\n<\/section>\n<\/div>\n<div class=\"sc-a7166897-0 eoLsBE\" readability=\"6.5\">\n<section readability=\"3\"><picture><img alt=\"As\u00ed qued\u00f3 la definitiva parrilla del GP de Austria tras la declaraci\u00f3n de George Russell\" loading=\"lazy\" width=\"290\" height=\"290\" decoding=\"async\" data-nimg=\"1\" src=\"http:\/\/cordobadirecto.com\/wp-content\/uploads\/2025\/06\/franco-colapinto-supero-a-su-primer-rival-de-la-temporada-en-la-formula-1-7.jpg\"><\/picture>\n<p><span>Mir\u00e1 tambi\u00e9n<\/span><\/p>\n<hr>\n<h3>As\u00ed qued\u00f3 la definitiva parrilla del GP de Austria tras la declaraci\u00f3n de George Russell<\/h3>\n<\/p>\n<\/section>\n<\/div>\n<\/div>\n","protected":false},"excerpt":{"rendered":"<p>28\/06\/2025 18:20hs. Actualizado al 28\/06\/2025 18:48hs. Cuando se gan\u00f3 la titularidad, Franco Colapinto se top\u00f3 con un desaf\u00edo tan lindo como complicado. Aunque fue una oportunidad \u00fanica para regresar a la F\u00f3rmula 1, y de eso no hay dudas, vino acompa\u00f1ada de un reto dif\u00edcil como rendir arriba de un Alpine problem\u00e1tico. En ese contexto, [&hellip;]<\/p>\n","protected":false},"author":1,"featured_media":169378,"comment_status":"closed","ping_status":"closed","sticky":false,"template":"","format":"standard","meta":[],"categories":[21],"tags":[],"_links":{"self":[{"href":"http:\/\/cordobadirecto.com\/index.php\/wp-json\/wp\/v2\/posts\/169377"}],"collection":[{"href":"http:\/\/cordobadirecto.com\/index.php\/wp-json\/wp\/v2\/posts"}],"about":[{"href":"http:\/\/cordobadirecto.com\/index.php\/wp-json\/wp\/v2\/types\/post"}],"author":[{"embeddable":true,"href":"http:\/\/cordobadirecto.com\/index.php\/wp-json\/wp\/v2\/users\/1"}],"replies":[{"embeddable":true,"href":"http:\/\/cordobadirecto.com\/index.php\/wp-json\/wp\/v2\/comments?post=169377"}],"version-history":[{"count":0,"href":"http:\/\/cordobadirecto.com\/index.php\/wp-json\/wp\/v2\/posts\/169377\/revisions"}],"wp:featuredmedia":[{"embeddable":true,"href":"http:\/\/cordobadirecto.com\/index.php\/wp-json\/wp\/v2\/media\/169378"}],"wp:attachment":[{"href":"http:\/\/cordobadirecto.com\/index.php\/wp-json\/wp\/v2\/media?parent=169377"}],"wp:term":[{"taxonomy":"category","embeddable":true,"href":"http:\/\/cordobadirecto.com\/index.php\/wp-json\/wp\/v2\/categories?post=169377"},{"taxonomy":"post_tag","embeddable":true,"href":"http:\/\/cordobadirecto.com\/index.php\/wp-json\/wp\/v2\/tags?post=169377"}],"curies":[{"name":"wp","href":"https:\/\/api.w.org\/{rel}","templated":true}]}}