{"id":169379,"date":"2025-06-28T18:03:51","date_gmt":"2025-06-28T18:03:51","guid":{"rendered":"https:\/\/www.ole.com.ar\/autos\/dijeron-flavio-briatore-pierre-gasly-alpine-qualy-austria_0_pcq5zZJE1Q.html"},"modified":"2025-06-28T18:03:51","modified_gmt":"2025-06-28T18:03:51","slug":"que-dijeron-pierre-gasly-y-flavio-briatore-tras-la-qualy-del-gp-de-austria","status":"publish","type":"post","link":"http:\/\/cordobadirecto.com\/index.php\/2025\/06\/28\/que-dijeron-pierre-gasly-y-flavio-briatore-tras-la-qualy-del-gp-de-austria\/","title":{"rendered":"Qu\u00e9 dijeron Pierre Gasly y Flavio Briatore tras la qualy del GP de Austria"},"content":{"rendered":"<p><span class=\"createDate\">28\/06\/2025 15:03hs.<\/span><time class=\"modificatedDate\" datetime=\"2025-06-28T15:08:47-03:00\"> Actualizado al 28\/06\/2025 15:08hs.<\/time><\/p>\n<div id=\"storyBody\">\n<div class=\"custom-text \" readability=\"39.50569476082\">\n<p>Debi\u00f3 llegar la 11a fecha de la F\u00f3rmula 1 para que Alpine, un equipo que en este 2025 puede aspirar a cumplir objetivos no muy ambiciosos, lograra una meta b\u00e1sica: <strong>meter sus dos autos en la Q2 de la clasificaci\u00f3n<\/strong>. Esto sucedi\u00f3 con <strong><a href=\"https:\/\/www.ole.com.ar\/tema\/franco-colapinto.html\" title=\"Franco Colapinto\" alt=\"Franco Colapinto\" class=\"slug\">Franco Colapinto<\/a><\/strong> y <strong>Pierre Gasly<\/strong>, quienes pasaron la primera tanda, el argentino por segunda vez en la temporada. El franc\u00e9s, despu\u00e9s hasta super\u00f3 la Q2, de manera que largar\u00e1 10\u00b0; Fran picar\u00e1 14\u00b0.<\/p>\n<\/div>\n<div class=\"custom-text \" readability=\"37\">\n<p>Dos veces un compa\u00f1ero de Gasly pudo superar esa Q1 (<strong>Jack Doohan en Miami y Colapinto en Canad\u00e1<\/strong>), pero el franc\u00e9s se qued\u00f3 atr\u00e1s. As\u00ed, el GP de Austria dej\u00f3 motivos para festejar en la escuder\u00eda francesa, que este domingo aspira a sumar alg\u00fan punto. Aunque tambi\u00e9n hubo alg\u00fan palito&#8230;<\/p>\n<\/div>\n<div class=\"custom-text \" readability=\"38\">\n<p>En las declaraciones de <strong>Flavio Briatore<\/strong> y <strong>Gasly<\/strong> se not\u00f3 el cambio de humor, luego de que Colapinto viera ambas mitades del vaso al alegrarse por un lado, pero con un poco de bronca al mismo tiempo ya que, interpret\u00f3, podr\u00eda haber llegado a la Q3.<\/p>\n<\/div>\n<p><h2>Qu\u00e9 dijeron Flavio Briatore y Pierre Gasly tras la qualy del GP de Austria<\/h2>\n<\/p>\n<div class=\"custom-text \" readability=\"43\">\n<p>Briatore analiz\u00f3: &#8220;El equipo hizo un buen trabajo para recuperar el rendimiento tras un par de sesiones de entrenamientos dif\u00edciles. <strong>Pierre iba camino de un mejor resultado, pero cometi\u00f3 un error e hizo un trompo en la \u00faltima curva en su \u00faltima vuelta de empuje<\/strong>. Es una l\u00e1stima, ya que, sin eso, habr\u00edamos salido la carrera ma\u00f1ana en sexto o s\u00e9ptimo lugar. Claramente, el coche estuvo lo suficientemente bien para la Q3, pero a\u00fan nos falta tener dos coches en la posici\u00f3n adecuada. Franco pas\u00f3 la Q1, pero estaba demasiado lejos para llegar a la Q3, algo que debemos mejorar si queremos ser m\u00e1s competitivos con ambos coches&#8221;.<\/p>\n<\/div>\n<div class=\"sc-734b4696-1 kFfZtB\" readability=\"6\">\n<div class=\"sc-d00d9e74-0 hnHYbk\" type=\"embed\">\n<div class=\"sc-d00d9e74-1 iKVbz videoText\" id=\"contentTitleembedggzi3BQ9\" type=\"embed\"><svg fill=\"#ffffff\"><symbol id=\"play\" viewBox=\"0 0 512 512\"><path d=\"M512 256C512 397.4 397.4 512 256 512C114.6 512 0 397.4 0 256C0 114.6 114.6 0 256 0C397.4 0 512 114.6 512 256zM176 168V344C176 352.7 180.7 360.7 188.3 364.9C195.8 369.2 205.1 369 212.5 364.5L356.5 276.5C363.6 272.1 368 264.4 368 256C368 247.6 363.6 239.9 356.5 235.5L212.5 147.5C205.1 142.1 195.8 142.8 188.3 147.1C180.7 151.3 176 159.3 176 168V168z\" \/><\/symbol><use xlink:href=\"#play\" \/><\/svg><\/p>\n<div class=\"right\">\n<p>F\u00f3rmula 1<!-- --> &#8211; <span>&nbsp;<\/span><\/p>\n<h2 class=\"title-vid\">El doble trompo de Gasly en el GP de Austria<\/h2>\n<\/div>\n<\/div>\n<p><span class=\"back\" id=\"spanBackembedggzi3BQ9\"><\/span><\/div>\n<div class=\"JWvideoNota_title\" readability=\"7\">\n<p>El franc\u00e9s perdi\u00f3 el auto en la clasificaci\u00f3n pero lo pudo enderezar (@SC_ESPN).<\/p>\n<\/div>\n<\/div>\n<div class=\"custom-text \" readability=\"38\">\n<p>Respecto de la carrera, el director de equipo de Alpine, dijo: &#8220;Veremos qu\u00e9 nos depara ma\u00f1ana. <strong>Har\u00e1 calor, la estrategia y la gesti\u00f3n de los neum\u00e1ticos ser\u00e1n importantes<\/strong>, y sumar puntos es cada vez m\u00e1s vital para nosotros dada nuestra posici\u00f3n actual&#8221;.<\/p>\n<\/div>\n<div class=\"custom-text \" readability=\"41\">\n<p>Gasly sum\u00f3: &#8220;Aunque me alegra estar en la Q3, <strong>no estoy muy contento con mi error en la \u00faltima curva cuando iba en una vuelta decente<\/strong>. Estaba forzando al m\u00e1ximo, demasiado al final, e hice un trompo, pero afortunadamente evit\u00e9 cualquier da\u00f1o. Hasta entonces, hab\u00eda estado forzando mucho el coche en la Q1 y la Q2 para ponernos en la pelea por el top 10. A veces hay margen de error, y lo positivo es que hoy el coche demostr\u00f3 claramente su rendimiento y potencial&#8221;.<\/p>\n<\/div>\n<div class=\"sc-e7b891c4-0 ifHnQL image-embed\"><img alt=\"Franco Colapinto larga 14\u00b0.\" loading=\"lazy\" width=\"720\" height=\"100\" decoding=\"async\" data-nimg=\"1\" src=\"http:\/\/cordobadirecto.com\/wp-content\/uploads\/2025\/06\/que-dijeron-pierre-gasly-y-flavio-briatore-tras-la-qualy-del-gp-de-austria.jpg\"><span class=\"epigraphe\">Franco Colapinto larga 14\u00b0.<\/span><\/div>\n<div class=\"custom-text \" readability=\"37\">\n<p>El franc\u00e9s agreg\u00f3: &#8220;Nos esforzamos mucho para encontrar esas mejoras despu\u00e9s de los entrenamientos y debemos aplicar estos aprendizajes en cada carrera. Ma\u00f1ana salimos d\u00e9cimos y <strong>necesitamos una buena largada para ver qu\u00e9 podemos hacer a partir de ah\u00ed<\/strong>. Es emocionante estar entre los rivales, mejor de lo que esper\u00e1bamos, y ahora debemos aspirar a mantenernos ah\u00ed y sumar puntos&#8221;.<\/p>\n<\/div>\n<div class=\"sc-e7b891c4-0 ifHnQL image-embed\"><img alt=\"Parrilla de salida del GP de Austria, tras la clasificaci\u00f3n del s\u00e1bado 28 de junio de 2025.\" loading=\"lazy\" width=\"720\" height=\"100\" decoding=\"async\" data-nimg=\"1\" src=\"http:\/\/cordobadirecto.com\/wp-content\/uploads\/2025\/06\/que-dijeron-pierre-gasly-y-flavio-briatore-tras-la-qualy-del-gp-de-austria-1.jpg\"><span class=\"epigraphe\">Parrilla de salida del GP de Austria, tras la clasificaci\u00f3n del s\u00e1bado 28 de junio de 2025.<\/span><\/div>\n<div class=\"sc-a7166897-0 eoLsBE\" readability=\"6.5\">\n<section readability=\"3\"><picture><img alt=\"As\u00ed qued\u00f3 la definitiva parrilla del GP de Austria tras la declaraci\u00f3n de George Russell\" loading=\"lazy\" width=\"290\" height=\"290\" decoding=\"async\" data-nimg=\"1\" src=\"http:\/\/cordobadirecto.com\/wp-content\/uploads\/2025\/06\/que-dijeron-pierre-gasly-y-flavio-briatore-tras-la-qualy-del-gp-de-austria-2.jpg\"><\/picture>\n<p><span>Mir\u00e1 tambi\u00e9n<\/span><\/p>\n<hr>\n<h3>As\u00ed qued\u00f3 la definitiva parrilla del GP de Austria tras la declaraci\u00f3n de George Russell<\/h3>\n<\/p>\n<\/section>\n<\/div>\n<div class=\"sc-a7166897-0 eoLsBE\" readability=\"6\">\n<section readability=\"2\"><picture><img alt=\"C\u00f3mo larga Franco Colapinto despu\u00e9s de una positiva qualy en GP de Austria\" loading=\"lazy\" width=\"290\" height=\"290\" decoding=\"async\" data-nimg=\"1\" src=\"http:\/\/cordobadirecto.com\/wp-content\/uploads\/2025\/06\/que-dijeron-pierre-gasly-y-flavio-briatore-tras-la-qualy-del-gp-de-austria-3.jpg\"><\/picture>\n<p><span>Mir\u00e1 tambi\u00e9n<\/span><\/p>\n<hr>\n<h3>C\u00f3mo larga Franco Colapinto despu\u00e9s de una positiva qualy en GP de Austria<\/h3>\n<\/p>\n<\/section>\n<\/div>\n<div class=\"sc-a7166897-0 eoLsBE\" readability=\"6.5\">\n<section readability=\"3\"><picture><img alt=\"La bronca de Franco Colapinto tras haber quedado a una d\u00e9cima de la Q3 en el GP de Austria\" loading=\"lazy\" width=\"290\" height=\"290\" decoding=\"async\" data-nimg=\"1\" src=\"http:\/\/cordobadirecto.com\/wp-content\/uploads\/2025\/06\/que-dijeron-pierre-gasly-y-flavio-briatore-tras-la-qualy-del-gp-de-austria-4.jpg\"><\/picture>\n<p><span>Mir\u00e1 tambi\u00e9n<\/span><\/p>\n<hr>\n<h3>La bronca de Franco Colapinto tras haber quedado a una d\u00e9cima de la Q3 en el GP de Austria<\/h3>\n<\/p>\n<\/section>\n<\/div>\n<\/div>\n","protected":false},"excerpt":{"rendered":"<p>28\/06\/2025 15:03hs. Actualizado al 28\/06\/2025 15:08hs. Debi\u00f3 llegar la 11a fecha de la F\u00f3rmula 1 para que Alpine, un equipo que en este 2025 puede aspirar a cumplir objetivos no muy ambiciosos, lograra una meta b\u00e1sica: meter sus dos autos en la Q2 de la clasificaci\u00f3n. Esto sucedi\u00f3 con Franco Colapinto y Pierre Gasly, quienes [&hellip;]<\/p>\n","protected":false},"author":1,"featured_media":169380,"comment_status":"closed","ping_status":"closed","sticky":false,"template":"","format":"standard","meta":[],"categories":[21],"tags":[],"_links":{"self":[{"href":"http:\/\/cordobadirecto.com\/index.php\/wp-json\/wp\/v2\/posts\/169379"}],"collection":[{"href":"http:\/\/cordobadirecto.com\/index.php\/wp-json\/wp\/v2\/posts"}],"about":[{"href":"http:\/\/cordobadirecto.com\/index.php\/wp-json\/wp\/v2\/types\/post"}],"author":[{"embeddable":true,"href":"http:\/\/cordobadirecto.com\/index.php\/wp-json\/wp\/v2\/users\/1"}],"replies":[{"embeddable":true,"href":"http:\/\/cordobadirecto.com\/index.php\/wp-json\/wp\/v2\/comments?post=169379"}],"version-history":[{"count":0,"href":"http:\/\/cordobadirecto.com\/index.php\/wp-json\/wp\/v2\/posts\/169379\/revisions"}],"wp:featuredmedia":[{"embeddable":true,"href":"http:\/\/cordobadirecto.com\/index.php\/wp-json\/wp\/v2\/media\/169380"}],"wp:attachment":[{"href":"http:\/\/cordobadirecto.com\/index.php\/wp-json\/wp\/v2\/media?parent=169379"}],"wp:term":[{"taxonomy":"category","embeddable":true,"href":"http:\/\/cordobadirecto.com\/index.php\/wp-json\/wp\/v2\/categories?post=169379"},{"taxonomy":"post_tag","embeddable":true,"href":"http:\/\/cordobadirecto.com\/index.php\/wp-json\/wp\/v2\/tags?post=169379"}],"curies":[{"name":"wp","href":"https:\/\/api.w.org\/{rel}","templated":true}]}}