{"id":169389,"date":"2025-06-27T17:26:19","date_gmt":"2025-06-27T17:26:19","guid":{"rendered":"https:\/\/cordoba.gob.ar\/?p=78972"},"modified":"2025-06-27T17:26:19","modified_gmt":"2025-06-27T17:26:19","slug":"economia-circular-cambio-climatico-financiamiento-biodiversidad-transicion-energetica-y-genero-seis-ejes-para-pensar-la-cumbre-mundial","status":"publish","type":"post","link":"http:\/\/cordobadirecto.com\/index.php\/2025\/06\/27\/economia-circular-cambio-climatico-financiamiento-biodiversidad-transicion-energetica-y-genero-seis-ejes-para-pensar-la-cumbre-mundial\/","title":{"rendered":"Econom\u00eda Circular, Cambio clim\u00e1tico, Financiamiento, Biodiversidad, Transici\u00f3n energ\u00e9tica y G\u00e9nero: seis ejes para pensar la Cumbre Mundial"},"content":{"rendered":"<div><img src=\"http:\/\/cordobadirecto.com\/wp-content\/uploads\/2025\/06\/economia-circular-cambio-climatico-financiamiento-biodiversidad-transicion-energetica-y-genero-seis-ejes-para-pensar-la-cumbre-mundial.jpg\" class=\"ff-og-image-inserted\"><\/div>\n<ul>\n<li><strong>Se desarrollar\u00e1 del 1 al 3 de julio en el Complejo Ferial C\u00f3rdoba, con entrada gratuita.<\/strong><\/li>\n<\/ul>\n<hr>\n<p>La 5\u00b0 Cumbre Mundial de Econom\u00eda Circular girar\u00e1 en torno a seis ejes, a trav\u00e9s de los cuales se llevar\u00e1n a cabo charlas, exposiciones y paneles. Estos son Econom\u00eda Circular, Cambio clim\u00e1tico, Financiamiento verde, Estrategias para la Biodiversidad, Transici\u00f3n energ\u00e9tica, y Clima y G\u00e9nero. Los seis se plasmar\u00e1n de manera transversal y simult\u00e1nea en diferentes actividades y propuestas de la Cumbre, permitiendo un an\u00e1lisis de estas cuestiones en cada una de las actividades.<\/p>\n<p>La Econom\u00eda Circular es un compromiso que tom\u00f3 la Municipalidad de C\u00f3rdoba hace cinco a\u00f1os y seis meses; se manifiesta en pol\u00edticas p\u00fablicas que inciden directamente en las personas, mejorando la calidad de vida de la gente. Los Centros de Transferencia de Residuos, los Centros Verdes y la Escuela Municipal de Econom\u00eda Circular son algunos de los ejemplos del cambio desde una econom\u00eda lineal a una de modelo circular, en la que los residuos son vistos como recursos. En la cumbre, el municipio presentar\u00e1 este trabajo y dar\u00e1 lugar a numerosas empresas y emprendimientos locales, as\u00ed como tambi\u00e9n casos de gesti\u00f3n p\u00fablica que compartir\u00e1n sus pr\u00e1cticas en torno a esto.<\/p>\n<p>El Cambio Clim\u00e1tico es otro de los conceptos claves de esta Cumbre: la temperatura media de la Tierra aument\u00f3 1,1 \u00b0C en comparaci\u00f3n a finales del siglo XIX, seg\u00fan la ONU. En nuestro pa\u00eds, se refleja en el derretimiento de los glaciares, la recurrencia de incendios forestales y las temperaturas extremas en zonas cr\u00edticas, entre otras consecuencias. La cumbre abordar\u00e1 este tema particularmente desde una perspectiva multisectorial, con la presencia de actores clave y el aporte de distintas experiencias de gobierno.<\/p>\n<p>El financiamiento verde est\u00e1 vinculado con la colaboraci\u00f3n p\u00fablico-privada entre los Estados y el sector privado en pos de proteger el entorno a trav\u00e9s de acciones concretas, promoviendo productos y servicios que no solo sean \u00fatiles para las personas, sino que adem\u00e1s contribuyan a la protecci\u00f3n ambiental. Durante los tres d\u00edas se podr\u00e1 asistir a propuestas vinculadas con esta tem\u00e1tica, en las que se debatir\u00e1 sobre las herramientas para el financiamiento y el fortalecimiento de la coordinaci\u00f3n entre las organizaciones y el Estado.<\/p>\n<p>La biodiversidad, especialmente en nuestra provincia, es una tem\u00e1tica vinculada a la protecci\u00f3n y conservaci\u00f3n de las especies amenazadas. Este ser\u00e1 un tema a abordar desde el primer minuto luego del lanzamiento de la Cumbre, cuando se tratar\u00e1n tem\u00e1ticas como la vinculaci\u00f3n entre las comunidades, el abordaje de los ecosistemas, las herramientas existentes para proteger la flora y la fauna, y la fiscalizaci\u00f3n y el control de las faltas relacionadas con su cuidado.<\/p>\n<p>La transici\u00f3n energ\u00e9tica fue hist\u00f3ricamente abordada en las diferentes ediciones de la Cumbre. A trav\u00e9s de exposiciones abiertas, las marcas mostrar\u00e1n sus productos y proyectos vinculados al uso de energ\u00edas renovables y su aplicaci\u00f3n en sus modelos productivos. Se podr\u00e1n ver ejemplos de buen uso de la energ\u00eda solar y la energ\u00eda el\u00e9ctrica, entre otras novedades. Entre las actividades, destaca la presentaci\u00f3n de la iniciativa federal \u201cLiga Bioenerg\u00e9tica de Provincias\u201d, uni\u00f3n estrat\u00e9gica de cooperaci\u00f3n interprovincial para el desarrollo de la bioenerg\u00eda y biocombustibles, conformada por C\u00f3rdoba, Santa Fe, Entre R\u00edos, Jujuy, Tucum\u00e1n, Salta, Catamarca, Corrientes y Misiones.<\/p>\n<p>La relaci\u00f3n entre el clima y el g\u00e9nero ser\u00e1 un eje a tratar en las \u201cSesiones sobre g\u00e9nero, inclusi\u00f3n y Cambio Clim\u00e1tico\u201d, que profundizar\u00e1 sobre la relaci\u00f3n entre el Cambio Clim\u00e1tico y su impacto en las diferentes personas seg\u00fan su g\u00e9nero, las pol\u00edticas p\u00fablicas con perspectiva de g\u00e9nero, las soluciones inclusivas y dem\u00e1s cuestiones durante el primer d\u00eda de actividades.<\/p>\n<p>La 5\u00b0 Cumbre Mundial de Econom\u00eda Circular se desarrollar\u00e1 los pr\u00f3ximos 1, 2 y 3 de julio en el Complejo Ferial C\u00f3rdoba, en el marco de la 1\u00b0 Conferencia Clim\u00e1tica Internacional 2025, con entrada gratuita. Las inscripciones est\u00e1n abiertas al p\u00fablico general en esta p\u00e1gina https:\/\/conferenciaclimatica.cba.gov.ar\/inscripcion-publico-general\/<\/p>\n","protected":false},"excerpt":{"rendered":"<p>Se desarrollar\u00e1 del 1 al 3 de julio en el Complejo Ferial C\u00f3rdoba, con entrada gratuita. La 5\u00b0 Cumbre Mundial de Econom\u00eda Circular girar\u00e1 en torno a seis ejes, a trav\u00e9s de los cuales se llevar\u00e1n a cabo charlas, exposiciones y paneles. Estos son Econom\u00eda Circular, Cambio clim\u00e1tico, Financiamiento verde, Estrategias para la Biodiversidad, Transici\u00f3n [&hellip;]<\/p>\n","protected":false},"author":1,"featured_media":169390,"comment_status":"closed","ping_status":"closed","sticky":false,"template":"","format":"standard","meta":[],"categories":[44],"tags":[],"_links":{"self":[{"href":"http:\/\/cordobadirecto.com\/index.php\/wp-json\/wp\/v2\/posts\/169389"}],"collection":[{"href":"http:\/\/cordobadirecto.com\/index.php\/wp-json\/wp\/v2\/posts"}],"about":[{"href":"http:\/\/cordobadirecto.com\/index.php\/wp-json\/wp\/v2\/types\/post"}],"author":[{"embeddable":true,"href":"http:\/\/cordobadirecto.com\/index.php\/wp-json\/wp\/v2\/users\/1"}],"replies":[{"embeddable":true,"href":"http:\/\/cordobadirecto.com\/index.php\/wp-json\/wp\/v2\/comments?post=169389"}],"version-history":[{"count":0,"href":"http:\/\/cordobadirecto.com\/index.php\/wp-json\/wp\/v2\/posts\/169389\/revisions"}],"wp:featuredmedia":[{"embeddable":true,"href":"http:\/\/cordobadirecto.com\/index.php\/wp-json\/wp\/v2\/media\/169390"}],"wp:attachment":[{"href":"http:\/\/cordobadirecto.com\/index.php\/wp-json\/wp\/v2\/media?parent=169389"}],"wp:term":[{"taxonomy":"category","embeddable":true,"href":"http:\/\/cordobadirecto.com\/index.php\/wp-json\/wp\/v2\/categories?post=169389"},{"taxonomy":"post_tag","embeddable":true,"href":"http:\/\/cordobadirecto.com\/index.php\/wp-json\/wp\/v2\/tags?post=169389"}],"curies":[{"name":"wp","href":"https:\/\/api.w.org\/{rel}","templated":true}]}}