{"id":169430,"date":"2025-06-29T20:53:00","date_gmt":"2025-06-29T20:53:00","guid":{"rendered":"https:\/\/puntoapunto.com.ar\/?p=374429"},"modified":"2025-06-29T20:53:00","modified_gmt":"2025-06-29T20:53:00","slug":"cambio-climatico-y-economia-circular-cordoba-sera-sede-de-la-conferencia-climatica-internacional","status":"publish","type":"post","link":"http:\/\/cordobadirecto.com\/index.php\/2025\/06\/29\/cambio-climatico-y-economia-circular-cordoba-sera-sede-de-la-conferencia-climatica-internacional\/","title":{"rendered":"Cambio clim\u00e1tico y econom\u00eda circular: C\u00f3rdoba ser\u00e1 sede de la Conferencia Clim\u00e1tica Internacional"},"content":{"rendered":"<p data-start=\"469\" data-end=\"786\">La ciudad de C\u00f3rdoba se convertir\u00e1 en el epicentro del debate ambiental en Am\u00e9rica Latina con la realizaci\u00f3n de la <strong data-start=\"584\" data-end=\"660\">Primera Conferencia Clim\u00e1tica Internacional \u201cCompromiso Latinoamericano\u201d<\/strong> y la <strong data-start=\"666\" data-end=\"708\">5\u00b0 Cumbre Mundial de Econom\u00eda Circular<\/strong>, que tendr\u00e1n lugar del <strong data-start=\"732\" data-end=\"751\">1 al 3 de julio<\/strong> en el <strong data-start=\"758\" data-end=\"785\">Complejo Ferial C\u00f3rdoba<\/strong>.<\/p>\n<p data-start=\"788\" data-end=\"1202\">Durante tres jornadas, la capital provincial recibir\u00e1 a m\u00e1s de <strong data-start=\"851\" data-end=\"884\">40 referentes internacionales<\/strong>, incluidos funcionarios de alto nivel, cient\u00edficos, urbanistas y l\u00edderes ambientales, con el objetivo de <strong data-start=\"990\" data-end=\"1051\">construir una postura regional frente al cambio clim\u00e1tico<\/strong> de cara a la pr\u00f3xima <strong data-start=\"1073\" data-end=\"1145\">Conferencia de las Naciones Unidas sobre el Cambio Clim\u00e1tico (COP30)<\/strong>, que se celebrar\u00e1 en noviembre de 2025 en Bel\u00e9m, Brasil.<\/p>\n<p data-start=\"1204\" data-end=\"1653\">El encuentro ser\u00e1 inaugurado por el <strong data-start=\"1240\" data-end=\"1270\">gobernador Mart\u00edn Llaryora<\/strong> y la <strong data-start=\"1276\" data-end=\"1336\">ministra de Ambiente y Econom\u00eda Circular Victoria Flores<\/strong>, y contar\u00e1 con la participaci\u00f3n de figuras clave como <strong data-start=\"1391\" data-end=\"1406\">Dan Ioschpe<\/strong>, recientemente designado por el presidente Lula como <strong data-start=\"1460\" data-end=\"1497\">Campe\u00f3n de Alto Nivel de la COP30<\/strong>; <strong data-start=\"1499\" data-end=\"1516\">Carlos Moreno<\/strong>, creador del concepto de la \u201cCiudad de 15 Minutos\u201d; y <strong data-start=\"1571\" data-end=\"1593\">Marjorie Kauffmann<\/strong>, secretaria de Medio Ambiente de R\u00edo Grande do Sul, Brasil.<\/p>\n<p data-start=\"1655\" data-end=\"1914\">El programa abordar\u00e1 ejes tem\u00e1ticos prioritarios como <strong data-start=\"1709\" data-end=\"1794\">biodiversidad, econom\u00eda circular, finanzas sostenibles, g\u00e9nero y cambio clim\u00e1tico<\/strong>, promoviendo la articulaci\u00f3n entre gobiernos subnacionales, el sector privado, organismos multilaterales y la academia.<\/p>\n<p data-start=\"1655\" data-end=\"1914\"><img decoding=\"async\" class=\"aligncenter size-full wp-image-374432\" src=\"http:\/\/cordobadirecto.com\/wp-content\/uploads\/2025\/06\/cambio-climatico-y-economia-circular-cordoba-sera-sede-de-la-conferencia-climatica-internacional.jpg\" alt width=\"1600\" height=\"1066\" srcset=\"http:\/\/cordobadirecto.com\/wp-content\/uploads\/2025\/06\/cambio-climatico-y-economia-circular-cordoba-sera-sede-de-la-conferencia-climatica-internacional.jpg 1600w, http:\/\/cordobadirecto.com\/wp-content\/uploads\/2025\/06\/cambio-climatico-y-economia-circular-cordoba-sera-sede-de-la-conferencia-climatica-internacional-1.jpg 300w, http:\/\/cordobadirecto.com\/wp-content\/uploads\/2025\/06\/cambio-climatico-y-economia-circular-cordoba-sera-sede-de-la-conferencia-climatica-internacional-2.jpg 1024w, http:\/\/cordobadirecto.com\/wp-content\/uploads\/2025\/06\/cambio-climatico-y-economia-circular-cordoba-sera-sede-de-la-conferencia-climatica-internacional-3.jpg 768w, http:\/\/cordobadirecto.com\/wp-content\/uploads\/2025\/06\/cambio-climatico-y-economia-circular-cordoba-sera-sede-de-la-conferencia-climatica-internacional-4.jpg 1536w, http:\/\/cordobadirecto.com\/wp-content\/uploads\/2025\/06\/cambio-climatico-y-economia-circular-cordoba-sera-sede-de-la-conferencia-climatica-internacional-5.jpg 750w, http:\/\/cordobadirecto.com\/wp-content\/uploads\/2025\/06\/cambio-climatico-y-economia-circular-cordoba-sera-sede-de-la-conferencia-climatica-internacional-6.jpg 1140w\" sizes=\"(max-width: 1600px) 100vw, 1600px\" loading=\"lazy\"><\/p>\n<p data-start=\"1916\" data-end=\"1964\"><strong>Voces destacadas del escenario internacional<\/strong><\/p>\n<p data-start=\"1966\" data-end=\"2014\">Entre los principales expositores se encuentran:<\/p>\n<ul data-start=\"2016\" data-end=\"2702\" readability=\"10\">\n<li data-start=\"2016\" data-end=\"2132\" readability=\"1\">\n<p data-start=\"2018\" data-end=\"2132\"><strong data-start=\"2018\" data-end=\"2040\">Mathis Wackernagel<\/strong>, co-creador del concepto de \u201cHuella Ecol\u00f3gica\u201d y presidente de la Global Footprint Network.<\/p>\n<\/li>\n<li data-start=\"2133\" data-end=\"2189\" readability=\"0\">\n<p data-start=\"2135\" data-end=\"2189\"><strong data-start=\"2135\" data-end=\"2154\">Elkin Vel\u00e1zquez<\/strong>, Director Regional de ONU-H\u00e1bitat.<\/p>\n<\/li>\n<li data-start=\"2190\" data-end=\"2319\" readability=\"2\">\n<p data-start=\"2192\" data-end=\"2319\"><strong data-start=\"2192\" data-end=\"2217\">Nidlya Posantez Calle<\/strong>, directora de ONU Mujeres en Bolivia, quien abordar\u00e1 la perspectiva de g\u00e9nero en la acci\u00f3n clim\u00e1tica.<\/p>\n<\/li>\n<li data-start=\"2320\" data-end=\"2432\" readability=\"2\">\n<p data-start=\"2322\" data-end=\"2432\"><strong data-start=\"2322\" data-end=\"2338\">Lorena Chara<\/strong>, directora de la Agencia Francesa de Desarrollo (AFD), especializada en financiamiento verde.<\/p>\n<\/li>\n<li data-start=\"2433\" data-end=\"2538\" readability=\"1\">\n<p data-start=\"2435\" data-end=\"2538\"><strong data-start=\"2435\" data-end=\"2454\">Ignacio Lorenzo<\/strong>, director de Biodiversidad y Clima del Banco de Desarrollo de Am\u00e9rica Latina (CAF).<\/p>\n<\/li>\n<li data-start=\"2539\" data-end=\"2702\" readability=\"2\">\n<p data-start=\"2541\" data-end=\"2702\"><strong data-start=\"2541\" data-end=\"2622\">Gian Carlo Delgado Ramos, Miranda Sara Uiliana Raquol y Clara Mar\u00eda Minaverry<\/strong>, destacados autores del Panel Intergubernamental sobre Cambio Clim\u00e1tico (IPCC).<\/p>\n<\/li>\n<\/ul>\n<p data-start=\"2704\" data-end=\"2759\"><strong>Representaci\u00f3n institucional y municipalismo global<\/strong><\/p>\n<p data-start=\"2761\" data-end=\"3012\">La conferencia tambi\u00e9n contar\u00e1 con la participaci\u00f3n de autoridades nacionales y municipales de pa\u00edses como <strong data-start=\"2868\" data-end=\"2937\">Brasil, Paraguay, Colombia, Per\u00fa, Ecuador, Costa Rica e Indonesia<\/strong>, que compartir\u00e1n experiencias locales frente a la crisis ambiental global.<\/p>\n<p data-start=\"3014\" data-end=\"3034\">Entre ellos figuran:<\/p>\n<ul data-start=\"3036\" data-end=\"3439\" readability=\"4.5\">\n<li data-start=\"3036\" data-end=\"3108\" readability=\"0\">\n<p data-start=\"3038\" data-end=\"3108\"><strong data-start=\"3038\" data-end=\"3067\">Rolando de Barros Barreto<\/strong>, ministro de Medio Ambiente de Paraguay.<\/p>\n<\/li>\n<li data-start=\"3109\" data-end=\"3222\" readability=\"2\">\n<p data-start=\"3111\" data-end=\"3222\"><strong data-start=\"3111\" data-end=\"3129\">Amador S\u00e1nchez<\/strong> y <strong data-start=\"3132\" data-end=\"3148\">Romain Nadal<\/strong>, embajadores de la Uni\u00f3n Europea y Francia en Argentina, respectivamente.<\/p>\n<\/li>\n<li data-start=\"3223\" data-end=\"3439\" readability=\"4\">\n<p data-start=\"3225\" data-end=\"3439\"><strong data-start=\"3225\" data-end=\"3246\">Carolina Basualdo<\/strong>, intendenta de Despe\u00f1aderos, junto a otros alcaldes latinoamericanos y representantes de asociaciones como <strong data-start=\"3354\" data-end=\"3379\">ICLEI Am\u00e9rica del Sur<\/strong>, <strong data-start=\"3381\" data-end=\"3391\">FLACMA<\/strong> y la <strong data-start=\"3397\" data-end=\"3438\">Asociaci\u00f3n Chilena de Municipalidades<\/strong>.<\/p>\n<\/li>\n<\/ul>\n<p data-start=\"3441\" data-end=\"3477\"><strong>Participaci\u00f3n abierta y gratuita<\/strong><\/p>\n<p data-start=\"3479\" data-end=\"3797\">El evento est\u00e1 dirigido al p\u00fablico en general, con <strong data-start=\"3530\" data-end=\"3584\">participaci\u00f3n gratuita mediante inscripci\u00f3n previa<\/strong>. Las personas interesadas en conocer la agenda completa, los paneles tem\u00e1ticos y los disertantes pueden consultar la web oficial: <a class href=\"https:\/\/conferenciaclimatica.cba.gov.ar\" target=\"_new\" rel=\"noopener\" data-start=\"3715\" data-end=\"3797\">https:\/\/conferenciaclimatica.cba.gov.ar<\/a><\/p>\n<p data-start=\"3799\" data-end=\"4106\">La <strong data-start=\"3802\" data-end=\"3849\">Primera Conferencia Clim\u00e1tica Internacional<\/strong> es una oportunidad estrat\u00e9gica para que C\u00f3rdoba y la regi\u00f3n refuercen su liderazgo en pol\u00edticas ambientales y desarrollo sostenible, al tiempo que se posicionan como interlocutores clave en la construcci\u00f3n de consensos globales sobre el futuro del planeta.<\/p>\n","protected":false},"excerpt":{"rendered":"<p>La ciudad de C\u00f3rdoba se convertir\u00e1 en el epicentro del debate ambiental en Am\u00e9rica Latina con la realizaci\u00f3n de la Primera Conferencia Clim\u00e1tica Internacional \u201cCompromiso Latinoamericano\u201d y la 5\u00b0 Cumbre Mundial de Econom\u00eda Circular, que tendr\u00e1n lugar del 1 al 3 de julio en el Complejo Ferial C\u00f3rdoba. Durante tres jornadas, la capital provincial recibir\u00e1 [&hellip;]<\/p>\n","protected":false},"author":1,"featured_media":169431,"comment_status":"closed","ping_status":"closed","sticky":false,"template":"","format":"standard","meta":[],"categories":[25],"tags":[],"_links":{"self":[{"href":"http:\/\/cordobadirecto.com\/index.php\/wp-json\/wp\/v2\/posts\/169430"}],"collection":[{"href":"http:\/\/cordobadirecto.com\/index.php\/wp-json\/wp\/v2\/posts"}],"about":[{"href":"http:\/\/cordobadirecto.com\/index.php\/wp-json\/wp\/v2\/types\/post"}],"author":[{"embeddable":true,"href":"http:\/\/cordobadirecto.com\/index.php\/wp-json\/wp\/v2\/users\/1"}],"replies":[{"embeddable":true,"href":"http:\/\/cordobadirecto.com\/index.php\/wp-json\/wp\/v2\/comments?post=169430"}],"version-history":[{"count":0,"href":"http:\/\/cordobadirecto.com\/index.php\/wp-json\/wp\/v2\/posts\/169430\/revisions"}],"wp:featuredmedia":[{"embeddable":true,"href":"http:\/\/cordobadirecto.com\/index.php\/wp-json\/wp\/v2\/media\/169431"}],"wp:attachment":[{"href":"http:\/\/cordobadirecto.com\/index.php\/wp-json\/wp\/v2\/media?parent=169430"}],"wp:term":[{"taxonomy":"category","embeddable":true,"href":"http:\/\/cordobadirecto.com\/index.php\/wp-json\/wp\/v2\/categories?post=169430"},{"taxonomy":"post_tag","embeddable":true,"href":"http:\/\/cordobadirecto.com\/index.php\/wp-json\/wp\/v2\/tags?post=169430"}],"curies":[{"name":"wp","href":"https:\/\/api.w.org\/{rel}","templated":true}]}}