{"id":169434,"date":"2025-06-29T19:26:20","date_gmt":"2025-06-29T19:26:20","guid":{"rendered":"https:\/\/www.ole.com.ar\/autos\/pelicula-f1-movie-aparicion-franco-colapinto-accidente-real-brad-pitt_0_woxZNKGX6z.html"},"modified":"2025-06-29T19:26:20","modified_gmt":"2025-06-29T19:26:20","slug":"las-perlitas-de-la-pelicula-de-f1-la-breve-aparicion-de-colapinto-y-el-accidente-basado-en-hechos-reales","status":"publish","type":"post","link":"http:\/\/cordobadirecto.com\/index.php\/2025\/06\/29\/las-perlitas-de-la-pelicula-de-f1-la-breve-aparicion-de-colapinto-y-el-accidente-basado-en-hechos-reales\/","title":{"rendered":"Las perlitas de la pel\u00edcula de F1: la breve aparici\u00f3n de Colapinto y el accidente basado en hechos reales"},"content":{"rendered":"<p><time class=\"createDate\" datetime=\"2025-06-29T16:26:20-03:00\">29\/06\/2025 16:26hs.<\/time><\/p>\n<div id=\"storyBody\">\n<div class=\"custom-text \" readability=\"46.751445086705\">\n<p>Despu\u00e9s de a\u00f1os de gestaci\u00f3n, con Brad Pitt paseando por los circuitos de la <a href=\"https:\/\/www.ole.com.ar\/tema\/formula-1.html\" title=\"F\u00f3rmula 1\" alt=\"F\u00f3rmula 1\" class=\"slug\">F1<\/a> y adelant\u00e1ndole al mundo que se ven\u00eda algo bueno, <strong>se estren\u00f3 la pel\u00edcula de la categor\u00eda<\/strong>. Entretenido para los fierreros, aunque notar\u00e1n algunas incongruencias, y para quienes no est\u00e1n al d\u00eda, con explicaciones detalladas acerca de qu\u00e9 es una bandera roja, un virtual safety car y dem\u00e1s tecnicismos, el filme dej\u00f3 varias perlitas. Ol\u00e9, que lo presenci\u00f3 en un evento organizado por McDonald&#8217;s, destac\u00f3 dos: <strong>la breve aparici\u00f3n de <a href=\"https:\/\/www.ole.com.ar\/tema\/franco-colapinto.html\" title=\"Franco Colapinto\" alt=\"Franco Colapinto\" class=\"slug\">Franco Colapinto<\/a><\/strong> y el accidente de Sonny Hayes, nombre que recibi\u00f3 el protagonista (Brad, claro), <strong>que estuvo inspirado en hechos reales<\/strong>. Va sin spoilers, obviamente.<\/p>\n<\/div>\n<div class=\"custom-text \" readability=\"44\">\n<p>Hace algunos d\u00edas se viraliz\u00f3 la opini\u00f3n del estadounidense acerca de Colapinto. <strong>&#8220;Tiene un gran futuro por delante y es genial verlo de vuelta ah\u00ed&#8221;<\/strong>, le coment\u00f3 a Telenoche. Bueno, as\u00ed como \u00e9l estuvo de turista en el paddock, Franco fue actor por un ratito: la pel\u00edcula combin\u00f3 ficci\u00f3n y realidad, por lo que en la \u00faltima carrera, en Abu Dhabi, <strong>se ve al argentino junto a sus colegas al momento del himno<\/strong>. Adem\u00e1s, antes de que comenzara el Gran Premio, la c\u00e1mara enfoc\u00f3 a su auto anterior, <strong>el Williams FW46 con el #43 en uno de sus laterales<\/strong>.<\/p>\n<\/div>\n<div class=\"sc-e7b891c4-0 ifHnQL image-embed\"><img alt=\"Franco Colapinto, Brad Pitt y Pierre Gasly en la avant premiere de la pel\u00edcula. (@AlpineF1Team)\" loading=\"lazy\" width=\"720\" height=\"100\" decoding=\"async\" data-nimg=\"1\" src=\"http:\/\/cordobadirecto.com\/wp-content\/uploads\/2025\/06\/las-perlitas-de-la-pelicula-de-f1-la-breve-aparicion-de-colapinto-y-el-accidente-basado-en-hechos-reales.jpg\"><span class=\"epigraphe\">Franco Colapinto, Brad Pitt y Pierre Gasly en la avant premiere de la pel\u00edcula. (@AlpineF1Team)<\/span><\/div>\n<p><h2>El accidente de Sonny Hayes se inspir\u00f3 en el de Martin Donnelly<\/h2>\n<\/p>\n<div class=\"custom-text \" readability=\"42\">\n<p>Para sintetizar la trama, Brad Pitt encarna a un piloto que corri\u00f3 en la F\u00f3rmula 1 en su juventud y que <strong>sufri\u00f3 un accidente grav\u00edsimo por el que dej\u00f3 de competir<\/strong> hasta su retorno, ya como veterano. Por lo visto en la cinta, el choque ocurri\u00f3 en un auto amarillo auspiciado por Camel y tuvo lugar en el circuito de Jerez, en 1993. La M\u00e1xima no visit\u00f3 el trazado ese a\u00f1o, sino el de Catalu\u00f1a, <strong>pero s\u00ed lo hizo en 1990, cuando se dio una situaci\u00f3n id\u00e9ntica&#8230;<\/strong><\/p>\n<\/div>\n<div class=\"custom-text \" readability=\"39\">\n<p><strong>Martin Donnelly<\/strong>, norirland\u00e9s de 61 a\u00f1os que pas\u00f3 por la categor\u00eda entre 1989 y 1990, se estrell\u00f3 en un Lotus, el auto se parti\u00f3 en dos y <strong>\u00e9l qued\u00f3 tirado en la pista<\/strong>. &#8220;Una estrella de primera fila tan cotizada como Brad Pitt pidi\u00e9ndome consejo y orientaci\u00f3n. Pens\u00e9: &#8216;\u00bfMe est\u00e1 hablando a m\u00ed? \u00bfSe est\u00e1 refiriendo a m\u00ed?&#8217;. <strong>Es uno de esos recuerdos que atesorar\u00e9 toda la vida<\/strong>. Fue un momento surrealista&#8221;, le coment\u00f3 el ex piloto a BBC al ser consultado por su contribuci\u00f3n.<\/p>\n<\/div>\n<div class=\"sc-734b4696-1 kFfZtB\">\n<div class=\"sc-d00d9e74-0 hnHYbk\" type=\"embed\">\n<div class=\"sc-d00d9e74-1 iKVbz videoText\" id=\"contentTitleembedLmdgJ66s\" type=\"embed\"><svg fill=\"#ffffff\"><symbol id=\"play\" viewBox=\"0 0 512 512\"><path d=\"M512 256C512 397.4 397.4 512 256 512C114.6 512 0 397.4 0 256C0 114.6 114.6 0 256 0C397.4 0 512 114.6 512 256zM176 168V344C176 352.7 180.7 360.7 188.3 364.9C195.8 369.2 205.1 369 212.5 364.5L356.5 276.5C363.6 272.1 368 264.4 368 256C368 247.6 363.6 239.9 356.5 235.5L212.5 147.5C205.1 142.1 195.8 142.8 188.3 147.1C180.7 151.3 176 159.3 176 168V168z\" \/><\/symbol><use xlink:href=\"#play\" \/><\/svg><\/p>\n<div class=\"right\">\n<p>F\u00f3rmula 1<!-- --> &#8211; <span>&nbsp;<\/span><\/p>\n<h2 class=\"title-vid\">El accidente de Martin Donnelly, tomado como inspiraci\u00f3n para la pel\u00edcula de F1<\/h2>\n<\/div>\n<\/div>\n<p><span class=\"back\" id=\"spanBackembedLmdgJ66s\"><\/span><\/div>\n<div class=\"JWvideoNota_title\">\n<p>Video: Youtube<\/p>\n<\/div>\n<\/div>\n<div class=\"sc-a7166897-0 eoLsBE\" readability=\"6.5\">\n<section readability=\"3\"><picture><img alt=\"El balance de Alpine en Austria: no son Franco Colapinto ni Pierre Gasly, es el auto\" loading=\"lazy\" width=\"290\" height=\"290\" decoding=\"async\" data-nimg=\"1\" src=\"http:\/\/cordobadirecto.com\/wp-content\/uploads\/2025\/06\/las-perlitas-de-la-pelicula-de-f1-la-breve-aparicion-de-colapinto-y-el-accidente-basado-en-hechos-reales-1.jpg\"><\/picture>\n<p><span>Mir\u00e1 tambi\u00e9n<\/span><\/p>\n<hr>\n<h3>El balance de Alpine en Austria: no son Franco Colapinto ni Pierre Gasly, es el auto<\/h3>\n<\/p>\n<\/section>\n<\/div>\n<div class=\"sc-a7166897-0 eoLsBE\" readability=\"6\">\n<section readability=\"2\"><picture><img alt=\"Cu\u00e1ndo y d\u00f3nde es la pr\u00f3xima carrera de Franco Colapinto en la F\u00f3rmula 1\" loading=\"lazy\" width=\"290\" height=\"290\" decoding=\"async\" data-nimg=\"1\" src=\"http:\/\/cordobadirecto.com\/wp-content\/uploads\/2025\/06\/las-perlitas-de-la-pelicula-de-f1-la-breve-aparicion-de-colapinto-y-el-accidente-basado-en-hechos-reales-2.jpg\"><\/picture>\n<p><span>Mir\u00e1 tambi\u00e9n<\/span><\/p>\n<hr>\n<h3>Cu\u00e1ndo y d\u00f3nde es la pr\u00f3xima carrera de Franco Colapinto en la F\u00f3rmula 1<\/h3>\n<\/p>\n<\/section>\n<\/div>\n<div class=\"sc-a7166897-0 eoLsBE\" readability=\"6\">\n<section readability=\"2\"><picture><img alt=\"Lando Norris gan\u00f3 el GP de Austria y reaviv\u00f3 la batalla interna en McLaren\" loading=\"lazy\" width=\"290\" height=\"290\" decoding=\"async\" data-nimg=\"1\" src=\"http:\/\/cordobadirecto.com\/wp-content\/uploads\/2025\/06\/las-perlitas-de-la-pelicula-de-f1-la-breve-aparicion-de-colapinto-y-el-accidente-basado-en-hechos-reales-3.jpg\"><\/picture>\n<p><span>Mir\u00e1 tambi\u00e9n<\/span><\/p>\n<hr>\n<h3>Lando Norris gan\u00f3 el GP de Austria y reaviv\u00f3 la batalla interna en McLaren<\/h3>\n<\/p>\n<\/section>\n<\/div>\n<div class=\"sc-a7166897-0 eoLsBE\" readability=\"6.5\">\n<section readability=\"3\"><picture><img alt=\"Qu\u00e9 dijo Franco Colapinto tras el Gran Premio de Austria y el incidente con Tsunoda: &quot;Un d\u00eda complicado&quot;\" loading=\"lazy\" width=\"290\" height=\"290\" decoding=\"async\" data-nimg=\"1\" src=\"http:\/\/cordobadirecto.com\/wp-content\/uploads\/2025\/06\/las-perlitas-de-la-pelicula-de-f1-la-breve-aparicion-de-colapinto-y-el-accidente-basado-en-hechos-reales-4.jpg\"><\/picture>\n<p><span>Mir\u00e1 tambi\u00e9n<\/span><\/p>\n<hr>\n<h3>Qu\u00e9 dijo Franco Colapinto tras el Gran Premio de Austria y el incidente con Tsunoda: &#8220;Un d\u00eda complicado&#8221;<\/h3>\n<\/p>\n<\/section>\n<\/div>\n<div class=\"sc-a7166897-0 eoLsBE\" readability=\"6.5\">\n<section readability=\"3\"><picture><img alt=\"Qu\u00e9 dijeron Flavio Briatore y Pierre Gasly sobre el flojo rendimiento de Alpine en Austria\" loading=\"lazy\" width=\"290\" height=\"290\" decoding=\"async\" data-nimg=\"1\" src=\"http:\/\/cordobadirecto.com\/wp-content\/uploads\/2025\/06\/las-perlitas-de-la-pelicula-de-f1-la-breve-aparicion-de-colapinto-y-el-accidente-basado-en-hechos-reales-5.jpg\"><\/picture>\n<p><span>Mir\u00e1 tambi\u00e9n<\/span><\/p>\n<hr>\n<h3>Qu\u00e9 dijeron Flavio Briatore y Pierre Gasly sobre el flojo rendimiento de Alpine en Austria<\/h3>\n<\/p>\n<\/section>\n<\/div>\n<\/div>\n","protected":false},"excerpt":{"rendered":"<p>29\/06\/2025 16:26hs. Despu\u00e9s de a\u00f1os de gestaci\u00f3n, con Brad Pitt paseando por los circuitos de la F1 y adelant\u00e1ndole al mundo que se ven\u00eda algo bueno, se estren\u00f3 la pel\u00edcula de la categor\u00eda. Entretenido para los fierreros, aunque notar\u00e1n algunas incongruencias, y para quienes no est\u00e1n al d\u00eda, con explicaciones detalladas acerca de qu\u00e9 es [&hellip;]<\/p>\n","protected":false},"author":1,"featured_media":169435,"comment_status":"closed","ping_status":"closed","sticky":false,"template":"","format":"standard","meta":[],"categories":[21],"tags":[],"_links":{"self":[{"href":"http:\/\/cordobadirecto.com\/index.php\/wp-json\/wp\/v2\/posts\/169434"}],"collection":[{"href":"http:\/\/cordobadirecto.com\/index.php\/wp-json\/wp\/v2\/posts"}],"about":[{"href":"http:\/\/cordobadirecto.com\/index.php\/wp-json\/wp\/v2\/types\/post"}],"author":[{"embeddable":true,"href":"http:\/\/cordobadirecto.com\/index.php\/wp-json\/wp\/v2\/users\/1"}],"replies":[{"embeddable":true,"href":"http:\/\/cordobadirecto.com\/index.php\/wp-json\/wp\/v2\/comments?post=169434"}],"version-history":[{"count":0,"href":"http:\/\/cordobadirecto.com\/index.php\/wp-json\/wp\/v2\/posts\/169434\/revisions"}],"wp:featuredmedia":[{"embeddable":true,"href":"http:\/\/cordobadirecto.com\/index.php\/wp-json\/wp\/v2\/media\/169435"}],"wp:attachment":[{"href":"http:\/\/cordobadirecto.com\/index.php\/wp-json\/wp\/v2\/media?parent=169434"}],"wp:term":[{"taxonomy":"category","embeddable":true,"href":"http:\/\/cordobadirecto.com\/index.php\/wp-json\/wp\/v2\/categories?post=169434"},{"taxonomy":"post_tag","embeddable":true,"href":"http:\/\/cordobadirecto.com\/index.php\/wp-json\/wp\/v2\/tags?post=169434"}],"curies":[{"name":"wp","href":"https:\/\/api.w.org\/{rel}","templated":true}]}}