{"id":169444,"date":"2025-06-30T16:10:06","date_gmt":"2025-06-30T16:10:06","guid":{"rendered":"http:\/\/cordobadirecto.com\/index.php\/2025\/06\/30\/bolsa-de-comercio-llaryora-y-acosta-presentan-el-balance-economico-del-pais-la-voz\/"},"modified":"2025-06-30T16:10:06","modified_gmt":"2025-06-30T16:10:06","slug":"bolsa-de-comercio-llaryora-y-acosta-presentan-el-balance-economico-del-pais-la-voz","status":"publish","type":"post","link":"http:\/\/cordobadirecto.com\/index.php\/2025\/06\/30\/bolsa-de-comercio-llaryora-y-acosta-presentan-el-balance-economico-del-pais-la-voz\/","title":{"rendered":"Bolsa de Comercio. Llaryora y Acosta presentan el balance econ\u00f3mico del pa\u00eds &#8211; La Voz"},"content":{"rendered":"<p>El gobernador buscar\u00e1 mostrar la posici\u00f3n de <b>C\u00f3rdoba<\/b> frente al <b>nuevo<\/b> modelo econ\u00f3mico nacional y reforzar su perfil t\u00e9cnico-pol\u00edtico ante el&nbsp;&#8230; <\/p>\n","protected":false},"excerpt":{"rendered":"<p>El gobernador buscar\u00e1 mostrar la posici\u00f3n de C\u00f3rdoba frente al nuevo modelo econ\u00f3mico nacional y reforzar su perfil t\u00e9cnico-pol\u00edtico ante el&nbsp;&#8230;<\/p>\n","protected":false},"author":1,"featured_media":0,"comment_status":"closed","ping_status":"closed","sticky":false,"template":"","format":"standard","meta":[],"categories":[40],"tags":[],"_links":{"self":[{"href":"http:\/\/cordobadirecto.com\/index.php\/wp-json\/wp\/v2\/posts\/169444"}],"collection":[{"href":"http:\/\/cordobadirecto.com\/index.php\/wp-json\/wp\/v2\/posts"}],"about":[{"href":"http:\/\/cordobadirecto.com\/index.php\/wp-json\/wp\/v2\/types\/post"}],"author":[{"embeddable":true,"href":"http:\/\/cordobadirecto.com\/index.php\/wp-json\/wp\/v2\/users\/1"}],"replies":[{"embeddable":true,"href":"http:\/\/cordobadirecto.com\/index.php\/wp-json\/wp\/v2\/comments?post=169444"}],"version-history":[{"count":0,"href":"http:\/\/cordobadirecto.com\/index.php\/wp-json\/wp\/v2\/posts\/169444\/revisions"}],"wp:attachment":[{"href":"http:\/\/cordobadirecto.com\/index.php\/wp-json\/wp\/v2\/media?parent=169444"}],"wp:term":[{"taxonomy":"category","embeddable":true,"href":"http:\/\/cordobadirecto.com\/index.php\/wp-json\/wp\/v2\/categories?post=169444"},{"taxonomy":"post_tag","embeddable":true,"href":"http:\/\/cordobadirecto.com\/index.php\/wp-json\/wp\/v2\/tags?post=169444"}],"curies":[{"name":"wp","href":"https:\/\/api.w.org\/{rel}","templated":true}]}}