{"id":169479,"date":"2025-06-30T16:42:31","date_gmt":"2025-06-30T16:42:31","guid":{"rendered":"https:\/\/www.ole.com.ar\/autos\/franco-colapinto-ironica-reaccion-piastri-incidente_0_VUqPf7EcxX.html"},"modified":"2025-06-30T16:42:31","modified_gmt":"2025-06-30T16:42:31","slug":"la-ironica-reaccion-de-piastri-tras-el-incidente-con-colapinto","status":"publish","type":"post","link":"http:\/\/cordobadirecto.com\/index.php\/2025\/06\/30\/la-ironica-reaccion-de-piastri-tras-el-incidente-con-colapinto\/","title":{"rendered":"La ir\u00f3nica reacci\u00f3n de Piastri tras el incidente con Colapinto"},"content":{"rendered":"<p><time class=\"createDate\" datetime=\"2025-06-30T13:42:31-03:00\">30\/06\/2025 13:42hs.<\/time><\/p>\n<div id=\"storyBody\">\n<div class=\"custom-text \" readability=\"41.058917197452\">\n<p>Enfrascado en su lucha por la posici\u00f3n con<strong><a href=\"https:\/\/www.ole.com.ar\/tema\/yuki-tsunoda.html\" title=\"Yuki Tsunoda\" alt=\"Yuki Tsunoda\" class=\"slug\"> Yuki Tsunoda<\/a><\/strong>, <strong><a href=\"https:\/\/www.ole.com.ar\/tema\/franco-colapinto.html\" title=\"Franco Colapinto\" alt=\"Franco Colapinto\" class=\"slug\">Franco Colapinto<\/a><\/strong> qued\u00f3 envuelto en un incidente, que afortunadamente no pas\u00f3 a mayores, pero que igual <strong>le vali\u00f3 una sanci\u00f3n de cinco segundos y un punto de penalizaci\u00f3n en su Superlicencia<\/strong>. Todo sucedi\u00f3 en la vuelta 54 del <strong>Gran Premio de Austria<\/strong> cuando, luego de que el japon\u00e9s de<strong><a href=\"https:\/\/www.ole.com.ar\/tema\/red-bull.html\" title=\"Red Bull\" alt=\"Red Bull\" class=\"slug\"> Red Bull<\/a><\/strong> lo pasara por adentro, <strong>el argentino se cerr\u00f3<\/strong>, ignorando completamente que detr\u00e1s ven\u00eda <strong><a href=\"https:\/\/www.ole.com.ar\/tema\/oscar-piastri.html\" title=\"Oscar Piastri\" alt=\"Oscar Piastri\" class=\"slug\">Oscar Piastri<\/a><\/strong>, el segundo de la carrera, dispuesto a sacarle una vuelta.<strong> La maniobra del piloto de <a href=\"https:\/\/www.ole.com.ar\/tema\/alpine.html\" title=\"Alpine\" alt=\"Alpine\" class=\"slug\">Alpine <\/a>dej\u00f3 sin pista al australiano quien, con mucha iron\u00eda, se quej\u00f3 por radio. <\/strong><\/p>\n<\/div>\n<div class=\"custom-text \" readability=\"38\">\n<p><strong>&#8220;Alpine todav\u00eda encuentra la manera de joderme despu\u00e9s de tantos a\u00f1os, \u00bfeh?&#8221;<\/strong><em>, <\/em>fue la frase de Piastri, que no sali\u00f3 al aire en la transmisi\u00f3n oficial de la carrera, pero que se puede escuchar con claridad en la c\u00e1mara onboard del de McLaren. <\/p>\n<\/div>\n<div class=\"custom-text \" readability=\"35.954954954955\">\n<p>La iron\u00eda de Piastri tiene un trasfondo, que el mundo de la <strong><a href=\"https:\/\/www.ole.com.ar\/tema\/formula-1.html\" title=\"F\u00f3rmula 1\" alt=\"F\u00f3rmula 1\" class=\"slug\">F\u00f3rmula 1<\/a><\/strong> no pas\u00f3 por alto en cuanto trascendi\u00f3 la frase. Todo se remonta a fines del 2022 cuando,<strong> luego de dos a\u00f1os en la academia de Alpine, la escuadra francesa anunci\u00f3 a Piastri como piloto oficial, <\/strong>para ocupar la butaca que hab\u00eda dejado vacante <strong><a href=\"https:\/\/www.ole.com.ar\/tema\/fernando-alonso.html\" title=\"Fernando Alonso\" alt=\"Fernando Alonso\" class=\"slug\">Fernando Alonso. <\/a><\/strong><\/p>\n<\/div>\n<div class=\"custom-text \" readability=\"39\">\n<p>Sin embargo, el australiano desminti\u00f3 p\u00fablicamente el acuerdo, y tiempo despu\u00e9s se conoci\u00f3 su llegada a McLaren: &#8220;\u201cEntiendo que, sin mi consentimiento, Alpine F1 ha publicado un comunicado de prensa a \u00faltima hora de la tarde de que conducir\u00e9 para ellos el pr\u00f3ximo a\u00f1o.<strong> Esto est\u00e1 mal y no he firmado un contrato con Alpine para 2023. No conducir\u00e9 para Alpine el pr\u00f3ximo a\u00f1o\u201d.<\/strong><\/p>\n<\/div>\n<p><h2><strong>Qu\u00e9 hab\u00eda dicho Colapinto del incidente con Piastri<\/strong><\/h2>\n<\/p>\n<div class=\"custom-text \" readability=\"40\">\n<p>Finalizada la carrera, al pilarense le consultaron por el incidente que protagoniz\u00f3 con el piloto de McLaren y, sincero, reconoci\u00f3:<strong> &#8220;Estaba peleando con Tsunoda y, despu\u00e9s de que me choc\u00f3, solamente quer\u00eda pasarlo. La verdad ni lo vi. Estaba en mi punto ciego y ni me enfoqu\u00e9 en Piastri.<\/strong> Por suerte pudo salir bien&#8221;.<\/p>\n<\/div>\n<p><h2><strong>Franco Colapinto fue sancionado en el GP de Austria: \u00bfqu\u00e9 pas\u00f3?<\/strong><\/h2>\n<\/p>\n<div class=\"custom-text \" readability=\"39\">\n<p>Se sab\u00eda que Franco Colapinto no la tendr\u00eda f\u00e1cil en el GP de Austria, cuyas caracter\u00edsticas no favorecen para nada al Alpine. Lo que no hab\u00eda forma de prever era que habr\u00eda tantas complicaciones: primero, el choque con Yuki Tsunoda que no pas\u00f3 a mayores, <strong>y luego, una sanci\u00f3n por bloquear a Oscar Piastri.<\/strong><\/p>\n<\/div>\n<div class=\"custom-text \" readability=\"43\">\n<p>En la vuelta 54, a 16 de la bandera a cuadros, el argentino ven\u00eda peleando con Tsunoda: en el segundo frenaje, luego de pegarse al aler\u00f3n trasero del Red Bull, se lanz\u00f3 por el interior y sufri\u00f3 una tijera del japon\u00e9s. La pelea sigui\u00f3, porque<strong> Franco sali\u00f3 enchufado, pero no se percat\u00f3 de que Piastri (McLaren), peleando por la punta de la carrera y queriendo pasar a los rezagados, ven\u00eda junto a \u00e9l.<\/strong>..<\/p>\n<\/div>\n<div class=\"custom-text \" readability=\"39\">\n<p>Lentamente, Colapinto comenz\u00f3 a cerrarse y dej\u00f3 sin pista al australiano, que debi\u00f3 bajar al pasto. En consecuencia, los comisarios deportivos de la FIA<strong> lo penalizaron con cinco segundos y, posteriormente, le quitaron un punto de la Superlicencia. <\/strong><\/p>\n<\/div>\n<div class=\"sc-a7166897-0 eoLsBE\" readability=\"6.5\">\n<section readability=\"3\"><picture><img alt=\"Qu\u00e9 dijo Franco Colapinto tras el Gran Premio de Austria y el incidente con Tsunoda: &quot;Un d\u00eda complicado&quot;\" loading=\"lazy\" width=\"290\" height=\"290\" decoding=\"async\" data-nimg=\"1\" src=\"http:\/\/cordobadirecto.com\/wp-content\/uploads\/2025\/06\/la-ironica-reaccion-de-piastri-tras-el-incidente-con-colapinto.jpg\"><\/picture>\n<p><span>Mir\u00e1 tambi\u00e9n<\/span><\/p>\n<hr>\n<h3>Qu\u00e9 dijo Franco Colapinto tras el Gran Premio de Austria y el incidente con Tsunoda: &#8220;Un d\u00eda complicado&#8221;<\/h3>\n<\/p>\n<\/section>\n<\/div>\n<div class=\"sc-a7166897-0 eoLsBE\" readability=\"6\">\n<section readability=\"2\"><picture><img alt=\"Cu\u00e1ndo y d\u00f3nde es la pr\u00f3xima carrera de Franco Colapinto en la F\u00f3rmula 1\" loading=\"lazy\" width=\"290\" height=\"290\" decoding=\"async\" data-nimg=\"1\" src=\"http:\/\/cordobadirecto.com\/wp-content\/uploads\/2025\/06\/la-ironica-reaccion-de-piastri-tras-el-incidente-con-colapinto-1.jpg\"><\/picture>\n<p><span>Mir\u00e1 tambi\u00e9n<\/span><\/p>\n<hr>\n<h3>Cu\u00e1ndo y d\u00f3nde es la pr\u00f3xima carrera de Franco Colapinto en la F\u00f3rmula 1<\/h3>\n<\/p>\n<\/section>\n<\/div>\n<div class=\"sc-a7166897-0 eoLsBE\" readability=\"7\">\n<section readability=\"4\"><picture><img alt=\"Bortoleto, el amigo de Franco Colapinto que sorprendi\u00f3 en Austria: primeros puntos y Piloto del D\u00eda\" loading=\"lazy\" width=\"290\" height=\"290\" decoding=\"async\" data-nimg=\"1\" src=\"http:\/\/cordobadirecto.com\/wp-content\/uploads\/2025\/06\/la-ironica-reaccion-de-piastri-tras-el-incidente-con-colapinto-2.jpg\"><\/picture>\n<p><span>Mir\u00e1 tambi\u00e9n<\/span><\/p>\n<hr>\n<h3>Bortoleto, el amigo de Franco Colapinto que sorprendi\u00f3 en Austria: primeros puntos y Piloto del D\u00eda<\/h3>\n<\/p>\n<\/section>\n<\/div>\n<div class=\"sc-a7166897-0 eoLsBE\" readability=\"6.5\">\n<section readability=\"3\"><picture><img alt=\"Qu\u00e9 dijeron Flavio Briatore y Pierre Gasly sobre el flojo rendimiento de Alpine en Austria\" loading=\"lazy\" width=\"290\" height=\"290\" decoding=\"async\" data-nimg=\"1\" src=\"http:\/\/cordobadirecto.com\/wp-content\/uploads\/2025\/06\/la-ironica-reaccion-de-piastri-tras-el-incidente-con-colapinto-3.jpg\"><\/picture>\n<p><span>Mir\u00e1 tambi\u00e9n<\/span><\/p>\n<hr>\n<h3>Qu\u00e9 dijeron Flavio Briatore y Pierre Gasly sobre el flojo rendimiento de Alpine en Austria<\/h3>\n<\/p>\n<\/section>\n<\/div>\n<\/div>\n","protected":false},"excerpt":{"rendered":"<p>30\/06\/2025 13:42hs. Enfrascado en su lucha por la posici\u00f3n con Yuki Tsunoda, Franco Colapinto qued\u00f3 envuelto en un incidente, que afortunadamente no pas\u00f3 a mayores, pero que igual le vali\u00f3 una sanci\u00f3n de cinco segundos y un punto de penalizaci\u00f3n en su Superlicencia. Todo sucedi\u00f3 en la vuelta 54 del Gran Premio de Austria cuando, [&hellip;]<\/p>\n","protected":false},"author":1,"featured_media":169480,"comment_status":"closed","ping_status":"closed","sticky":false,"template":"","format":"standard","meta":[],"categories":[21],"tags":[],"_links":{"self":[{"href":"http:\/\/cordobadirecto.com\/index.php\/wp-json\/wp\/v2\/posts\/169479"}],"collection":[{"href":"http:\/\/cordobadirecto.com\/index.php\/wp-json\/wp\/v2\/posts"}],"about":[{"href":"http:\/\/cordobadirecto.com\/index.php\/wp-json\/wp\/v2\/types\/post"}],"author":[{"embeddable":true,"href":"http:\/\/cordobadirecto.com\/index.php\/wp-json\/wp\/v2\/users\/1"}],"replies":[{"embeddable":true,"href":"http:\/\/cordobadirecto.com\/index.php\/wp-json\/wp\/v2\/comments?post=169479"}],"version-history":[{"count":0,"href":"http:\/\/cordobadirecto.com\/index.php\/wp-json\/wp\/v2\/posts\/169479\/revisions"}],"wp:featuredmedia":[{"embeddable":true,"href":"http:\/\/cordobadirecto.com\/index.php\/wp-json\/wp\/v2\/media\/169480"}],"wp:attachment":[{"href":"http:\/\/cordobadirecto.com\/index.php\/wp-json\/wp\/v2\/media?parent=169479"}],"wp:term":[{"taxonomy":"category","embeddable":true,"href":"http:\/\/cordobadirecto.com\/index.php\/wp-json\/wp\/v2\/categories?post=169479"},{"taxonomy":"post_tag","embeddable":true,"href":"http:\/\/cordobadirecto.com\/index.php\/wp-json\/wp\/v2\/tags?post=169479"}],"curies":[{"name":"wp","href":"https:\/\/api.w.org\/{rel}","templated":true}]}}