{"id":169563,"date":"2025-07-01T22:21:38","date_gmt":"2025-07-01T22:21:38","guid":{"rendered":"https:\/\/www.ole.com.ar\/autos\/franco-colapinto-banca-argentinos-hashtag-siempre-43-tendencia_0_VF8Blijzaq.html"},"modified":"2025-07-01T22:21:38","modified_gmt":"2025-07-01T22:21:38","slug":"en-medio-de-los-rumores-colapinto-recibio-la-banca-de-los-argentinos-siempreconel43-es-tendencia-nacional","status":"publish","type":"post","link":"http:\/\/cordobadirecto.com\/index.php\/2025\/07\/01\/en-medio-de-los-rumores-colapinto-recibio-la-banca-de-los-argentinos-siempreconel43-es-tendencia-nacional\/","title":{"rendered":"En medio de los rumores, Colapinto recibi\u00f3 la banca de los argentinos: #SiempreConEl43 es tendencia nacional"},"content":{"rendered":"<p><span class=\"createDate\">01\/07\/2025 19:21hs.<\/span><time class=\"modificatedDate\" datetime=\"2025-07-01T20:18:52-03:00\"> Actualizado al 01\/07\/2025 20:18hs.<\/time><\/p>\n<div id=\"storyBody\">\n<div class=\"custom-text \" readability=\"37.677669902913\">\n<p>Desde que <strong><a href=\"https:\/\/www.ole.com.ar\/tema\/franco-colapinto.html\" title=\"Franco Colapinto\" alt=\"Franco Colapinto\" class=\"slug\">Franco Colapinto<\/a><\/strong> se inici\u00f3 en la <a href=\"https:\/\/www.ole.com.ar\/tema\/formula-1.html\" title=\"F\u00f3rmula 1\" alt=\"F\u00f3rmula 1\" class=\"slug\">F\u00f3rmula 1<\/a>, entre agosto y septiembre, la categor\u00eda se mostr\u00f3 sorprendida por el aguante de los argentinos. En cada circuito, sin importar qu\u00e9 tan lejano les quedara, aparec\u00edan banderas albicelestes e hinchas dedic\u00e1ndole carteles. En las buenas, est\u00e1n todos. \u00bfY en las malas? Qued\u00f3 demostrado que tambi\u00e9n: cuando se habla del inter\u00e9s de Alpine por Valtteri Bottas, <a href=\"https:\/\/www.ole.com.ar\/autos\/formula-1-f1-interes-alpine-valtteri-bottas-franco-colapinto_0_7ybwfI7zbN.html\" target=\"_self\" title=\"reconocido por la propia F1\" alt=\"reconocido por la propia F1\" rel=\"noopener\">reconocido por la propia F1<\/a>,<strong> los fan\u00e1ticos hicieron tendencia N\u00b0 1 el hashtag #SiempreConEl43<\/strong>.<\/p>\n<\/div>\n<div class=\"custom-text \" readability=\"34.496732026144\">\n<p>Cuando los resultados no se dan, por m\u00e1s que el argentino no sea el principal responsable -el A525 no rinde con \u00e9l ni con Pierre Gasly-, es l\u00f3gico que arranquen los rumores. Nacieron entre la prensa europea, que habl\u00f3 del acercamiento entre Flavio Briatore y el finland\u00e9s que es suplente en Mercedes, y continuaron con la confirmaci\u00f3n de la M\u00e1xima (<strong>Ol\u00e9<\/strong> pudo saber que correr\u00e1 en Gran Breta\u00f1a y <a href=\"https:\/\/www.ole.com.ar\/autos\/rumores-franco-colapinto-alpine-corre-gp-silverstone-pasa-despues_0_YvoRh42Kx1.html\" target=\"_self\" title=\"que su situaci\u00f3n se monitorear\u00e1 &quot;carrera a carrera&quot;\" alt=\"que su situaci\u00f3n se monitorear\u00e1 &quot;carrera a carrera&quot;\" rel=\"noopener\">que su situaci\u00f3n se monitorear\u00e1 &#8220;carrera a carrera&#8221;<\/a>).<\/p>\n<\/div>\n<div class=\"custom-text \" readability=\"41\">\n<p><strong>&#8220;No, no estoy realmente preocupado. Creo que Flavio (Briatore) me ha brindado mucho apoyo y conf\u00eda en m\u00ed&#8221;<\/strong>, fue la respuesta de Colapinto tras un GP de Austria para el olvido (terminaron 16 autos y \u00e9l qued\u00f3 15\u00b0). Luego, en sus redes sociales, se dirigi\u00f3 a sus seguidores y les dijo: <strong>&#8220;Gracias por seguir bancando&#8221;<\/strong>. La banca, ciertamente, lleg\u00f3 m\u00e1s fuerte que nunca.<\/p>\n<\/div>\n<div class=\"custom-text \" readability=\"38\">\n<p>Los argentinos inundaron X, como se conoce actualmente a Twitter, con mensajes de aliento hacia el pibe de 22 a\u00f1os. #<strong>SiempreConEl43 fue la consigna mediante la que se unieron para transmitirle su apoyo<\/strong>. En Silverstone, donde se correr\u00e1 la pr\u00f3xima fecha, a esperar m\u00e1s aliento que nunca&#8230;<\/p>\n<\/div>\n<p><h2>Los tuits de los argentinos para respaldar a Franco Colapinto<\/h2>\n<\/p>\n<div class=\"sc-a7166897-0 eoLsBE\" readability=\"6.5\">\n<section readability=\"3\"><picture><img alt=\"La F\u00f3rmula 1 reconoci\u00f3 el inter\u00e9s de Alpine por Bottas: \u00bfqu\u00e9 pasar\u00e1 con Colapinto?\" loading=\"lazy\" width=\"290\" height=\"290\" decoding=\"async\" data-nimg=\"1\" src=\"http:\/\/cordobadirecto.com\/wp-content\/uploads\/2025\/07\/en-medio-de-los-rumores-colapinto-recibio-la-banca-de-los-argentinos-siempreconel43-es-tendencia-nacional.jpg\"><\/picture>\n<p><span>Mir\u00e1 tambi\u00e9n<\/span><\/p>\n<hr>\n<h3>La F\u00f3rmula 1 reconoci\u00f3 el inter\u00e9s de Alpine por Bottas: \u00bfqu\u00e9 pasar\u00e1 con Colapinto?<\/h3>\n<\/p>\n<\/section>\n<\/div>\n<div class=\"sc-a7166897-0 eoLsBE\" readability=\"6\">\n<section readability=\"2\"><picture><img alt=\"Confirmado: Franco Colapinto corre en Silverstone... \u00bfy despu\u00e9s? \" loading=\"lazy\" width=\"290\" height=\"290\" decoding=\"async\" data-nimg=\"1\" src=\"http:\/\/cordobadirecto.com\/wp-content\/uploads\/2025\/07\/en-medio-de-los-rumores-colapinto-recibio-la-banca-de-los-argentinos-siempreconel43-es-tendencia-nacional-1.jpg\"><\/picture>\n<p><span>Mir\u00e1 tambi\u00e9n<\/span><\/p>\n<hr>\n<h3>Confirmado: Franco Colapinto corre en Silverstone&#8230; \u00bfy despu\u00e9s? <\/h3>\n<\/p>\n<\/section>\n<\/div>\n<div class=\"sc-a7166897-0 eoLsBE\" readability=\"6.5\">\n<section readability=\"3\"><picture><img alt=\"Confirmado Franco Colapinto, qu\u00e9 dijo antes de correr en Silverstone\" loading=\"lazy\" width=\"290\" height=\"290\" decoding=\"async\" data-nimg=\"1\" src=\"http:\/\/cordobadirecto.com\/wp-content\/uploads\/2025\/07\/en-medio-de-los-rumores-colapinto-recibio-la-banca-de-los-argentinos-siempreconel43-es-tendencia-nacional-2.jpg\"><\/picture>\n<p><span>Mir\u00e1 tambi\u00e9n<\/span><\/p>\n<hr>\n<h3>Confirmado Franco Colapinto, qu\u00e9 dijo antes de correr en Silverstone<\/h3>\n<\/p>\n<\/section>\n<\/div>\n<div class=\"sc-a7166897-0 eoLsBE\" readability=\"7\">\n<section readability=\"4\"><picture><img alt=\"Qu\u00e9 dijo Pierre Gasly, compa\u00f1ero de Colapinto, en la previa del GP de Gran Breta\u00f1a\" loading=\"lazy\" width=\"290\" height=\"290\" decoding=\"async\" data-nimg=\"1\" src=\"http:\/\/cordobadirecto.com\/wp-content\/uploads\/2025\/07\/en-medio-de-los-rumores-colapinto-recibio-la-banca-de-los-argentinos-siempreconel43-es-tendencia-nacional-3.jpg\"><\/picture>\n<p><span>Mir\u00e1 tambi\u00e9n<\/span><\/p>\n<hr>\n<h3>Qu\u00e9 dijo Pierre Gasly, compa\u00f1ero de Colapinto, en la previa del GP de Gran Breta\u00f1a<\/h3>\n<\/p>\n<\/section>\n<\/div>\n<div class=\"sc-a7166897-0 eoLsBE\" readability=\"6.5\">\n<section readability=\"3\"><picture><img alt=\"Franco Colapinto en el GP de Gran Breta\u00f1a: d\u00edas, horarios y d\u00f3nde ver\" loading=\"lazy\" width=\"290\" height=\"290\" decoding=\"async\" data-nimg=\"1\" src=\"http:\/\/cordobadirecto.com\/wp-content\/uploads\/2025\/07\/en-medio-de-los-rumores-colapinto-recibio-la-banca-de-los-argentinos-siempreconel43-es-tendencia-nacional-4.jpg\"><\/picture>\n<p><span>Mir\u00e1 tambi\u00e9n<\/span><\/p>\n<hr>\n<h3>Franco Colapinto en el GP de Gran Breta\u00f1a: d\u00edas, horarios y d\u00f3nde ver<\/h3>\n<\/p>\n<\/section>\n<\/div>\n<\/div>\n","protected":false},"excerpt":{"rendered":"<p>01\/07\/2025 19:21hs. Actualizado al 01\/07\/2025 20:18hs. Desde que Franco Colapinto se inici\u00f3 en la F\u00f3rmula 1, entre agosto y septiembre, la categor\u00eda se mostr\u00f3 sorprendida por el aguante de los argentinos. En cada circuito, sin importar qu\u00e9 tan lejano les quedara, aparec\u00edan banderas albicelestes e hinchas dedic\u00e1ndole carteles. En las buenas, est\u00e1n todos. \u00bfY en [&hellip;]<\/p>\n","protected":false},"author":1,"featured_media":169564,"comment_status":"closed","ping_status":"closed","sticky":false,"template":"","format":"standard","meta":[],"categories":[21],"tags":[],"_links":{"self":[{"href":"http:\/\/cordobadirecto.com\/index.php\/wp-json\/wp\/v2\/posts\/169563"}],"collection":[{"href":"http:\/\/cordobadirecto.com\/index.php\/wp-json\/wp\/v2\/posts"}],"about":[{"href":"http:\/\/cordobadirecto.com\/index.php\/wp-json\/wp\/v2\/types\/post"}],"author":[{"embeddable":true,"href":"http:\/\/cordobadirecto.com\/index.php\/wp-json\/wp\/v2\/users\/1"}],"replies":[{"embeddable":true,"href":"http:\/\/cordobadirecto.com\/index.php\/wp-json\/wp\/v2\/comments?post=169563"}],"version-history":[{"count":0,"href":"http:\/\/cordobadirecto.com\/index.php\/wp-json\/wp\/v2\/posts\/169563\/revisions"}],"wp:featuredmedia":[{"embeddable":true,"href":"http:\/\/cordobadirecto.com\/index.php\/wp-json\/wp\/v2\/media\/169564"}],"wp:attachment":[{"href":"http:\/\/cordobadirecto.com\/index.php\/wp-json\/wp\/v2\/media?parent=169563"}],"wp:term":[{"taxonomy":"category","embeddable":true,"href":"http:\/\/cordobadirecto.com\/index.php\/wp-json\/wp\/v2\/categories?post=169563"},{"taxonomy":"post_tag","embeddable":true,"href":"http:\/\/cordobadirecto.com\/index.php\/wp-json\/wp\/v2\/tags?post=169563"}],"curies":[{"name":"wp","href":"https:\/\/api.w.org\/{rel}","templated":true}]}}