{"id":169565,"date":"2025-07-01T21:06:31","date_gmt":"2025-07-01T21:06:31","guid":{"rendered":"https:\/\/www.ole.com.ar\/autos\/formula-1-f1-interes-alpine-valtteri-bottas-franco-colapinto_0_7ybwfI7zbN.html"},"modified":"2025-07-01T21:06:31","modified_gmt":"2025-07-01T21:06:31","slug":"la-formula-1-reconocio-el-interes-de-alpine-por-bottas-que-pasara-con-colapinto","status":"publish","type":"post","link":"http:\/\/cordobadirecto.com\/index.php\/2025\/07\/01\/la-formula-1-reconocio-el-interes-de-alpine-por-bottas-que-pasara-con-colapinto\/","title":{"rendered":"La F\u00f3rmula 1 reconoci\u00f3 el inter\u00e9s de Alpine por Bottas: \u00bfqu\u00e9 pasar\u00e1 con Colapinto?"},"content":{"rendered":"<p><span class=\"createDate\">01\/07\/2025 18:06hs.<\/span><time class=\"modificatedDate\" datetime=\"2025-07-01T18:11:19-03:00\"> Actualizado al 01\/07\/2025 18:11hs.<\/time><\/p>\n<div id=\"storyBody\">\n<div class=\"custom-text \" readability=\"35.93522906793\">\n<p>Est\u00e1 claro que <strong><a href=\"https:\/\/www.ole.com.ar\/tema\/franco-colapinto.html\" title=\"Franco Colapinto\" alt=\"Franco Colapinto\" class=\"slug\">Franco Colapinto<\/a><\/strong>, por m\u00e1s aciertos o fallas que pueda tener -es parte de este deporte-, es un piloto apto para la <a href=\"https:\/\/www.ole.com.ar\/tema\/formula-1.html\" title=\"F\u00f3rmula 1\" alt=\"F\u00f3rmula 1\" class=\"slug\">F\u00f3rmula 1<\/a>. Si no puntu\u00f3 en sus primeras cinco carreras con <strong><a href=\"https:\/\/www.ole.com.ar\/tema\/alpine.html\" title=\"Alpine\" alt=\"Alpine\" class=\"slug\">Alpine<\/a><\/strong>, tiene m\u00e1s que ver con el auto que maneja que con sus ya probadas habilidades para guiarlo. Aun as\u00ed, por c\u00f3mo es esta categor\u00eda, se entiende que su nombre haya sido puesto en duda: medios europeos afirmaron que <strong><a href=\"https:\/\/www.ole.com.ar\/autos\/rumores-franco-colapinto-alpine-corre-gp-silverstone-pasa-despues_0_YvoRh42Kx1.html\" target=\"_self\" title=\"medios europeos afirmaron que hubo charlas entre Flavio Briatore y Valtteri Bottas, reserva de Mercedes\" alt=\"medios europeos afirmaron que hubo charlas entre Flavio Briatore y Valtteri Bottas, reserva de Mercedes\" rel=\"noopener\">hubo charlas entre <\/a><a href=\"https:\/\/www.ole.com.ar\/autos\/rumores-franco-colapinto-alpine-corre-gp-silverstone-pasa-despues_0_YvoRh42Kx1.html\" target=\"_self\" title=\"medios europeos afirmaron que hubo charlas entre Flavio Briatore y Valtteri Bottas, reserva de Mercedes\" alt=\"medios europeos afirmaron que hubo charlas entre Flavio Briatore y Valtteri Bottas, reserva de Mercedes\" rel=\"noopener\">Flavio Briatore y Valtteri Bottas, reserva de Mercedes<\/a>,<\/strong> para quedarse con esa segunda butaca. En medio de todo esto, un actor importante reconoci\u00f3 el inter\u00e9s de la escuder\u00eda francesa: <strong>la propia F1.<\/strong><\/p>\n<\/div>\n<div class=\"custom-text \" readability=\"44\">\n<p>Lawrence Barretto, una de las figuras centrales del equipo de comunicaci\u00f3n de la M\u00e1xima, elabor\u00f3 una columna llamada <strong>&#8220;\u00bfpor qu\u00e9 Alpine pregunt\u00f3 por la disponibilidad de Bottas?&#8221;<\/strong>, con los rostros de Colapinto, Bottas y Briatore copando la imagen de portada. Con eso, sin necesidad de palabras, <strong>qued\u00f3 en claro que el asiento en peligro es el de Franco y no el de Pierre Gasly <\/strong>(luego lo justific\u00f3 con un &#8220;Gasly forma parte, sin duda, de sus planes, pero su segundo asiento es m\u00e1s complicado&#8221;).<\/p>\n<\/div>\n<div class=\"sc-e7b891c4-0 ifHnQL image-embed\"><img alt=\"La columna de la F\u00f3rmula 1 acerca del inter\u00e9s de Alpine por Valtteri Bottas.\" loading=\"lazy\" width=\"720\" height=\"100\" decoding=\"async\" data-nimg=\"1\" src=\"http:\/\/cordobadirecto.com\/wp-content\/uploads\/2025\/07\/la-formula-1-reconocio-el-interes-de-alpine-por-bottas-que-pasara-con-colapinto.jpg\"><span class=\"epigraphe\">La columna de la F\u00f3rmula 1 acerca del inter\u00e9s de Alpine por Valtteri Bottas.<\/span><\/div>\n<p><h2>Qu\u00e9 dice la F\u00f3rmula 1 acerca del inter\u00e9s de Alpine en Bottas<\/h2>\n<\/p>\n<div class=\"custom-text \" readability=\"39\">\n<p>Lo primero que marc\u00f3 Barretto es que <strong>el inter\u00e9s no ser\u00eda inmediato sino pensando en 2026<\/strong>, para cuando querr\u00e1 tener la &#8220;formaci\u00f3n correcta&#8221; dado que este es un &#8220;a\u00f1o de transici\u00f3n&#8221;. A partir de la temporada siguiente, Alpine dejar\u00e1 los motores Renault y <strong>pasar\u00e1 a contar con los Mercedes, justo el equipo con el que trabaja Bottas<\/strong>. De m\u00ednima, hay un linkeo&#8230;<\/p>\n<\/div>\n<div class=\"custom-text \" readability=\"40\">\n<p>En segundo lugar, puso el foco en Franco, que no tuvo el inicio esperado aunque aclarando que el A525 no lo acompa\u00f1\u00f3 en lo m\u00e1s m\u00ednimo: &#8220;<strong>Colapinto no ha tenido un comienzo tan bueno como el que tuvo en su excelente actuaci\u00f3n con Williams<\/strong> y a\u00fan no ha sumado ning\u00fan punto en cinco carreras con el equipo. Sin embargo, hay que decir que al coche le ha faltado rendimiento respecto a sus rivales y, desde que lleg\u00f3 al equipo, <strong>su compa\u00f1ero Gasly s\u00f3lo ha puntuado una vez con el octavo puesto en Espa\u00f1a<\/strong>&#8220;.<\/p>\n<\/div>\n<div class=\"sc-e7b891c4-0 ifHnQL image-embed\"><img alt=\"Colapinto junto a Briatore. La F1 reconoci\u00f3 el inter\u00e9s del directivo en Bottas.\" loading=\"lazy\" width=\"720\" height=\"100\" decoding=\"async\" data-nimg=\"1\" src=\"http:\/\/cordobadirecto.com\/wp-content\/uploads\/2025\/07\/la-formula-1-reconocio-el-interes-de-alpine-por-bottas-que-pasara-con-colapinto-1.jpg\"><span class=\"epigraphe\">Colapinto junto a Briatore. La F1 reconoci\u00f3 el inter\u00e9s del directivo en Bottas.<\/span><\/div>\n<div class=\"custom-text \" readability=\"42\">\n<p>En su columna, Barretto comparti\u00f3 algo que est\u00e1 clar\u00edsimo: <strong>si el pibe de 22 a\u00f1os responde, mantendr\u00e1 su butaca y los rumores no ser\u00e1n m\u00e1s que eso<\/strong>. &#8220;Alpine sigue respaldando a Colapinto y cree que es capaz de cumplir sus promesas. Por ahora, <strong>todo sigue igual y estar\u00e1 en el coche en Silverstone y m\u00e1s all\u00e1. <\/strong>Si mejora sus resultados, Briatore no necesitar\u00e1 cambiar nada por ahora. Y el simple hecho de saber que Bottas est\u00e1 disponible les da flexibilidad a Briatore y a Alpine&#8221;, concluy\u00f3 el periodista. En Silverstone, donde alguna vez puso la bandera argentina en lo m\u00e1s alto (gan\u00f3 con la F\u00f3rmula 3), <strong>Colapinto tendr\u00e1 que demostrar de qu\u00e9 est\u00e1 hecho para mutear al paddock.<\/strong><\/p>\n<\/div>\n<div class=\"sc-a7166897-0 eoLsBE\" readability=\"6\">\n<section readability=\"2\"><picture><img alt=\"Confirmado: Franco Colapinto corre en Silverstone... \u00bfy despu\u00e9s? \" loading=\"lazy\" width=\"290\" height=\"290\" decoding=\"async\" data-nimg=\"1\" src=\"http:\/\/cordobadirecto.com\/wp-content\/uploads\/2025\/07\/la-formula-1-reconocio-el-interes-de-alpine-por-bottas-que-pasara-con-colapinto-2.jpg\"><\/picture>\n<p><span>Mir\u00e1 tambi\u00e9n<\/span><\/p>\n<hr>\n<h3>Confirmado: Franco Colapinto corre en Silverstone&#8230; \u00bfy despu\u00e9s? <\/h3>\n<\/p>\n<\/section>\n<\/div>\n<div class=\"sc-a7166897-0 eoLsBE\" readability=\"6.5\">\n<section readability=\"3\"><picture><img alt=\"Confirmado Franco Colapinto, qu\u00e9 dijo antes de correr en Silverstone\" loading=\"lazy\" width=\"290\" height=\"290\" decoding=\"async\" data-nimg=\"1\" src=\"http:\/\/cordobadirecto.com\/wp-content\/uploads\/2025\/07\/la-formula-1-reconocio-el-interes-de-alpine-por-bottas-que-pasara-con-colapinto-3.jpg\"><\/picture>\n<p><span>Mir\u00e1 tambi\u00e9n<\/span><\/p>\n<hr>\n<h3>Confirmado Franco Colapinto, qu\u00e9 dijo antes de correr en Silverstone<\/h3>\n<\/p>\n<\/section>\n<\/div>\n<div class=\"sc-a7166897-0 eoLsBE\" readability=\"7\">\n<section readability=\"4\"><picture><img alt=\"Qu\u00e9 dijo Pierre Gasly, compa\u00f1ero de Colapinto, en la previa del GP de Gran Breta\u00f1a\" loading=\"lazy\" width=\"290\" height=\"290\" decoding=\"async\" data-nimg=\"1\" src=\"http:\/\/cordobadirecto.com\/wp-content\/uploads\/2025\/07\/la-formula-1-reconocio-el-interes-de-alpine-por-bottas-que-pasara-con-colapinto-4.jpg\"><\/picture>\n<p><span>Mir\u00e1 tambi\u00e9n<\/span><\/p>\n<hr>\n<h3>Qu\u00e9 dijo Pierre Gasly, compa\u00f1ero de Colapinto, en la previa del GP de Gran Breta\u00f1a<\/h3>\n<\/p>\n<\/section>\n<\/div>\n<div class=\"sc-a7166897-0 eoLsBE\" readability=\"6.5\">\n<section readability=\"3\"><picture><img alt=\"Franco Colapinto en el GP de Gran Breta\u00f1a: d\u00edas, horarios y d\u00f3nde ver\" loading=\"lazy\" width=\"290\" height=\"290\" decoding=\"async\" data-nimg=\"1\" src=\"http:\/\/cordobadirecto.com\/wp-content\/uploads\/2025\/07\/la-formula-1-reconocio-el-interes-de-alpine-por-bottas-que-pasara-con-colapinto-5.jpg\"><\/picture>\n<p><span>Mir\u00e1 tambi\u00e9n<\/span><\/p>\n<hr>\n<h3>Franco Colapinto en el GP de Gran Breta\u00f1a: d\u00edas, horarios y d\u00f3nde ver<\/h3>\n<\/p>\n<\/section>\n<\/div>\n<div class=\"sc-a7166897-0 eoLsBE\" readability=\"6\">\n<section readability=\"2\"><picture><img alt=\"Cambios en Alpine: uno de sus pilotos se mudar\u00e1 a pr\u00e9stamo a Sauber\" loading=\"lazy\" width=\"290\" height=\"290\" decoding=\"async\" data-nimg=\"1\" src=\"http:\/\/cordobadirecto.com\/wp-content\/uploads\/2025\/07\/la-formula-1-reconocio-el-interes-de-alpine-por-bottas-que-pasara-con-colapinto-6.jpg\"><\/picture>\n<p><span>Mir\u00e1 tambi\u00e9n<\/span><\/p>\n<hr>\n<h3>Cambios en Alpine: uno de sus pilotos se mudar\u00e1 a pr\u00e9stamo a Sauber<\/h3>\n<\/p>\n<\/section>\n<\/div>\n<\/div>\n","protected":false},"excerpt":{"rendered":"<p>01\/07\/2025 18:06hs. Actualizado al 01\/07\/2025 18:11hs. Est\u00e1 claro que Franco Colapinto, por m\u00e1s aciertos o fallas que pueda tener -es parte de este deporte-, es un piloto apto para la F\u00f3rmula 1. Si no puntu\u00f3 en sus primeras cinco carreras con Alpine, tiene m\u00e1s que ver con el auto que maneja que con sus ya [&hellip;]<\/p>\n","protected":false},"author":1,"featured_media":169566,"comment_status":"closed","ping_status":"closed","sticky":false,"template":"","format":"standard","meta":[],"categories":[21],"tags":[],"_links":{"self":[{"href":"http:\/\/cordobadirecto.com\/index.php\/wp-json\/wp\/v2\/posts\/169565"}],"collection":[{"href":"http:\/\/cordobadirecto.com\/index.php\/wp-json\/wp\/v2\/posts"}],"about":[{"href":"http:\/\/cordobadirecto.com\/index.php\/wp-json\/wp\/v2\/types\/post"}],"author":[{"embeddable":true,"href":"http:\/\/cordobadirecto.com\/index.php\/wp-json\/wp\/v2\/users\/1"}],"replies":[{"embeddable":true,"href":"http:\/\/cordobadirecto.com\/index.php\/wp-json\/wp\/v2\/comments?post=169565"}],"version-history":[{"count":0,"href":"http:\/\/cordobadirecto.com\/index.php\/wp-json\/wp\/v2\/posts\/169565\/revisions"}],"wp:featuredmedia":[{"embeddable":true,"href":"http:\/\/cordobadirecto.com\/index.php\/wp-json\/wp\/v2\/media\/169566"}],"wp:attachment":[{"href":"http:\/\/cordobadirecto.com\/index.php\/wp-json\/wp\/v2\/media?parent=169565"}],"wp:term":[{"taxonomy":"category","embeddable":true,"href":"http:\/\/cordobadirecto.com\/index.php\/wp-json\/wp\/v2\/categories?post=169565"},{"taxonomy":"post_tag","embeddable":true,"href":"http:\/\/cordobadirecto.com\/index.php\/wp-json\/wp\/v2\/tags?post=169565"}],"curies":[{"name":"wp","href":"https:\/\/api.w.org\/{rel}","templated":true}]}}