{"id":169567,"date":"2025-07-01T23:50:49","date_gmt":"2025-07-01T23:50:49","guid":{"rendered":"https:\/\/www.ole.com.ar\/futbol-ascenso\/ascenso-primera-nacionalestudiantes-caseros-dete_0_rWKO2LuuFn.html"},"modified":"2025-07-01T23:50:49","modified_gmt":"2025-07-01T23:50:49","slug":"fue-asistente-de-un-ex-dt-de-boca-y-dirigira-un-equipo-del-nacional","status":"publish","type":"post","link":"http:\/\/cordobadirecto.com\/index.php\/2025\/07\/01\/fue-asistente-de-un-ex-dt-de-boca-y-dirigira-un-equipo-del-nacional\/","title":{"rendered":"Fue asistente de un ex DT de Boca y dirigir\u00e1 un equipo del Nacional"},"content":{"rendered":"<p><time class=\"createDate\" datetime=\"2025-07-01T18:15:45-03:00\">01\/07\/2025 18:15hs.<\/time><\/p>\n<div id=\"storyBody\">\n<div class=\"custom-text \" readability=\"34.946428571429\">\n<p><a href=\"https:\/\/www.ole.com.ar\/tema\/estudiantes-de-caseros.html\" title=\"Estudiantes de Caseros\" alt=\"Estudiantes de Caseros\" class=\"slug\">Estudiantes<\/a> no logra mantenerse estable en la <a href=\"https:\/\/www.ole.com.ar\/tema\/primera-nacional.html\" title=\"Primera Nacional\" alt=\"Primera Nacional\" class=\"slug\">Primera Nacional<\/a>. S\u00ed, <strong>est\u00e1 entrando en el Reducido de la Zona B pero no termina de equilibrar su campa\u00f1a<\/strong> y fortalecerse en el Octogonal. Sumado a esto, despu\u00e9s de la derrota por 1-0 con Central Norte en Caseros,<strong> la dirigencia anunci\u00f3 que Andr\u00e9s Montenegro no iba a seguir en el cargo.<\/strong><\/p>\n<\/div>\n<div class=\"custom-text \" readability=\"37\">\n<p>Ante la necesidad de intentar mejorar el funcionamiento y el presente del Pincha, pusieron manos a la obra para conseguir a un det\u00e9 que le otorgue esa jerarqu\u00eda y seguridad que le est\u00e1 faltando al equipo en el \u00faltimo tiempo. Debido a esto, <strong>la Comisi\u00f3n Directiva llam\u00f3 a un viejo conocido de la instituci\u00f3n.<\/strong><\/p>\n<\/div>\n<div class=\"custom-text \" readability=\"37\">\n<p>Se trata de <strong>Juan Manuel Sara<\/strong>, t\u00e9cnico de 48 a\u00f1os, con \u00faltimo paso por Deportivo Maip\u00fa pero que<strong> ya cuenta con un anterior ciclo a cargo del club de Caseros<\/strong>. Llega a Estudiantes con el objetivo de mantenerlo en el Reducido de la Zona B del Nacional y cambiar el \u00e1nimo del plantel de cara a lo que queda del torneo. <strong>Ya se present\u00f3 ante el plantel profesional y estuvo a cargo de la pr\u00e1ctica en el Ciudad de Caseros.<\/strong><\/p>\n<\/div>\n<div class=\"custom-embedhtml\" readability=\"7.2560553633218\">\n<blockquote class=\"twitter-tweet\" readability=\"8.8685121107266\">\n<p lang=\"es\" dir=\"ltr\">Juan Manuel Sara es el nuevo entrenador de Estudiantes.<\/p>\n<p>Ma\u00f1ana ser\u00e1 la presentaci\u00f3n oficial ante el plantel profesional y comenzar\u00e1 su segundo ciclo como DT del Pincha.<\/p>\n<p>\u00a1Bienvenido, Juan! \ud83d\udc4b\ud83c\udffc<a href=\"https:\/\/twitter.com\/hashtag\/SomosEstudiantes?src=hash&amp;ref_src=twsrc%5Etfw\">#SomosEstudiantes<\/a> <a href=\"https:\/\/t.co\/w64aKToi92\">pic.twitter.com\/w64aKToi92<\/a><\/p>\n<p>\u2014 Estudiantes (@EstudiantesOK) <a href=\"https:\/\/twitter.com\/EstudiantesOK\/status\/1939815066829996085?ref_src=twsrc%5Etfw\">June 30, 2025<\/a><\/p><\/blockquote><\/div>\n<p><h2><strong>El d\u00eda que Sara fue asistente de Diego Mart\u00ednez<\/strong><\/h2>\n<\/p>\n<div class=\"custom-text \" readability=\"32.432432432432\">\n<p>Pocos conocen que el nuevo det\u00e9 del Pincha <strong>fue ayudante de <a href=\"https:\/\/www.ole.com.ar\/tema\/diego-martinez-dt.html\" title=\"Diego Mart\u00ednez DT\" alt=\"Diego Mart\u00ednez DT\" class=\"slug\">Diego Mart\u00ednez<\/a> en un club del Ascenso<\/strong>. <strong>M\u00e1s precisamente en Ituzaing\u00f3<\/strong>, donde integr\u00f3 el cuerpo t\u00e9cnico del ex entrenador de <a href=\"https:\/\/www.ole.com.ar\/tema\/boca-juniors.html\" title=\"Boca Juniors\" alt=\"Boca Juniors\" class=\"slug\">Boca<\/a> que logr\u00f3 ser subcampe\u00f3n de la Primera D con el Verde del Oeste.<\/p>\n<\/div>\n<div class=\"sc-e7b891c4-0 ifHnQL image-embed\"><img alt=\"Juan Manuel Sara y Diego Mart\u00ednez en Ituzaing\u00f3.\" loading=\"lazy\" width=\"720\" height=\"100\" decoding=\"async\" data-nimg=\"1\" src=\"http:\/\/cordobadirecto.com\/wp-content\/uploads\/2025\/07\/fue-asistente-de-un-ex-dt-de-boca-y-dirigira-un-equipo-del-nacional.jpg\"><span class=\"epigraphe\">Juan Manuel Sara y Diego Mart\u00ednez en Ituzaing\u00f3.<\/span><\/div>\n<div class=\"custom-text \" readability=\"33\">\n<p>Tambi\u00e9n se destaca su experiencia en la conducci\u00f3n de Tigre en la Liga Profesional de 2023. Un ciclo que dur\u00f3 menos de dos meses y ocho encuentros en el Matador de Victoria.<\/p>\n<\/div>\n<p><h2><strong>El anterior ciclo de Juan Manuel Sara por Estudiantes<\/strong><\/h2>\n<\/p>\n<div class=\"custom-text \" readability=\"37\">\n<p>Sara llega para empezar su segundo ciclo en el club pero, \u00bfc\u00f3mo le fue en su primera etapa?. <strong>La realidad es que fue corta<\/strong>. Dur\u00f3 menos de 2 meses, donde apenas dirigi\u00f3 ocho encuentros: <strong>dos victorias, dos empates y cuatro derrotas.<\/strong><\/p>\n<\/div>\n<div class=\"sc-e7b891c4-0 ifHnQL image-embed\"><img alt=\"Juan Manuel Sara en la pr\u00e1ctica de Estudiantes.\" loading=\"lazy\" width=\"720\" height=\"100\" decoding=\"async\" data-nimg=\"1\" src=\"http:\/\/cordobadirecto.com\/wp-content\/uploads\/2025\/07\/fue-asistente-de-un-ex-dt-de-boca-y-dirigira-un-equipo-del-nacional-1.jpg\"><span class=\"epigraphe\">Juan Manuel Sara en la pr\u00e1ctica de Estudiantes.<\/span><\/div>\n<div class=\"sc-a7166897-0 eoLsBE\" readability=\"6.5\">\n<section readability=\"3\"><picture><img alt=\"Las bombas del Puma Gigliotti: por qu\u00e9 discuti\u00f3 con el t\u00e9cnico y el &quot;momento de mierda&quot; que pasa Col\u00f3n\" loading=\"lazy\" width=\"290\" height=\"290\" decoding=\"async\" data-nimg=\"1\" src=\"http:\/\/cordobadirecto.com\/wp-content\/uploads\/2025\/07\/fue-asistente-de-un-ex-dt-de-boca-y-dirigira-un-equipo-del-nacional-2.jpg\"><\/picture>\n<p><span>Mir\u00e1 tambi\u00e9n<\/span><\/p>\n<hr>\n<h3>Las bombas del Puma Gigliotti: por qu\u00e9 discuti\u00f3 con el t\u00e9cnico y el &#8220;momento de mierda&#8221; que pasa Col\u00f3n<\/h3>\n<\/p>\n<\/section>\n<\/div>\n<div class=\"sc-a7166897-0 eoLsBE\" readability=\"6.5\">\n<section readability=\"3\"><picture><img alt=\"Cu\u00e1ntos partidos disputar\u00e1 All Boys a puertas cerradas por el acto antisemita contra Atlanta\" loading=\"lazy\" width=\"290\" height=\"290\" decoding=\"async\" data-nimg=\"1\" src=\"http:\/\/cordobadirecto.com\/wp-content\/uploads\/2025\/07\/fue-asistente-de-un-ex-dt-de-boca-y-dirigira-un-equipo-del-nacional-3.jpg\"><\/picture>\n<p><span>Mir\u00e1 tambi\u00e9n<\/span><\/p>\n<hr>\n<h3>Cu\u00e1ntos partidos disputar\u00e1 All Boys a puertas cerradas por el acto antisemita contra Atlanta<\/h3>\n<\/p>\n<\/section>\n<\/div>\n<\/div>\n","protected":false},"excerpt":{"rendered":"<p>01\/07\/2025 18:15hs. Estudiantes no logra mantenerse estable en la Primera Nacional. S\u00ed, est\u00e1 entrando en el Reducido de la Zona B pero no termina de equilibrar su campa\u00f1a y fortalecerse en el Octogonal. Sumado a esto, despu\u00e9s de la derrota por 1-0 con Central Norte en Caseros, la dirigencia anunci\u00f3 que Andr\u00e9s Montenegro no iba [&hellip;]<\/p>\n","protected":false},"author":1,"featured_media":169568,"comment_status":"closed","ping_status":"closed","sticky":false,"template":"","format":"standard","meta":[],"categories":[21],"tags":[],"_links":{"self":[{"href":"http:\/\/cordobadirecto.com\/index.php\/wp-json\/wp\/v2\/posts\/169567"}],"collection":[{"href":"http:\/\/cordobadirecto.com\/index.php\/wp-json\/wp\/v2\/posts"}],"about":[{"href":"http:\/\/cordobadirecto.com\/index.php\/wp-json\/wp\/v2\/types\/post"}],"author":[{"embeddable":true,"href":"http:\/\/cordobadirecto.com\/index.php\/wp-json\/wp\/v2\/users\/1"}],"replies":[{"embeddable":true,"href":"http:\/\/cordobadirecto.com\/index.php\/wp-json\/wp\/v2\/comments?post=169567"}],"version-history":[{"count":0,"href":"http:\/\/cordobadirecto.com\/index.php\/wp-json\/wp\/v2\/posts\/169567\/revisions"}],"wp:featuredmedia":[{"embeddable":true,"href":"http:\/\/cordobadirecto.com\/index.php\/wp-json\/wp\/v2\/media\/169568"}],"wp:attachment":[{"href":"http:\/\/cordobadirecto.com\/index.php\/wp-json\/wp\/v2\/media?parent=169567"}],"wp:term":[{"taxonomy":"category","embeddable":true,"href":"http:\/\/cordobadirecto.com\/index.php\/wp-json\/wp\/v2\/categories?post=169567"},{"taxonomy":"post_tag","embeddable":true,"href":"http:\/\/cordobadirecto.com\/index.php\/wp-json\/wp\/v2\/tags?post=169567"}],"curies":[{"name":"wp","href":"https:\/\/api.w.org\/{rel}","templated":true}]}}