{"id":169665,"date":"2025-07-02T20:56:19","date_gmt":"2025-07-02T20:56:19","guid":{"rendered":"https:\/\/cordoba.gob.ar\/?p=79078"},"modified":"2025-07-02T20:56:19","modified_gmt":"2025-07-02T20:56:19","slug":"passerini-en-la-cumbre-mundial-de-economia-circular-la-realidad-no-se-niega-hay-que-transformarla","status":"publish","type":"post","link":"http:\/\/cordobadirecto.com\/index.php\/2025\/07\/02\/passerini-en-la-cumbre-mundial-de-economia-circular-la-realidad-no-se-niega-hay-que-transformarla\/","title":{"rendered":"Passerini en la Cumbre Mundial de Econom\u00eda Circular: \u201cLa realidad no se niega, hay que transformarla\u201d"},"content":{"rendered":"<div><img src=\"http:\/\/cordobadirecto.com\/wp-content\/uploads\/2025\/07\/passerini-en-la-cumbre-mundial-de-economia-circular-la-realidad-no-se-niega-hay-que-transformarla.jpg\" class=\"ff-og-image-inserted\"><\/div>\n<p>El intendente Daniel Passerini disert\u00f3 en la 5\u00b0 Cumbre Mundial de Econom\u00eda Circular, con la moderaci\u00f3n del experto chileno Cristian Guti\u00e9rrez Pangui, presidente del Directorio del Centro Regional de Crecimiento Verde y Cambio Clim\u00e1tico. El mandatario local se explay\u00f3 sobre las acciones que lleva adelante la Municipalidad de C\u00f3rdoba en materia ambiental, destacando los tres ejes de la gesti\u00f3n: Conectar, Integrar y Humanizar.<\/p>\n<p>En ese marco, se refiri\u00f3 a los pol\u00edticos negacionistas del cambio clim\u00e1tico y de la realidad actual: \u201cHoy, los que hacen mala praxis de la pol\u00edtica la bastardean y reniegan de las decisiones que hay que tomar: la realidad no se niega, hay que transformarla\u201d, sentenci\u00f3.<\/p>\n<p>Respecto a los avances de la ciudad y su visi\u00f3n como l\u00edder, el intendente Daniel Passerini destac\u00f3 la vinculaci\u00f3n desde el inicio de su gesti\u00f3n con los diversos sectores como las universidades, organizaciones, cooperativas y \u201ccon muchas entidades que se sent\u00edan durante muchos a\u00f1os por fuera del Estado\u201d.<\/p>\n<p>El mandatario local expres\u00f3 la importancia de esas instituciones al momento de definir acciones: \u201cNo tomamos ninguna decisi\u00f3n importante sin tener profundidad acad\u00e9mica, sin tener datos en la mano, sin tener fundamento cient\u00edfico y quiz\u00e1 esa impronta hizo que C\u00f3rdoba comenzar\u00e1 a generar liderazgo\u201d.<\/p>\n<p>En ese sentido, Passerini resalt\u00f3 el impulso de las \u00e1reas gubernamentales para visibilizar los nuevos modelos mundiales de progreso: \u201cSoy de los que cree en el Estado inteligente, eficiente y presente; y en la comunidad organizada. En C\u00f3rdoba el escenario demuestra que con liderazgo se pudieron construir cosas que hace 5 a\u00f1os no ten\u00edan inversi\u00f3n de recursos\u201d.<\/p>\n<p>Y finaliz\u00f3: \u201cEl liderazgo pol\u00edtico es claramente la herramienta fundamental en la construcci\u00f3n. Si la gente hubiera visto que nosotros \u00edbamos para cualquier lado, no nos hubiera seguido. Y obviamente, la gente no s\u00f3lo nos sigui\u00f3, sino que ratific\u00f3 la confianza. Este es el rumbo que tambi\u00e9n est\u00e1n eligiendo much\u00edsimos municipios. Con Mart\u00edn Llaryora tenemos una frase: Podemos pensar distinto, pero tenemos que trabajar juntos: eso est\u00e1 pasando en C\u00f3rdoba y ojal\u00e1 empiece a pasar en la Argentina.\u201d<\/p>\n","protected":false},"excerpt":{"rendered":"<p>El intendente Daniel Passerini disert\u00f3 en la 5\u00b0 Cumbre Mundial de Econom\u00eda Circular, con la moderaci\u00f3n del experto chileno Cristian Guti\u00e9rrez Pangui, presidente del Directorio del Centro Regional de Crecimiento Verde y Cambio Clim\u00e1tico. El mandatario local se explay\u00f3 sobre las acciones que lleva adelante la Municipalidad de C\u00f3rdoba en materia ambiental, destacando los tres [&hellip;]<\/p>\n","protected":false},"author":1,"featured_media":169666,"comment_status":"closed","ping_status":"closed","sticky":false,"template":"","format":"standard","meta":[],"categories":[44],"tags":[],"_links":{"self":[{"href":"http:\/\/cordobadirecto.com\/index.php\/wp-json\/wp\/v2\/posts\/169665"}],"collection":[{"href":"http:\/\/cordobadirecto.com\/index.php\/wp-json\/wp\/v2\/posts"}],"about":[{"href":"http:\/\/cordobadirecto.com\/index.php\/wp-json\/wp\/v2\/types\/post"}],"author":[{"embeddable":true,"href":"http:\/\/cordobadirecto.com\/index.php\/wp-json\/wp\/v2\/users\/1"}],"replies":[{"embeddable":true,"href":"http:\/\/cordobadirecto.com\/index.php\/wp-json\/wp\/v2\/comments?post=169665"}],"version-history":[{"count":0,"href":"http:\/\/cordobadirecto.com\/index.php\/wp-json\/wp\/v2\/posts\/169665\/revisions"}],"wp:featuredmedia":[{"embeddable":true,"href":"http:\/\/cordobadirecto.com\/index.php\/wp-json\/wp\/v2\/media\/169666"}],"wp:attachment":[{"href":"http:\/\/cordobadirecto.com\/index.php\/wp-json\/wp\/v2\/media?parent=169665"}],"wp:term":[{"taxonomy":"category","embeddable":true,"href":"http:\/\/cordobadirecto.com\/index.php\/wp-json\/wp\/v2\/categories?post=169665"},{"taxonomy":"post_tag","embeddable":true,"href":"http:\/\/cordobadirecto.com\/index.php\/wp-json\/wp\/v2\/tags?post=169665"}],"curies":[{"name":"wp","href":"https:\/\/api.w.org\/{rel}","templated":true}]}}