{"id":169667,"date":"2025-07-02T20:52:36","date_gmt":"2025-07-02T20:52:36","guid":{"rendered":"https:\/\/cordoba.gob.ar\/?p=79074"},"modified":"2025-07-02T20:52:36","modified_gmt":"2025-07-02T20:52:36","slug":"passerini-el-cambio-climatico-impacta-negativamente-en-la-calidad-de-vida-de-las-personas-y-nosotros-no-vamos-a-ser-indiferentes","status":"publish","type":"post","link":"http:\/\/cordobadirecto.com\/index.php\/2025\/07\/02\/passerini-el-cambio-climatico-impacta-negativamente-en-la-calidad-de-vida-de-las-personas-y-nosotros-no-vamos-a-ser-indiferentes\/","title":{"rendered":"Passerini: \u201cEl cambio clim\u00e1tico impacta negativamente en la calidad de vida de las personas y nosotros no vamos a ser indiferentes\u201d"},"content":{"rendered":"<div><img src=\"http:\/\/cordobadirecto.com\/wp-content\/uploads\/2025\/07\/passerini-el-cambio-climatico-impacta-negativamente-en-la-calidad-de-vida-de-las-personas-y-nosotros-no-vamos-a-ser-indiferentes.jpg\" class=\"ff-og-image-inserted\"><\/div>\n<ul>\n<li><strong>El intendente abri\u00f3 la Quinta Cumbre Mundial de Econom\u00eda Circular, en la segunda jornada de la Conferencia Clim\u00e1tica Internacional 2025.<\/strong><\/li>\n<\/ul>\n<hr>\n<p>El intendente Daniel Passerini rescat\u00f3 el valor humano de las acciones ambientales que realizan los gobiernos locales y provinciales, frente a las consecuencias del Cambio Clim\u00e1tico. Lo hizo durante la apertura de la Quinta Cumbre Mundial de Econom\u00eda Circular, que se desarrolla junto a la Primera Conferencia Clim\u00e1tica Internacional 2025.<\/p>\n<p>\u201cLa degradaci\u00f3n de la casa com\u00fan no puede ser separada de la degradaci\u00f3n de las personas\u201d, sostuvo Passerini en directa alusi\u00f3n a la visi\u00f3n humanista del papa Francisco respecto al cuidado de la casa com\u00fan y las personas.<\/p>\n<p>\u201cEl Cambio Clim\u00e1tico genera una enorme inequidad social y los lugares m\u00e1s degradados ambientalmente son los que tienen mayores \u00edndices de pobreza. Nosotros no vamos a ser indiferentes. El camino que iniciamos hace cinco a\u00f1os con Mart\u00edn Llaryora, tiene mucho sentido\u201d, fundament\u00f3 Passerini en referencia a las pol\u00edticas p\u00fablicas impulsadas en la ciudad y desde el gobierno provincial.<\/p>\n<p>Passerini rescat\u00f3 los m\u00faltiples hitos en la materia, tales como la transformaci\u00f3n del predio de enterramiento en Piedras Blancas en el actual Parque Industrial de Econom\u00eda Circular, la creaci\u00f3n de la Escuela Municipal de Econom\u00eda Circular y el Parque de la Biodiversidad. Record\u00f3 adem\u00e1s la incorporaci\u00f3n de colectivos impulsados a GNC y hasta la conformaci\u00f3n del Ente Metropolitano, que recientemente gestiona la creaci\u00f3n de un parque de energ\u00eda fotovoltaica con financiamiento supranacional.<\/p>\n<p>\u201cHay un concierto internacional con l\u00edderes pol\u00edticos que niegan el Cambio Clim\u00e1tico y toman decisiones de retirar a los pa\u00edses de compromisos asumidos. Nosotros no nos vamos a resignar a perder oportunidades\u201d, afirm\u00f3 Passerini mencionando el acuerdo de firmado este martes entre siete gobernadores y que luego ratificaron por su parte m\u00e1s de 100 intendentes de latinoamericanos.<\/p>\n<p>El objetivo: en la pr\u00f3xima COP23, buscar financiamiento internacional directo para acciones clim\u00e1ticas, dado el protagonismo de las ciudades y provincias en las acciones de mitigaci\u00f3n al cambio clim\u00e1tico.<\/p>\n","protected":false},"excerpt":{"rendered":"<p>El intendente abri\u00f3 la Quinta Cumbre Mundial de Econom\u00eda Circular, en la segunda jornada de la Conferencia Clim\u00e1tica Internacional 2025. El intendente Daniel Passerini rescat\u00f3 el valor humano de las acciones ambientales que realizan los gobiernos locales y provinciales, frente a las consecuencias del Cambio Clim\u00e1tico. Lo hizo durante la apertura de la Quinta Cumbre [&hellip;]<\/p>\n","protected":false},"author":1,"featured_media":169668,"comment_status":"closed","ping_status":"closed","sticky":false,"template":"","format":"standard","meta":[],"categories":[44],"tags":[],"_links":{"self":[{"href":"http:\/\/cordobadirecto.com\/index.php\/wp-json\/wp\/v2\/posts\/169667"}],"collection":[{"href":"http:\/\/cordobadirecto.com\/index.php\/wp-json\/wp\/v2\/posts"}],"about":[{"href":"http:\/\/cordobadirecto.com\/index.php\/wp-json\/wp\/v2\/types\/post"}],"author":[{"embeddable":true,"href":"http:\/\/cordobadirecto.com\/index.php\/wp-json\/wp\/v2\/users\/1"}],"replies":[{"embeddable":true,"href":"http:\/\/cordobadirecto.com\/index.php\/wp-json\/wp\/v2\/comments?post=169667"}],"version-history":[{"count":0,"href":"http:\/\/cordobadirecto.com\/index.php\/wp-json\/wp\/v2\/posts\/169667\/revisions"}],"wp:featuredmedia":[{"embeddable":true,"href":"http:\/\/cordobadirecto.com\/index.php\/wp-json\/wp\/v2\/media\/169668"}],"wp:attachment":[{"href":"http:\/\/cordobadirecto.com\/index.php\/wp-json\/wp\/v2\/media?parent=169667"}],"wp:term":[{"taxonomy":"category","embeddable":true,"href":"http:\/\/cordobadirecto.com\/index.php\/wp-json\/wp\/v2\/categories?post=169667"},{"taxonomy":"post_tag","embeddable":true,"href":"http:\/\/cordobadirecto.com\/index.php\/wp-json\/wp\/v2\/tags?post=169667"}],"curies":[{"name":"wp","href":"https:\/\/api.w.org\/{rel}","templated":true}]}}