{"id":169741,"date":"2025-07-03T21:05:17","date_gmt":"2025-07-03T21:05:17","guid":{"rendered":"https:\/\/www.ole.com.ar\/autos\/inminente-anuncio-alpine-nuevo-jefe-equipo-flavio-briatore_0_VH537DvkTw.html"},"modified":"2025-07-03T21:05:17","modified_gmt":"2025-07-03T21:05:17","slug":"el-inminente-anuncio-de-alpine-que-afecta-a-franco-colapinto-llega-un-nuevo-director-de-equipo","status":"publish","type":"post","link":"http:\/\/cordobadirecto.com\/index.php\/2025\/07\/03\/el-inminente-anuncio-de-alpine-que-afecta-a-franco-colapinto-llega-un-nuevo-director-de-equipo\/","title":{"rendered":"El inminente anuncio de Alpine que afecta a Franco Colapinto: llega un nuevo director de equipo"},"content":{"rendered":"<p><span class=\"createDate\">03\/07\/2025 18:05hs.<\/span><time class=\"modificatedDate\" datetime=\"2025-07-03T20:07:43-03:00\"> Actualizado al 03\/07\/2025 20:07hs.<\/time><\/p>\n<div id=\"storyBody\">\n<div class=\"custom-text \" readability=\"38.324607329843\">\n<p>Se viene un fin de semana movidito para <strong>Alpine<\/strong>, escuder\u00eda en la que &#8220;pasan cosas&#8221;. Despu\u00e9s de unos d\u00edas en los que el nombre de <strong><a href=\"https:\/\/www.ole.com.ar\/tema\/franco-colapinto.html\" title=\"Franco Colapinto\" alt=\"Franco Colapinto\" class=\"slug\">Franco Colapinto<\/a><\/strong> estuvo en escena,por un probable reemplazo (el peligro no se disip\u00f3, Valtteri Bottas sigue estando presente), la escuder\u00eda est\u00e1 lista para dar un anuncio clave, que afectar\u00e1 naturalmente al argentino. \u00bfPara bien? Se espera eso&#8230;<\/p>\n<\/div>\n<div class=\"custom-text \" readability=\"40\">\n<p>Probablemente este viernes, ya con los autos acelerando, o bien durante los otros dos d\u00edas de acci\u00f3n en Silverstone, <strong>Alpine anunciar\u00e1 a Steve Nielsen como nuevo director de equipo<\/strong>, funci\u00f3n que hasta este finde cumple <strong>Flavio Briatore<\/strong>, quien en realidad lleg\u00f3 el a\u00f1o pasado a la escuder\u00eda como asesor ejecutivo. El italiano se hizo cargo de la otra funci\u00f3n cuando <strong>Oliver Oakes<\/strong> decidi\u00f3 renunciar paralelamente al anuncio de Colapinto como reemplazo de Jack Doohan como piloto titular.<\/p>\n<\/div>\n<div class=\"sc-e7b891c4-0 ifHnQL image-embed\"><img alt=\"Franco Colapinto y Flavio Briatore.\" loading=\"lazy\" width=\"720\" height=\"100\" decoding=\"async\" data-nimg=\"1\" src=\"http:\/\/cordobadirecto.com\/wp-content\/uploads\/2025\/07\/el-inminente-anuncio-de-alpine-que-afecta-a-franco-colapinto-llega-un-nuevo-director-de-equipo.jpg\"><span class=\"epigraphe\">Franco Colapinto y Flavio Briatore.<\/span><\/div>\n<div class=\"custom-text \" readability=\"36\">\n<p>Desde Alpine se explic\u00f3 que el ex piloto daba un paso al costado para atender cuestiones familiares (tiene un hermano que en su momento sufr\u00eda problemas con la Justicia), aunque no falt\u00f3 quien especulara con que <strong>el enroque de novatos hab\u00eda sido la gota que colm\u00f3 un vaso del que el brit\u00e1nico no quer\u00eda beber m\u00e1s<\/strong>.<\/p>\n<\/div>\n<div class=\"custom-text \" readability=\"39\">\n<p>Nielsen llega en un momento ideal, ya que despu\u00e9s de esta 12\u00aa fecha de la F\u00f3rmula 1 en Silverstone, se vienen tres semanas de par\u00e9ntesis hasta la doble jornada siguiente, <strong>en B\u00e9lgica (27 de julio) y Hungr\u00eda (3 de agosto)<\/strong>, y luego una semana de vacaciones. As\u00ed que tiempo para tratar de enderezar la nave no le faltar\u00e1.<\/p>\n<\/div>\n<p><h2>Qui\u00e9n es Steve Nielsen, el nuevo director de equipo que tendr\u00e1 Alpine <\/h2>\n<\/p>\n<div class=\"custom-text \" readability=\"36\">\n<p>Brit\u00e1nico de 60 a\u00f1os, ex polic\u00eda y camionero, Nielsen es un ingeniero que trabaj\u00f3 largo en la F\u00f3rmula 1, con relaci\u00f3n cercana a Briatore. <\/p>\n<\/div>\n<div class=\"sc-e7b891c4-0 ifHnQL image-embed\"><img alt=\"Steve Nielsen.\" loading=\"lazy\" width=\"720\" height=\"100\" decoding=\"async\" data-nimg=\"1\" src=\"http:\/\/cordobadirecto.com\/wp-content\/uploads\/2025\/07\/el-inminente-anuncio-de-alpine-que-afecta-a-franco-colapinto-llega-un-nuevo-director-de-equipo-1.jpg\"><span class=\"epigraphe\">Steve Nielsen.<\/span><\/div>\n<div class=\"custom-text \" readability=\"43\">\n<p>El ingl\u00e9s comenz\u00f3 su carrera en la M\u00e1xima en 1986, en el departamento de pruebas y repuestos de Lotus. Luego pas\u00f3 por Tyrrell y Benetton, donde coincidi\u00f3 con Briatore, para despu\u00e9s seguir en Tyrrell, Honda y Arrows, tras lo cual regres\u00f3 con Briatore a Enstone <strong>(la escuder\u00eda pas\u00f3 a llamarse Renault en el 2002 y luego, Alpine en el 2021, siempre en la misma f\u00e1brica<\/strong>), para ser director deportivo del equipo hasta el 2009. <\/p>\n<\/div>\n<div class=\"custom-text \" readability=\"36\">\n<p>En 2012 se transform\u00f3 en director deportivo de Caterham hasta que se uni\u00f3 a Toro Rosso en 2013 y luego a Williams como responsable del box en el 2014. Luego se involucr\u00f3 con varios cargos en la federaci\u00f3n Internacional del Autom\u00f3vil, que fiscaliza a la F1, hasta ahora como consultor.<\/p>\n<\/div>\n<div class=\"sc-a7166897-0 eoLsBE\" readability=\"6\">\n<section readability=\"2\"><picture><img alt=\"Pierre Gasly y la dura realidad de Alpine para el GP de Silverstone\" loading=\"lazy\" width=\"290\" height=\"290\" decoding=\"async\" data-nimg=\"1\" src=\"http:\/\/cordobadirecto.com\/wp-content\/uploads\/2025\/07\/el-inminente-anuncio-de-alpine-que-afecta-a-franco-colapinto-llega-un-nuevo-director-de-equipo-2.jpg\"><\/picture>\n<p><span>Mir\u00e1 tambi\u00e9n<\/span><\/p>\n<hr>\n<h3>Pierre Gasly y la dura realidad de Alpine para el GP de Silverstone<\/h3>\n<\/p>\n<\/section>\n<\/div>\n<div class=\"sc-a7166897-0 eoLsBE\" readability=\"6.5\">\n<section readability=\"3\"><picture><img alt=\"Atentos a Franco Colapinto: qu\u00e9 dijo sobre los rumores de su reemplazo y por qu\u00e9 no ve bien a Alpine en Silverstone \" loading=\"lazy\" width=\"290\" height=\"290\" decoding=\"async\" data-nimg=\"1\" src=\"http:\/\/cordobadirecto.com\/wp-content\/uploads\/2025\/07\/el-inminente-anuncio-de-alpine-que-afecta-a-franco-colapinto-llega-un-nuevo-director-de-equipo-3.jpg\"><\/picture>\n<p><span>Mir\u00e1 tambi\u00e9n<\/span><\/p>\n<hr>\n<h3>Atentos a Franco Colapinto: qu\u00e9 dijo sobre los rumores de su reemplazo y por qu\u00e9 no ve bien a Alpine en Silverstone <\/h3>\n<\/p>\n<\/section>\n<\/div>\n<div class=\"sc-a7166897-0 eoLsBE\" readability=\"6.5\">\n<section readability=\"3\"><picture><img alt=\"La noticia que le asegura a Franco Colapinto al menos una carrera m\u00e1s en la F\u00f3rmula 1\" loading=\"lazy\" width=\"290\" height=\"290\" decoding=\"async\" data-nimg=\"1\" src=\"http:\/\/cordobadirecto.com\/wp-content\/uploads\/2025\/07\/el-inminente-anuncio-de-alpine-que-afecta-a-franco-colapinto-llega-un-nuevo-director-de-equipo-4.jpg\"><\/picture>\n<p><span>Mir\u00e1 tambi\u00e9n<\/span><\/p>\n<hr>\n<h3>La noticia que le asegura a Franco Colapinto al menos una carrera m\u00e1s en la F\u00f3rmula 1<\/h3>\n<\/p>\n<\/section>\n<\/div>\n<\/div>\n","protected":false},"excerpt":{"rendered":"<p>03\/07\/2025 18:05hs. Actualizado al 03\/07\/2025 20:07hs. Se viene un fin de semana movidito para Alpine, escuder\u00eda en la que &#8220;pasan cosas&#8221;. Despu\u00e9s de unos d\u00edas en los que el nombre de Franco Colapinto estuvo en escena,por un probable reemplazo (el peligro no se disip\u00f3, Valtteri Bottas sigue estando presente), la escuder\u00eda est\u00e1 lista para dar [&hellip;]<\/p>\n","protected":false},"author":1,"featured_media":169742,"comment_status":"closed","ping_status":"closed","sticky":false,"template":"","format":"standard","meta":[],"categories":[21],"tags":[],"_links":{"self":[{"href":"http:\/\/cordobadirecto.com\/index.php\/wp-json\/wp\/v2\/posts\/169741"}],"collection":[{"href":"http:\/\/cordobadirecto.com\/index.php\/wp-json\/wp\/v2\/posts"}],"about":[{"href":"http:\/\/cordobadirecto.com\/index.php\/wp-json\/wp\/v2\/types\/post"}],"author":[{"embeddable":true,"href":"http:\/\/cordobadirecto.com\/index.php\/wp-json\/wp\/v2\/users\/1"}],"replies":[{"embeddable":true,"href":"http:\/\/cordobadirecto.com\/index.php\/wp-json\/wp\/v2\/comments?post=169741"}],"version-history":[{"count":0,"href":"http:\/\/cordobadirecto.com\/index.php\/wp-json\/wp\/v2\/posts\/169741\/revisions"}],"wp:featuredmedia":[{"embeddable":true,"href":"http:\/\/cordobadirecto.com\/index.php\/wp-json\/wp\/v2\/media\/169742"}],"wp:attachment":[{"href":"http:\/\/cordobadirecto.com\/index.php\/wp-json\/wp\/v2\/media?parent=169741"}],"wp:term":[{"taxonomy":"category","embeddable":true,"href":"http:\/\/cordobadirecto.com\/index.php\/wp-json\/wp\/v2\/categories?post=169741"},{"taxonomy":"post_tag","embeddable":true,"href":"http:\/\/cordobadirecto.com\/index.php\/wp-json\/wp\/v2\/tags?post=169741"}],"curies":[{"name":"wp","href":"https:\/\/api.w.org\/{rel}","templated":true}]}}