{"id":169743,"date":"2025-07-03T20:34:17","date_gmt":"2025-07-03T20:34:17","guid":{"rendered":"https:\/\/www.ole.com.ar\/autos\/pierre-gasly-critico-alpine-declaraciones-gp-gran-bretana-silverstone-colapinto_0_WymDay2bqZ.html"},"modified":"2025-07-03T20:34:17","modified_gmt":"2025-07-03T20:34:17","slug":"pierre-gasly-y-la-dura-realidad-de-alpine-para-el-gp-de-silverstone","status":"publish","type":"post","link":"http:\/\/cordobadirecto.com\/index.php\/2025\/07\/03\/pierre-gasly-y-la-dura-realidad-de-alpine-para-el-gp-de-silverstone\/","title":{"rendered":"Pierre Gasly y la dura realidad de Alpine para el GP de Silverstone"},"content":{"rendered":"<p><span class=\"createDate\">03\/07\/2025 17:34hs.<\/span><time class=\"modificatedDate\" datetime=\"2025-07-03T17:40:34-03:00\"> Actualizado al 03\/07\/2025 17:40hs.<\/time><\/p>\n<div id=\"storyBody\">\n<div class=\"custom-text \" readability=\"35.668341708543\">\n<p><strong>El hist\u00f3rico circuito de Silverstone ya est\u00e1 listo para recibir la 12\u00aa fecha del calendario de la <a href=\"https:\/\/www.ole.com.ar\/tema\/formula-1.html\" target=\"_self\" title=\"F\u00f3rmula 1.\" alt=\"F\u00f3rmula 1.\" rel=\"noopener\">F\u00f3rmula 1.<\/a> <\/strong>Alpine, con <strong>Pierre Gasly y Franco Colapinto<\/strong> como titulares, viene de no sumar puntos en el <a href=\"https:\/\/www.ole.com.ar\/autos\/gp-austria-f1-vivo-horario-carrera-franco-colapinto_0_xuTDh1EF6g.html\" target=\"_self\" title=\"Gran Premio de Austria, \" alt=\"Gran Premio de Austria, \" rel=\"noopener\">Gran Premio de Austria, <\/a>lo que genera preocupaci\u00f3n por su rendimiento actual. En ese contexto, este jueves el franc\u00e9s <strong>se mostr\u00f3 muy cr\u00edtico y con pocas expectativas de cara al fin de semana.<\/strong><\/p>\n<\/div>\n<div class=\"custom-text \" readability=\"38\">\n<p><strong>Con un A525 que sigue mostrando un rendimiento muy flojo debido a la ausencia de nuevos paquetes de piezas para su desarrollo, <\/strong>los corredores tienen pocas herramientas para sumar unidades. El galo, el m\u00e1s experimentado de la dupla, aprovech\u00f3 la conferencia de prensa previa a las primeras pr\u00e1cticas para ser claro sobre qu\u00e9 resultados se pueden esperar en el GP de Gran Breta\u00f1a.<\/p>\n<\/div>\n<div class=\"sc-e7b891c4-0 ifHnQL image-embed\"><img alt=\"El Alpine de Pierre Gasly. (AP)\" loading=\"lazy\" width=\"720\" height=\"100\" decoding=\"async\" data-nimg=\"1\" src=\"http:\/\/cordobadirecto.com\/wp-content\/uploads\/2025\/07\/pierre-gasly-y-la-dura-realidad-de-alpine-para-el-gp-de-silverstone.jpg\"><span class=\"epigraphe\">El Alpine de Pierre Gasly. (AP)<\/span><\/div>\n<p><h2>Las palabras de Gasly: poca esperanza para Silverstone<\/h2>\n<\/p>\n<div class=\"custom-text \" readability=\"41\">\n<p><strong>Gasly comenz\u00f3 explicando<\/strong> por qu\u00e9 el coche rinde mejor en la clasificaci\u00f3n que en la carrera:<strong> &#8220;Con los neum\u00e1ticos nuevos, a veces podemos lograr un buen rendimiento, pero en condiciones de carrera, con mayor degradaci\u00f3n y temperatura, el auto no es competitivo durante todo el tramo. <\/strong>Cuando lleguemos a la clasificaci\u00f3n, es muy probable que quedemos eliminados en la Q1, eso pensamos la semana pasada. En la carrera hacemos nuestro mejor esfuerzo y esperamos que otros cometan errores para aprovecharlo&#8221;.<\/p>\n<\/div>\n<div class=\"custom-text \" readability=\"40\">\n<p><strong>\u201cEn la qualy siento que puedo sacarle mucho partido al coche. Obviamente, es dif\u00edcil de manejar y siento que lo estoy llevando al l\u00edmite. <\/strong>La semana pasada, en la Q3, no sali\u00f3 exactamente como esperaba en la \u00faltima vuelta. Pero eso es todo lo que podemos hacer; es la batalla que tenemos que enfrentar. No estamos en una buena posici\u00f3n en la zona media de la parrilla, as\u00ed que tendremos que arriesgar\u201d, agreg\u00f3 de inmediato.<\/p>\n<\/div>\n<div class=\"sc-e7b891c4-0 ifHnQL image-embed\"><img alt=\"Colapinto con el nuevo traje de carreras de Alpine especial para Silverstone.\n(REUTERS\/Jaimi Joy)\" loading=\"lazy\" width=\"720\" height=\"100\" decoding=\"async\" data-nimg=\"1\" src=\"http:\/\/cordobadirecto.com\/wp-content\/uploads\/2025\/07\/pierre-gasly-y-la-dura-realidad-de-alpine-para-el-gp-de-silverstone-1.jpg\"><span class=\"epigraphe\">Colapinto con el nuevo traje de carreras de Alpine especial para Silverstone.<br \/>\n(REUTERS\/Jaimi Joy)<\/span><\/div>\n<p><h3>Gasly no se muestra optimista para Silverstone ni para lo que queda del a\u00f1o<\/h3>\n<\/p>\n<div class=\"custom-text \" readability=\"41\">\n<p>Luego, el franc\u00e9s hizo un descargo sobre el rendimiento general del auto: <strong>\u201cEl a\u00f1o pasado sab\u00eda que, al final de la temporada, ten\u00eda un coche capaz de permitirme luchar por los puntos.<\/strong> Ahora, no estamos ni cerca de eso y somos m\u00e1s lentos que los autos contra los que competimos\u201d, contrast\u00f3 con la campa\u00f1a anterior, en la que termin\u00f3 10\u00ba con 42 puntos.<\/p>\n<\/div>\n<div class=\"custom-text \" readability=\"40\">\n<p><strong>\u201c\u00bfVamos a tener que luchar por terminar por encima del 10\u00ba puesto? S\u00ed. Algunos dir\u00e1n que no es posible y otros que s\u00ed\u201d, continu\u00f3 Gasly.<\/strong> \u201cEl a\u00f1o pasado, muchos ya nos hab\u00edan dado por perdidos mucho antes del final de la temporada, y logramos revertir la situaci\u00f3n. Si me piden una opini\u00f3n sincera, este a\u00f1o es un poco diferente&#8230;\u201d, agreg\u00f3 con determinaci\u00f3n.<\/p>\n<\/div>\n<div class=\"sc-e7b891c4-0 ifHnQL image-embed\"><img alt=\"As\u00ed lleg\u00f3 Gasly al paddock de la F1 en Silverstone, este jueves. +\n(REUTERS\/Jaimi Joy)\" loading=\"lazy\" width=\"720\" height=\"100\" decoding=\"async\" data-nimg=\"1\" src=\"http:\/\/cordobadirecto.com\/wp-content\/uploads\/2025\/07\/pierre-gasly-y-la-dura-realidad-de-alpine-para-el-gp-de-silverstone-2.jpg\"><span class=\"epigraphe\">As\u00ed lleg\u00f3 Gasly al paddock de la F1 en Silverstone, este jueves. +<br \/>\n(REUTERS\/Jaimi Joy)<\/span><\/div>\n<div class=\"custom-text \" readability=\"40\">\n<p><strong>Por \u00faltimo, habl\u00f3 sobre la decisi\u00f3n de Alpine de no invertir m\u00e1s en el desarrollo del auto<\/strong> y enfocarse en la temporada 2026: <strong>\u201cDesde el comienzo de la temporada, nos hemos centrado en 2026, algo que apoyo plenamente. <\/strong>Pero esto tambi\u00e9n significa que no hemos desarrollado este coche tanto como otros equipos, lo que nos ha puesto en aprietos este a\u00f1o. <strong>Sin embargo, esperamos volver con m\u00e1s fuerza el a\u00f1o que viene\u201d.<\/strong><\/p>\n<\/div>\n<p><h2>Qu\u00e9 dijo Colapinto y cu\u00e1ndo corre por el GP de Gran Breta\u00f1a<\/h2>\n<\/p>\n<div class=\"custom-text \" readability=\"33.333333333333\">\n<p><a href=\"https:\/\/www.ole.com.ar\/autos\/franco-colapinto-dijo-rumores-reemplazo-ve-alpine-silverstone_0_VTR187zyiL.html\" target=\"_self\" title=\"En medio de los rumores sobre una posible salida,\" alt=\"En medio de los rumores sobre una posible salida,\" rel=\"noopener\">En medio de los rumores sobre una posible salida,<\/a> <strong>Colapinto respald\u00f3 los dichos de Gasly <\/strong>y explic\u00f3 que es dif\u00edcil evaluar a un piloto con este auto (A525): \u201cNuestro objetivo es mejorar un poco el coche y sentirnos m\u00e1s c\u00f3modos. <strong>Cuando me den un auto top, ah\u00ed s\u00ed podremos evaluar mejor. Cuando no est\u00e9 haciendo el trabajo que esperan o no sume los puntos que se esperan, entonces veremos\u201d.<\/strong><\/p>\n<\/div>\n<div class=\"custom-text \" readability=\"40\">\n<p><strong>Por lo pronto, los pilotos de Alpine deber\u00e1n enfocarse en preparar de la mejor manera este fin de semana.<\/strong> El viernes tendr\u00e1n sus primeras dos pr\u00e1cticas, a las 8.30 y 12; el s\u00e1bado ser\u00e1 la tercera pr\u00e1ctica a las 7.30, seguida de la clasificaci\u00f3n a las 11, <strong>y el domingo la competencia culminar\u00e1 con la carrera, tambi\u00e9n a las 11.<\/strong><\/p>\n<\/div>\n<div class=\"sc-e7b891c4-0 ifHnQL image-embed\"><img alt=\"Colapinto ya est\u00e1 en SIlverstone para correr su 6\u00b0 carrera con los colores de Alpine. (REUTER)\" loading=\"lazy\" width=\"720\" height=\"100\" decoding=\"async\" data-nimg=\"1\" src=\"http:\/\/cordobadirecto.com\/wp-content\/uploads\/2025\/07\/pierre-gasly-y-la-dura-realidad-de-alpine-para-el-gp-de-silverstone-1.jpg\"><span class=\"epigraphe\">Colapinto ya est\u00e1 en SIlverstone para correr su 6\u00b0 carrera con los colores de Alpine. (REUTER)<\/span><\/div>\n<div class=\"sc-a7166897-0 eoLsBE\" readability=\"6\">\n<section readability=\"2\"><picture><img alt=\"Franco Colapinto y su extra\u00f1a paradoohan\" loading=\"lazy\" width=\"290\" height=\"290\" decoding=\"async\" data-nimg=\"1\" src=\"http:\/\/cordobadirecto.com\/wp-content\/uploads\/2025\/07\/pierre-gasly-y-la-dura-realidad-de-alpine-para-el-gp-de-silverstone-3.jpg\"><\/picture>\n<p><span>Mir\u00e1 tambi\u00e9n<\/span><\/p>\n<hr>\n<h3>Franco Colapinto y su extra\u00f1a paradoohan<\/h3>\n<\/p>\n<\/section>\n<\/div>\n<div class=\"sc-a7166897-0 eoLsBE\" readability=\"6\">\n<section readability=\"2\"><picture><img alt=\"Confirmado: Franco Colapinto corre en Silverstone... \u00bfy despu\u00e9s? \" loading=\"lazy\" width=\"290\" height=\"290\" decoding=\"async\" data-nimg=\"1\" src=\"http:\/\/cordobadirecto.com\/wp-content\/uploads\/2025\/07\/pierre-gasly-y-la-dura-realidad-de-alpine-para-el-gp-de-silverstone-4.jpg\"><\/picture>\n<p><span>Mir\u00e1 tambi\u00e9n<\/span><\/p>\n<hr>\n<h3>Confirmado: Franco Colapinto corre en Silverstone&#8230; \u00bfy despu\u00e9s? <\/h3>\n<\/p>\n<\/section>\n<\/div>\n<div class=\"sc-a7166897-0 eoLsBE\" readability=\"6.5\">\n<section readability=\"3\"><picture><img alt=\"La F\u00f3rmula 1 reconoci\u00f3 el inter\u00e9s de Alpine por Bottas: \u00bfqu\u00e9 pasar\u00e1 con Colapinto?\" loading=\"lazy\" width=\"290\" height=\"290\" decoding=\"async\" data-nimg=\"1\" src=\"http:\/\/cordobadirecto.com\/wp-content\/uploads\/2025\/07\/pierre-gasly-y-la-dura-realidad-de-alpine-para-el-gp-de-silverstone-5.jpg\"><\/picture>\n<p><span>Mir\u00e1 tambi\u00e9n<\/span><\/p>\n<hr>\n<h3>La F\u00f3rmula 1 reconoci\u00f3 el inter\u00e9s de Alpine por Bottas: \u00bfqu\u00e9 pasar\u00e1 con Colapinto?<\/h3>\n<\/p>\n<\/section>\n<\/div>\n<\/div>\n","protected":false},"excerpt":{"rendered":"<p>03\/07\/2025 17:34hs. Actualizado al 03\/07\/2025 17:40hs. El hist\u00f3rico circuito de Silverstone ya est\u00e1 listo para recibir la 12\u00aa fecha del calendario de la F\u00f3rmula 1. Alpine, con Pierre Gasly y Franco Colapinto como titulares, viene de no sumar puntos en el Gran Premio de Austria, lo que genera preocupaci\u00f3n por su rendimiento actual. En ese [&hellip;]<\/p>\n","protected":false},"author":1,"featured_media":169744,"comment_status":"closed","ping_status":"closed","sticky":false,"template":"","format":"standard","meta":[],"categories":[21],"tags":[],"_links":{"self":[{"href":"http:\/\/cordobadirecto.com\/index.php\/wp-json\/wp\/v2\/posts\/169743"}],"collection":[{"href":"http:\/\/cordobadirecto.com\/index.php\/wp-json\/wp\/v2\/posts"}],"about":[{"href":"http:\/\/cordobadirecto.com\/index.php\/wp-json\/wp\/v2\/types\/post"}],"author":[{"embeddable":true,"href":"http:\/\/cordobadirecto.com\/index.php\/wp-json\/wp\/v2\/users\/1"}],"replies":[{"embeddable":true,"href":"http:\/\/cordobadirecto.com\/index.php\/wp-json\/wp\/v2\/comments?post=169743"}],"version-history":[{"count":0,"href":"http:\/\/cordobadirecto.com\/index.php\/wp-json\/wp\/v2\/posts\/169743\/revisions"}],"wp:featuredmedia":[{"embeddable":true,"href":"http:\/\/cordobadirecto.com\/index.php\/wp-json\/wp\/v2\/media\/169744"}],"wp:attachment":[{"href":"http:\/\/cordobadirecto.com\/index.php\/wp-json\/wp\/v2\/media?parent=169743"}],"wp:term":[{"taxonomy":"category","embeddable":true,"href":"http:\/\/cordobadirecto.com\/index.php\/wp-json\/wp\/v2\/categories?post=169743"},{"taxonomy":"post_tag","embeddable":true,"href":"http:\/\/cordobadirecto.com\/index.php\/wp-json\/wp\/v2\/tags?post=169743"}],"curies":[{"name":"wp","href":"https:\/\/api.w.org\/{rel}","templated":true}]}}