{"id":169828,"date":"2025-07-04T19:25:05","date_gmt":"2025-07-04T19:25:05","guid":{"rendered":"https:\/\/www.ole.com.ar\/autos\/dijo-pierre-gasly-companero-franco-colapinto-silverstone-practicas-formula-1-gran-bretana_0_afY0cWmlKD.html"},"modified":"2025-07-04T19:25:05","modified_gmt":"2025-07-04T19:25:05","slug":"que-dijo-pierre-gasly-companero-de-colapinto-tras-las-practicas-de-la-f1-en-silverstone","status":"publish","type":"post","link":"http:\/\/cordobadirecto.com\/index.php\/2025\/07\/04\/que-dijo-pierre-gasly-companero-de-colapinto-tras-las-practicas-de-la-f1-en-silverstone\/","title":{"rendered":"Qu\u00e9 dijo Pierre Gasly, compa\u00f1ero de Colapinto, tras las pr\u00e1cticas de la F1 en Silverstone"},"content":{"rendered":"<p><time class=\"createDate\" datetime=\"2025-07-04T16:25:05-03:00\">04\/07\/2025 16:25hs.<\/time><\/p>\n<div id=\"storyBody\">\n<div class=\"custom-text \" readability=\"34.985200845666\">\n<p><strong><a href=\"https:\/\/www.ole.com.ar\/tema\/franco-colapinto.html\" title=\"Franco Colapinto\" alt=\"Franco Colapinto\" class=\"slug\">Franco Colapinto<\/a><\/strong> tuvo sensaciones positivas en <a href=\"https:\/\/www.ole.com.ar\/autos\/franco-colapinto-gp-gran-bretana-silverstone-vivo_0_GzBwXYbBO3.html\" target=\"_self\" title=\"el primer d\u00eda de actividad del GP de Gran Breta\u00f1a\" alt=\"el primer d\u00eda de actividad del GP de Gran Breta\u00f1a\" rel=\"noopener\">el primer d\u00eda de actividad del GP de Gran Breta\u00f1a<\/a>, como la certeza de que el auto gira a un ritmo competitivo en simulaciones de carrera, pero su compa\u00f1ero de equipo, <strong><a href=\"https:\/\/www.ole.com.ar\/tema\/pierre-gasly.html\" title=\"Pierre Gasly\" alt=\"Pierre Gasly\" class=\"slug\">Pierre Gasly<\/a><\/strong>, no se llev\u00f3 casi nada del viernes en Silverstone: adem\u00e1s de haber finalizado 19\u00b0 y 18\u00b0 en la FP1 y FP2, respectivamente, <strong>qued\u00f3 marcado por un despiste y un trompo<\/strong>. Despu\u00e9s de las sesiones, transmiti\u00f3 su frustraci\u00f3n en los micr\u00f3fonos.<\/p>\n<\/div>\n<div class=\"custom-text \" readability=\"42\">\n<p>&#8220;<strong>Ha sido un viernes muy dif\u00edcil para nosotros<\/strong>. Como equipo, trabajaremos duro juntos, ya que tenemos algunos problemas que corregir y necesitamos encontrar soluciones para obtener un mejor rendimiento&#8221;, comenz\u00f3 el franc\u00e9s. Colapinto dijo que, cuando el viento golpeaba a la m\u00e1quina, volv\u00eda a tener los mismos problemas de siempre. <strong>Pierre, en cambio, asegur\u00f3 que nunca le pas\u00f3 algo as\u00ed&#8230;<\/strong><\/p>\n<\/div>\n<div class=\"sc-e7b891c4-0 ifHnQL image-embed\"><img alt=\"Gasly buscar\u00e1 recuperar terreno el s\u00e1bado. (REUTERS\/Edgar Su)\" loading=\"lazy\" width=\"720\" height=\"100\" decoding=\"async\" data-nimg=\"1\" src=\"http:\/\/cordobadirecto.com\/wp-content\/uploads\/2025\/07\/que-dijo-pierre-gasly-companero-de-colapinto-tras-las-practicas-de-la-f1-en-silverstone.jpg\"><span class=\"epigraphe\">Gasly buscar\u00e1 recuperar terreno el s\u00e1bado. (REUTERS\/Edgar Su)<\/span><\/div>\n<div class=\"custom-text \" readability=\"39\">\n<p>&#8220;<strong>No se parece a nada que hayamos tenido en toda la temporada<\/strong>, pero s\u00e9 que lo superaremos y buscaremos las soluciones. Tenemos claro d\u00f3nde tenemos dificultades, principalmente en <strong>la alta velocidad y la falta de agarre<\/strong>. Nuestro objetivo es tener un mejor d\u00eda ma\u00f1ana y s\u00e9 que podemos lograrlo con la vista puesta en la clasificaci\u00f3n&#8221;, concluy\u00f3 Gasly, que tendr\u00e1 una sesi\u00f3n m\u00e1s antes de apretar el acelerador a fondo en la qualy.<\/p>\n<\/div>\n<p><h2>C\u00f3mo sigue el GP de Gran Breta\u00f1a para Colapinto y la F\u00f3rmula 1<\/h2>\n<\/p>\n<div class=\"custom-text \" readability=\"39\">\n<p>Antes de la clasificaci\u00f3n, que definir\u00e1 las posiciones de partida para la carrera del domingo, habr\u00e1 un tercer entrenamiento libre en el que los pilotos de Alpine intentar\u00e1n poner en pr\u00e1ctica lo aprendido en la noche del viernes. <strong>Esta sesi\u00f3n comenzar\u00e1 temprano, a las 7.30 de nuestro pa\u00eds, en tanto que la clasificaci\u00f3n ser\u00e1 a las 11.00<\/strong>. Toda la acci\u00f3n ser\u00e1 transmitida por Disney+ Premium.<\/p>\n<\/div>\n<div class=\"sc-a7166897-0 eoLsBE\" readability=\"6\">\n<section readability=\"2\"><picture><img alt=\"C\u00f3mo le fue a Franco Colapinto en las pr\u00e1cticas del GP de Gran Breta\u00f1a\" loading=\"lazy\" width=\"290\" height=\"290\" decoding=\"async\" data-nimg=\"1\" src=\"http:\/\/cordobadirecto.com\/wp-content\/uploads\/2025\/07\/que-dijo-pierre-gasly-companero-de-colapinto-tras-las-practicas-de-la-f1-en-silverstone-1.jpg\"><\/picture>\n<p><span>Mir\u00e1 tambi\u00e9n<\/span><\/p>\n<hr>\n<h3>C\u00f3mo le fue a Franco Colapinto en las pr\u00e1cticas del GP de Gran Breta\u00f1a<\/h3>\n<\/p>\n<\/section>\n<\/div>\n<div class=\"sc-a7166897-0 eoLsBE\" readability=\"7.5\">\n<section readability=\"5\"><picture><img alt=\"Franco Colapinto, entre el optimismo y las cosas por mejorar: &quot;Fue el mejor viernes, pero est\u00e1 siendo dif\u00edcil&quot;\" loading=\"lazy\" width=\"290\" height=\"290\" decoding=\"async\" data-nimg=\"1\" src=\"http:\/\/cordobadirecto.com\/wp-content\/uploads\/2025\/07\/que-dijo-pierre-gasly-companero-de-colapinto-tras-las-practicas-de-la-f1-en-silverstone-2.jpg\"><\/picture>\n<p><span>Mir\u00e1 tambi\u00e9n<\/span><\/p>\n<hr>\n<h3>Franco Colapinto, entre el optimismo y las cosas por mejorar: &#8220;Fue el mejor viernes, pero est\u00e1 siendo dif\u00edcil&#8221;<\/h3>\n<\/p>\n<\/section>\n<\/div>\n<div class=\"sc-a7166897-0 eoLsBE\" readability=\"6.5\">\n<section readability=\"3\"><picture><img alt=\"La preocupaci\u00f3n de Colapinto tras sus primeras pr\u00e1cticas en Silverstone: &quot;El viento nos afecta mucho&quot;\" loading=\"lazy\" width=\"290\" height=\"290\" decoding=\"async\" data-nimg=\"1\" src=\"http:\/\/cordobadirecto.com\/wp-content\/uploads\/2025\/07\/que-dijo-pierre-gasly-companero-de-colapinto-tras-las-practicas-de-la-f1-en-silverstone-3.jpg\"><\/picture>\n<p><span>Mir\u00e1 tambi\u00e9n<\/span><\/p>\n<hr>\n<h3>La preocupaci\u00f3n de Colapinto tras sus primeras pr\u00e1cticas en Silverstone: &#8220;El viento nos afecta mucho&#8221;<\/h3>\n<\/p>\n<\/section>\n<\/div>\n<div class=\"sc-a7166897-0 eoLsBE\" readability=\"6.5\">\n<section readability=\"3\"><picture><img alt=\"Mourinho dijo presente en la F\u00f3rmula 1: qu\u00e9 piloto le gusta y su visita al box de Ferrari\" loading=\"lazy\" width=\"290\" height=\"290\" decoding=\"async\" data-nimg=\"1\" src=\"http:\/\/cordobadirecto.com\/wp-content\/uploads\/2025\/07\/que-dijo-pierre-gasly-companero-de-colapinto-tras-las-practicas-de-la-f1-en-silverstone-4.jpg\"><\/picture>\n<p><span>Mir\u00e1 tambi\u00e9n<\/span><\/p>\n<hr>\n<h3>Mourinho dijo presente en la F\u00f3rmula 1: qu\u00e9 piloto le gusta y su visita al box de Ferrari<\/h3>\n<\/p>\n<\/section>\n<\/div>\n<div class=\"sc-a7166897-0 eoLsBE\" readability=\"7\">\n<section readability=\"4\"><picture><img alt=\"Qui\u00e9n es Arvid Lindblad, el prometedor piloto de 17 a\u00f1os que reemplaz\u00f3 a Tsunoda en la primera pr\u00e1ctica del GP de Gran Breta\u00f1a\" loading=\"lazy\" width=\"290\" height=\"290\" decoding=\"async\" data-nimg=\"1\" src=\"http:\/\/cordobadirecto.com\/wp-content\/uploads\/2025\/07\/que-dijo-pierre-gasly-companero-de-colapinto-tras-las-practicas-de-la-f1-en-silverstone-5.jpg\"><\/picture>\n<p><span>Mir\u00e1 tambi\u00e9n<\/span><\/p>\n<hr>\n<h3>Qui\u00e9n es Arvid Lindblad, el prometedor piloto de 17 a\u00f1os que reemplaz\u00f3 a Tsunoda en la primera pr\u00e1ctica del GP de Gran Breta\u00f1a<\/h3>\n<\/p>\n<\/section>\n<\/div>\n<\/div>\n","protected":false},"excerpt":{"rendered":"<p>04\/07\/2025 16:25hs. Franco Colapinto tuvo sensaciones positivas en el primer d\u00eda de actividad del GP de Gran Breta\u00f1a, como la certeza de que el auto gira a un ritmo competitivo en simulaciones de carrera, pero su compa\u00f1ero de equipo, Pierre Gasly, no se llev\u00f3 casi nada del viernes en Silverstone: adem\u00e1s de haber finalizado 19\u00b0 [&hellip;]<\/p>\n","protected":false},"author":1,"featured_media":169829,"comment_status":"closed","ping_status":"closed","sticky":false,"template":"","format":"standard","meta":[],"categories":[21],"tags":[],"_links":{"self":[{"href":"http:\/\/cordobadirecto.com\/index.php\/wp-json\/wp\/v2\/posts\/169828"}],"collection":[{"href":"http:\/\/cordobadirecto.com\/index.php\/wp-json\/wp\/v2\/posts"}],"about":[{"href":"http:\/\/cordobadirecto.com\/index.php\/wp-json\/wp\/v2\/types\/post"}],"author":[{"embeddable":true,"href":"http:\/\/cordobadirecto.com\/index.php\/wp-json\/wp\/v2\/users\/1"}],"replies":[{"embeddable":true,"href":"http:\/\/cordobadirecto.com\/index.php\/wp-json\/wp\/v2\/comments?post=169828"}],"version-history":[{"count":0,"href":"http:\/\/cordobadirecto.com\/index.php\/wp-json\/wp\/v2\/posts\/169828\/revisions"}],"wp:featuredmedia":[{"embeddable":true,"href":"http:\/\/cordobadirecto.com\/index.php\/wp-json\/wp\/v2\/media\/169829"}],"wp:attachment":[{"href":"http:\/\/cordobadirecto.com\/index.php\/wp-json\/wp\/v2\/media?parent=169828"}],"wp:term":[{"taxonomy":"category","embeddable":true,"href":"http:\/\/cordobadirecto.com\/index.php\/wp-json\/wp\/v2\/categories?post=169828"},{"taxonomy":"post_tag","embeddable":true,"href":"http:\/\/cordobadirecto.com\/index.php\/wp-json\/wp\/v2\/tags?post=169828"}],"curies":[{"name":"wp","href":"https:\/\/api.w.org\/{rel}","templated":true}]}}