{"id":169830,"date":"2025-07-05T00:00:56","date_gmt":"2025-07-05T00:00:56","guid":{"rendered":"https:\/\/www.ole.com.ar\/futbol-ascenso\/ascensoprimera-nacional-copa-argentina-san-lorenzo-quilmes-claves_0_ejkzhZOzlD.html"},"modified":"2025-07-05T00:00:56","modified_gmt":"2025-07-05T00:00:56","slug":"atencion-san-lorenzo-las-claves-de-quilmes-el-rival-de-copa-argentina","status":"publish","type":"post","link":"http:\/\/cordobadirecto.com\/index.php\/2025\/07\/05\/atencion-san-lorenzo-las-claves-de-quilmes-el-rival-de-copa-argentina\/","title":{"rendered":"Atenci\u00f3n, San Lorenzo: las claves de Quilmes, el rival de Copa Argentina"},"content":{"rendered":"<p><time class=\"createDate\" datetime=\"2025-07-04T19:48:42-03:00\">04\/07\/2025 19:48hs.<\/time><\/p>\n<div id=\"storyBody\">\n<div class=\"custom-text \" readability=\"33.835135135135\">\n<p><a href=\"https:\/\/www.ole.com.ar\/tema\/quilmes.html\" title=\"Quilmes\" alt=\"Quilmes\" class=\"slug\">Quilmes<\/a> no se encuentra en su mejor momento, es cierto. No logra ganar hace nueve partidos (la \u00faltima vez fue en abril versus Los Andes), <strong>est\u00e1 lejos del Reducido en la <a href=\"https:\/\/www.ole.com.ar\/tema\/primera-nacional.html\" title=\"Primera Nacional\" alt=\"Primera Nacional\" class=\"slug\">Primera Nacional<\/a> y cambi\u00f3 de det\u00e9: se fue <a href=\"https:\/\/www.ole.com.ar\/tema\/sergio-rondina.html\" title=\"Sergio Rondina\" alt=\"Sergio Rondina\" class=\"slug\">Sergio Rondina<\/a> y asumi\u00f3<a href=\"https:\/\/www.ole.com.ar\/tema\/aldo-duscher.html\" title=\"Aldo Duscher\" alt=\"Aldo Duscher\" class=\"slug\"> Aldo Duscher<\/a>. <\/strong>Adem\u00e1s, la llegada de algunos refuerzos como Juan Cruz Kaprof o Federico T\u00e9vez, renovaron las esperanzas en el Sur. <\/p>\n<\/div>\n<div class=\"custom-text \" readability=\"36.592592592593\">\n<p>Pero para empezar a cambiar la cara, este s\u00e1bado (16:45 en Lan\u00fas) se viene uno de esos partidos que, no solo ilusiona a los hinchas, sino que tambi\u00e9n pueden ser un gran envi\u00f3n animico para lo que resta del a\u00f1o:<strong> los 16avos de final de<a href=\"https:\/\/www.ole.com.ar\/tema\/copa-argentina.html\" title=\"Copa Argentina\" alt=\"Copa Argentina\" class=\"slug\"> Copa Argentina<\/a> ante <a href=\"https:\/\/www.ole.com.ar\/tema\/san-lorenzo.html\" title=\"San Lorenzo\" alt=\"San Lorenzo\" class=\"slug\">San Lorenzo<\/a>, <\/strong>un rival siempre complicado que tambi\u00e9n est\u00e1 renovado tras la salida de Miguel \u00c1ngel Russo y posterior asunci\u00f3n de Dami\u00e1n Ayude.<\/p>\n<\/div>\n<div class=\"sc-e7b891c4-0 ifHnQL image-embed\"><img alt=\"La presentaci\u00f3n de Duscher en Quilmes.\" loading=\"lazy\" width=\"720\" height=\"100\" decoding=\"async\" data-nimg=\"1\" src=\"http:\/\/cordobadirecto.com\/wp-content\/uploads\/2025\/07\/atencion-san-lorenzo-las-claves-de-quilmes-el-rival-de-copa-argentina.jpg\"><span class=\"epigraphe\">La presentaci\u00f3n de Duscher en Quilmes.<\/span><\/div>\n<p><h2><strong>Las claves de Quilmes<\/strong><\/h2>\n<\/p>\n<div class=\"custom-text \" readability=\"38\">\n<p>El Decano<strong> llega a esta instancia tras haber derrotado a Central C\u00f3rdoba de Santiago del Estero,<\/strong> campe\u00f3n vigente, por la m\u00ednima en el Julio C\u00e9sar Villagra por los 32avos de final de la edici\u00f3n 2025. Pero eso s\u00ed, desde ese momento hasta ahora, el equipo sufri\u00f3 altibajos y cambios. <\/p>\n<\/div>\n<div class=\"custom-text \" readability=\"37\">\n<p>En el estreno de Aldo Duscher, <strong>se espera que el Cervecero se plante con un 4-2-3-1, optando por un esquema equilibrado en ataque y defensa. <\/strong>Algo similar a lo que busc\u00f3 el Huevo Rondina en buena parte de su ciclo (aunque sobre el final cambi\u00f3), pero con varios int\u00e9rpretes distintos. <\/p>\n<\/div>\n<div class=\"custom-text \" readability=\"44\">\n<p>Claro, porque en el mano a mano copero, <strong>Quilmes no tendr\u00e1 a Fernando Torrent, habitual lateral derecho, ni Emmanuel Herrera, pieza clave en la ofensiva<\/strong>. Ambos quedaron desafectados por lesi\u00f3n. Adem\u00e1s, Leandro Allende, quien estuvo a un paso de ser transferido a San Lorenzo y generalmente ocupa el sector zurdo del mediocampo, est\u00e1 citado, aunque es duda por no haber entrenado a la par del grupo.<\/p>\n<\/div>\n<div class=\"custom-text \" readability=\"41\">\n<p>As\u00ed, el probable del conjunto del Nacional ser\u00eda con: Esteban Glellel; Sebasti\u00e1n Luna, Gabriel Aranda, Francisco Flores, Federico P\u00e9rez; Iv\u00e1n Ram\u00edrez, Enzo Kalinski; Camilo Machado, Marcos Rosetti, Mariano Mi\u00f1o; Oscar Belinetz.<\/p>\n<\/div>\n<div class=\"sc-e7b891c4-0 ifHnQL image-embed\"><img alt=\"Machado, h\u00e9roe contra Central C\u00f3rdoba, se perfila para ir de arranque (Prensa Quilmes)\" loading=\"lazy\" width=\"720\" height=\"100\" decoding=\"async\" data-nimg=\"1\" src=\"http:\/\/cordobadirecto.com\/wp-content\/uploads\/2025\/07\/atencion-san-lorenzo-las-claves-de-quilmes-el-rival-de-copa-argentina-1.jpg\"><span class=\"epigraphe\">Machado, h\u00e9roe contra Central C\u00f3rdoba, se perfila para ir de arranque (Prensa Quilmes)<\/span><\/div>\n<p><h2><strong>Sus antecedentes en Copa Argentina<\/strong><\/h2>\n<\/p>\n<div class=\"custom-text \" readability=\"36.498305084746\">\n<p>Tomando como referencia los pasos anteriores del Decano por la Copa Argentina, <strong>la mayor instancia alcanzada por el Cervecero fue en la edici\u00f3n del 2022 cuando lleg\u00f3 a los cuartos de final<\/strong>, en donde cay\u00f3 contra <a href=\"https:\/\/www.ole.com.ar\/tema\/boca-juniors.html\" title=\"Boca Juniors\" alt=\"Boca Juniors\" class=\"slug\">Boca<\/a> por 3-2. Adem\u00e1s, enreiteradas veces ha sabido llegar a octavos del certamen.<\/p>\n<\/div>\n<div class=\"sc-e7b891c4-0 ifHnQL image-embed\"><img alt=\"Boca vs Quilmes, por los cuartos de final de la Copa Argentina 2022.\" loading=\"lazy\" width=\"720\" height=\"100\" decoding=\"async\" data-nimg=\"1\" src=\"http:\/\/cordobadirecto.com\/wp-content\/uploads\/2025\/07\/atencion-san-lorenzo-las-claves-de-quilmes-el-rival-de-copa-argentina-2.jpg\"><span class=\"epigraphe\">Boca vs Quilmes, por los cuartos de final de la Copa Argentina 2022.<\/span><\/div>\n<div class=\"custom-text \" readability=\"37\">\n<p>A su vez, el \u00faltimo enfrentamiento ante el Cuervo se dio el 25 de marzo de 2017, por el campeonato local: <strong>el conjunto de Boedo gan\u00f3 por 3-0 <\/strong>gracias a los tantos de Ezequiel Cerutti (repite ma\u00f1ana en el 11 de CASLA), Ezequiel \u00c1vila y Nicol\u00e1s Blandi. <\/p>\n<\/div>\n<div class=\"sc-a7166897-0 eoLsBE\" readability=\"6.5\">\n<section readability=\"3\"><picture><img alt=\"\u00daltimos ajustes antes del debut: el Canalla y Central C\u00f3rdoba igualaron en dos amistosos\" loading=\"lazy\" width=\"290\" height=\"290\" decoding=\"async\" data-nimg=\"1\" src=\"http:\/\/cordobadirecto.com\/wp-content\/uploads\/2025\/07\/atencion-san-lorenzo-las-claves-de-quilmes-el-rival-de-copa-argentina-3.jpg\"><\/picture>\n<p><span>Mir\u00e1 tambi\u00e9n<\/span><\/p>\n<hr>\n<h3>\u00daltimos ajustes antes del debut: el Canalla y Central C\u00f3rdoba igualaron en dos amistosos<\/h3>\n<\/p>\n<\/section>\n<\/div>\n<div class=\"sc-a7166897-0 eoLsBE\" readability=\"6.5\">\n<section readability=\"3\"><picture><img alt=\"La preocupaci\u00f3n de Colapinto tras sus primeras pr\u00e1cticas en Silverstone: &quot;El viento nos afecta mucho&quot;\" loading=\"lazy\" width=\"290\" height=\"290\" decoding=\"async\" data-nimg=\"1\" src=\"http:\/\/cordobadirecto.com\/wp-content\/uploads\/2025\/07\/atencion-san-lorenzo-las-claves-de-quilmes-el-rival-de-copa-argentina-4.jpg\"><\/picture>\n<p><span>Mir\u00e1 tambi\u00e9n<\/span><\/p>\n<hr>\n<h3>La preocupaci\u00f3n de Colapinto tras sus primeras pr\u00e1cticas en Silverstone: &#8220;El viento nos afecta mucho&#8221;<\/h3>\n<\/p>\n<\/section>\n<\/div>\n<\/div>\n","protected":false},"excerpt":{"rendered":"<p>04\/07\/2025 19:48hs. Quilmes no se encuentra en su mejor momento, es cierto. No logra ganar hace nueve partidos (la \u00faltima vez fue en abril versus Los Andes), est\u00e1 lejos del Reducido en la Primera Nacional y cambi\u00f3 de det\u00e9: se fue Sergio Rondina y asumi\u00f3 Aldo Duscher. Adem\u00e1s, la llegada de algunos refuerzos como Juan [&hellip;]<\/p>\n","protected":false},"author":1,"featured_media":169831,"comment_status":"closed","ping_status":"closed","sticky":false,"template":"","format":"standard","meta":[],"categories":[21],"tags":[],"_links":{"self":[{"href":"http:\/\/cordobadirecto.com\/index.php\/wp-json\/wp\/v2\/posts\/169830"}],"collection":[{"href":"http:\/\/cordobadirecto.com\/index.php\/wp-json\/wp\/v2\/posts"}],"about":[{"href":"http:\/\/cordobadirecto.com\/index.php\/wp-json\/wp\/v2\/types\/post"}],"author":[{"embeddable":true,"href":"http:\/\/cordobadirecto.com\/index.php\/wp-json\/wp\/v2\/users\/1"}],"replies":[{"embeddable":true,"href":"http:\/\/cordobadirecto.com\/index.php\/wp-json\/wp\/v2\/comments?post=169830"}],"version-history":[{"count":0,"href":"http:\/\/cordobadirecto.com\/index.php\/wp-json\/wp\/v2\/posts\/169830\/revisions"}],"wp:featuredmedia":[{"embeddable":true,"href":"http:\/\/cordobadirecto.com\/index.php\/wp-json\/wp\/v2\/media\/169831"}],"wp:attachment":[{"href":"http:\/\/cordobadirecto.com\/index.php\/wp-json\/wp\/v2\/media?parent=169830"}],"wp:term":[{"taxonomy":"category","embeddable":true,"href":"http:\/\/cordobadirecto.com\/index.php\/wp-json\/wp\/v2\/categories?post=169830"},{"taxonomy":"post_tag","embeddable":true,"href":"http:\/\/cordobadirecto.com\/index.php\/wp-json\/wp\/v2\/tags?post=169830"}],"curies":[{"name":"wp","href":"https:\/\/api.w.org\/{rel}","templated":true}]}}