{"id":169890,"date":"2025-07-06T00:10:36","date_gmt":"2025-07-06T00:10:36","guid":{"rendered":"https:\/\/www.ole.com.ar\/futbol-ascenso\/ascenso_0_3pm5cLcz2t.html"},"modified":"2025-07-06T00:10:36","modified_gmt":"2025-07-06T00:10:36","slug":"san-miguel-de-la-fiesta-por-la-nueva-tribuna-al-empate-que-no-lo-acerca-a-la-cima","status":"publish","type":"post","link":"http:\/\/cordobadirecto.com\/index.php\/2025\/07\/06\/san-miguel-de-la-fiesta-por-la-nueva-tribuna-al-empate-que-no-lo-acerca-a-la-cima\/","title":{"rendered":"San Miguel, de la fiesta por la nueva tribuna al empate que no lo acerca a la cima"},"content":{"rendered":"<p><time class=\"createDate\" datetime=\"2025-07-05T18:43:39-03:00\">05\/07\/2025 18:43hs.<\/time><\/p>\n<div id=\"storyBody\">\n<div class=\"custom-text \" readability=\"34.42091152815\">\n<p>El cotill\u00f3n estuvo a la orden del d\u00eda. Nadie en Los Polvorines quiso perderse la inauguraci\u00f3n de la nueva cabecera. Sin embargo, la fiesta de <strong><a href=\"https:\/\/www.ole.com.ar\/tema\/san-miguel.html\" title=\"San Miguel\" alt=\"San Miguel\" class=\"slug\">San Miguel<\/a><\/strong> no pudo ser completa. Es que<strong> igual\u00f3 frente a <a href=\"https:\/\/www.ole.com.ar\/tema\/deportivo-madryn.html\" title=\"Deportivo Madryn\" alt=\"Deportivo Madryn\" class=\"slug\">Deportivo Madryn <\/a><\/strong>y dej\u00f3 pasar la oportunidad de alcanzar a San Mart\u00edn de Tucum\u00e1n y de quedar a apenas un puntito de Atlanta, el \u00fanico l\u00edder de la Zona A del Nacional.<\/p>\n<\/div>\n<div class=\"sc-e7b891c4-0 ifHnQL image-embed\"><img alt=\"Todo el plantel del Trueno con la nueva popular de fondo. (Foto: Prensa San Miguel)\" loading=\"lazy\" width=\"720\" height=\"100\" decoding=\"async\" data-nimg=\"1\" src=\"http:\/\/cordobadirecto.com\/wp-content\/uploads\/2025\/07\/san-miguel-de-la-fiesta-por-la-nueva-tribuna-al-empate-que-no-lo-acerca-a-la-cima.jpg\"><span class=\"epigraphe\">Todo el plantel del Trueno con la nueva popular de fondo. (Foto: Prensa San Miguel)<\/span><\/div>\n<div class=\"custom-text \" readability=\"40\">\n<p>El Trueno Verde comenz\u00f3 mejor y logr\u00f3 plasmarlo en el resultado. <strong>Sebasti\u00e1n Corda<\/strong>, uno de los refuerzos para esta parte del torneo, <strong>meti\u00f3 un bombazo de derecha -su pierna menos h\u00e1bil- para ponerse en ventaja<\/strong>. Pero en el cierre del primer tiempo,<strong> Alejandro Guti\u00e9rrez<\/strong> meti\u00f3 un cabezazo que, con la ayuda de Iv\u00e1n Antunez, <strong>consigui\u00f3 el empate <\/strong>para que el Aurinegro estire su buen momento en el torneo (siete sin perder y en zona de Reducido).<\/p>\n<\/div>\n<div class=\"custom-text \" readability=\"32.506329113924\">\n<p>Por otra parte,<strong> <a href=\"https:\/\/www.ole.com.ar\/tema\/almagro.html\" title=\"Almagro\" alt=\"Almagro\" class=\"slug\">Almagro <\/a><\/strong>entr\u00f3 en un baj\u00f3n an\u00edmico del que no puede salir. <strong>Cay\u00f3 por 1-0 con <a href=\"https:\/\/www.ole.com.ar\/tema\/deportivo-maipu.html\" title=\"Deportivo Maipu\" alt=\"Deportivo Maipu\" class=\"slug\">Deportivo Maip\u00fa<\/a><\/strong> en Jos\u00e9 Ingenieros y sum\u00f3 su tercera derrota consecutiva, ya que ven\u00eda de tropezar con Trist\u00e1n Su\u00e1rez y Gimnasia y Tiro.<\/p>\n<\/div>\n<div class=\"custom-text \" readability=\"33.333333333333\">\n<p>Adem\u00e1s,<strong> <a href=\"https:\/\/www.ole.com.ar\/tema\/los-andes.html\" title=\"Los Andes\" alt=\"Los Andes\" class=\"slug\">Los Andes<\/a> no supo sacar provecho de la local\u00eda e igual\u00f3 0-0 con <a href=\"https:\/\/www.ole.com.ar\/tema\/colegiales.html\" title=\"Colegiales\" alt=\"Colegiales\" class=\"slug\">Colegiales<\/a><\/strong>, en duelo de equipo que buscan despegarse del fondo. Y <a href=\"https:\/\/www.ole.com.ar\/tema\/san-telmo.html\" title=\"San Telmo\" alt=\"San Telmo\" class=\"slug\">San Telmo<\/a>, con superioridad num\u00e9rica, perdi\u00f3 de manera ag\u00f3nica con Estudiantes (RC).<\/p>\n<\/div>\n<div class=\"sc-a7166897-0 eoLsBE\" readability=\"6.5\">\n<section readability=\"3\"><picture><img alt=\"Gonzalo Garc\u00eda igual\u00f3 a Di Mar\u00eda y se convirti\u00f3 en el m\u00e1ximo goleador del Mundial de Clubes: \u00bfc\u00f3mo qued\u00f3 la tabla?\" loading=\"lazy\" width=\"290\" height=\"290\" decoding=\"async\" data-nimg=\"1\" src=\"http:\/\/cordobadirecto.com\/wp-content\/uploads\/2025\/07\/san-miguel-de-la-fiesta-por-la-nueva-tribuna-al-empate-que-no-lo-acerca-a-la-cima-1.jpg\"><\/picture>\n<p><span>Mir\u00e1 tambi\u00e9n<\/span><\/p>\n<hr>\n<h3>Gonzalo Garc\u00eda igual\u00f3 a Di Mar\u00eda y se convirti\u00f3 en el m\u00e1ximo goleador del Mundial de Clubes: \u00bfc\u00f3mo qued\u00f3 la tabla?<\/h3>\n<\/p>\n<\/section>\n<\/div>\n<div class=\"sc-a7166897-0 eoLsBE\" readability=\"6.5\">\n<section readability=\"3\"><picture><img alt=\"Se dio a conocer el parte m\u00e9dico de Musiala: \u00bfqu\u00e9 lesi\u00f3n tiene y cu\u00e1nto tiempo estar\u00e1 sin jugar?\" loading=\"lazy\" width=\"290\" height=\"290\" decoding=\"async\" data-nimg=\"1\" src=\"http:\/\/cordobadirecto.com\/wp-content\/uploads\/2025\/07\/san-miguel-de-la-fiesta-por-la-nueva-tribuna-al-empate-que-no-lo-acerca-a-la-cima-2.jpg\"><\/picture>\n<p><span>Mir\u00e1 tambi\u00e9n<\/span><\/p>\n<hr>\n<h3>Se dio a conocer el parte m\u00e9dico de Musiala: \u00bfqu\u00e9 lesi\u00f3n tiene y cu\u00e1nto tiempo estar\u00e1 sin jugar?<\/h3>\n<\/p>\n<\/section>\n<\/div>\n<div class=\"sc-a7166897-0 eoLsBE\" readability=\"6\">\n<section readability=\"2\"><picture><img alt=\"Alerta Independiente: Real Oviedo blanque\u00f3 el inter\u00e9s por Lom\u00f3naco\" loading=\"lazy\" width=\"290\" height=\"290\" decoding=\"async\" data-nimg=\"1\" src=\"http:\/\/cordobadirecto.com\/wp-content\/uploads\/2025\/07\/san-miguel-de-la-fiesta-por-la-nueva-tribuna-al-empate-que-no-lo-acerca-a-la-cima-3.jpg\"><\/picture>\n<p><span>Mir\u00e1 tambi\u00e9n<\/span><\/p>\n<hr>\n<h3>Alerta Independiente: Real Oviedo blanque\u00f3 el inter\u00e9s por Lom\u00f3naco<\/h3>\n<\/p>\n<\/section>\n<\/div>\n<\/div>\n","protected":false},"excerpt":{"rendered":"<p>05\/07\/2025 18:43hs. El cotill\u00f3n estuvo a la orden del d\u00eda. Nadie en Los Polvorines quiso perderse la inauguraci\u00f3n de la nueva cabecera. Sin embargo, la fiesta de San Miguel no pudo ser completa. Es que igual\u00f3 frente a Deportivo Madryn y dej\u00f3 pasar la oportunidad de alcanzar a San Mart\u00edn de Tucum\u00e1n y de quedar [&hellip;]<\/p>\n","protected":false},"author":1,"featured_media":169891,"comment_status":"closed","ping_status":"closed","sticky":false,"template":"","format":"standard","meta":[],"categories":[21],"tags":[],"_links":{"self":[{"href":"http:\/\/cordobadirecto.com\/index.php\/wp-json\/wp\/v2\/posts\/169890"}],"collection":[{"href":"http:\/\/cordobadirecto.com\/index.php\/wp-json\/wp\/v2\/posts"}],"about":[{"href":"http:\/\/cordobadirecto.com\/index.php\/wp-json\/wp\/v2\/types\/post"}],"author":[{"embeddable":true,"href":"http:\/\/cordobadirecto.com\/index.php\/wp-json\/wp\/v2\/users\/1"}],"replies":[{"embeddable":true,"href":"http:\/\/cordobadirecto.com\/index.php\/wp-json\/wp\/v2\/comments?post=169890"}],"version-history":[{"count":0,"href":"http:\/\/cordobadirecto.com\/index.php\/wp-json\/wp\/v2\/posts\/169890\/revisions"}],"wp:featuredmedia":[{"embeddable":true,"href":"http:\/\/cordobadirecto.com\/index.php\/wp-json\/wp\/v2\/media\/169891"}],"wp:attachment":[{"href":"http:\/\/cordobadirecto.com\/index.php\/wp-json\/wp\/v2\/media?parent=169890"}],"wp:term":[{"taxonomy":"category","embeddable":true,"href":"http:\/\/cordobadirecto.com\/index.php\/wp-json\/wp\/v2\/categories?post=169890"},{"taxonomy":"post_tag","embeddable":true,"href":"http:\/\/cordobadirecto.com\/index.php\/wp-json\/wp\/v2\/tags?post=169890"}],"curies":[{"name":"wp","href":"https:\/\/api.w.org\/{rel}","templated":true}]}}