{"id":169903,"date":"2025-07-06T12:40:18","date_gmt":"2025-07-06T12:40:18","guid":{"rendered":"https:\/\/cordoba.gob.ar\/?p=79161"},"modified":"2025-07-06T12:40:18","modified_gmt":"2025-07-06T12:40:18","slug":"estos-son-los-galardonados-de-la-33-edicion-de-los-premios-jeronimo","status":"publish","type":"post","link":"http:\/\/cordobadirecto.com\/index.php\/2025\/07\/06\/estos-son-los-galardonados-de-la-33-edicion-de-los-premios-jeronimo\/","title":{"rendered":"Estos son los galardonados de la 33\u00b0 edici\u00f3n de los Premios Jer\u00f3nimo"},"content":{"rendered":"<div><img src=\"http:\/\/cordobadirecto.com\/wp-content\/uploads\/2025\/07\/estos-son-los-galardonados-de-la-33-edicion-de-los-premios-jeronimo.jpg\" class=\"ff-og-image-inserted\"><\/div>\n<p>Este s\u00e1bado por la noche el intendente de la ciudad de C\u00f3rdoba, Daniel Passerini, hizo entrega de los Premios Jer\u00f3nimo, en reconocimiento a la actuaci\u00f3n de vecinos, vecinas y organizaciones que a diario refundan la ciudad con acciones solidarias, con su aporte cultural o cient\u00edfico y que impulsan el desarrollo de la ciudad.<\/p>\n<p>El evento se realiz\u00f3 en el recuperado Teatro Comedia, dando comienzo a los festejos para conmemorar el aniversario de C\u00f3rdoba Capital.<\/p>\n<p>Durante la 33\u00b0 edici\u00f3n de la entrega de los reconocimientos, Passerini expres\u00f3: \u00abHoy son reconocidas personas e instituciones que representan los valores y caracter\u00edsticas de C\u00f3rdoba, un lugar donde la educaci\u00f3n y salud p\u00fablica de calidad han generado profesionales que nos distinguen en el mundo y que hacen que La Docta sea m\u00e1s humana, m\u00e1s justa y m\u00e1s inclusiva\u00bb.<\/p>\n<p>La velada comenz\u00f3 con el himno Nacional Argentino entonado por Silvia Lallana, acompa\u00f1ada por cordobeses que defendieron la Patria en la Guerra de Malvinas. Posteriormente se hizo presente Fuerza Mayor, grupo de tambores integrado por adultos mayores de entre 60 y 88 a\u00f1os.<\/p>\n<p>Adem\u00e1s se vivi\u00f3 un momento emotivo en donde la C\u00f3rdoba de hoy le habla a Jer\u00f3nimo Luis de Cabrera.<\/p>\n<p><strong>Estos son uno por uno los galardonados:<\/strong><\/p>\n<p><strong>Escuela de Canotaje C\u00f3rdoba:<\/strong> fundada en 2014 por Oscar Quiroga, dicta clases de canotaje acercando un conocimiento te\u00f3rico-pr\u00e1ctico dirigido a la poblaci\u00f3n en general, llevando este deporte a sectores que antes no ten\u00edan acceso. Fueron reconocidos por la Municipalidad de C\u00f3rdoba como Guardianes del Lago del Parque Sarmiento.<\/p>\n<p><strong>Fernando Choque Huanca:<\/strong> se coron\u00f3 campe\u00f3n de la Olimpiada de Matem\u00e1tica Provincial \u00d1and\u00fa 2024. Es estudiante de la escuela Municipal Carlos Fern\u00e1ndez Ordo\u00f1ez. Tiene menciones honor\u00edficas en las instancias Nacionales, en la edici\u00f3n anterior obtuvo el subcampeonato provincial.<\/p>\n<p><strong>DAIA C\u00f3rdoba-90 a\u00f1os:<\/strong> La delegaci\u00f3n de Asociaciones Israelitas Argentinas fue fundada en 1935 con el objetivo primordial de luchar contra el antiesemitismo y velar por la seguridad de sus integrantes e instituciones. Su creaci\u00f3n fue impulsada por la necesidad de responder a episodios jude\u00f3fobos ya existentes.<\/p>\n<p><strong>Colegio de Abogados-100 a\u00f1os:<\/strong> Desde 1925 defiende el trabajo profesional de sus matriculaciones y colaborando para un mejor servicio de justicia. Esta organizaci\u00f3n cordobesa capacita a sus abogadas y abogados en las nuevas tecnolog\u00edas como la inteligencia artificial y diplomaturas en conjunto con la Corte Suprema de Justicia de la Naci\u00f3n y el Poder Judicial Provincial.<\/p>\n<p><strong>Germ\u00e1n Ar\u00e9valo:<\/strong> nadador cordob\u00e9s que participa en nataci\u00f3n adaptada para deportistas con discapacidad. Ar\u00e9valo es conocido por su participaci\u00f3n en los Juegos Paral\u00edmpicos de Par\u00eds 2024, donde logr\u00f3 obtener su diploma en 100 metros pecho.<\/p>\n<p><strong>Consejo Pastoral Evang\u00e9lico:<\/strong> Este consejo nuclea y re\u00fane diferentes credos e iglesias para conservar la armon\u00eda y trabajar de manera mancomunada en pos del respeto, la bondad y amplitud.<\/p>\n<p><strong>La Calesita de la Historia:<\/strong> recorre los barrios de la ciudad, resaltando la figura de sus calles, personajes y vecinos destacados. Cada rinc\u00f3n de C\u00f3rdoba tiene una historia digna de ser contada y La Calesita de la Historia lo hace de manera novedosa.<\/p>\n<p><strong>Dr. Rogelio Pizzi:<\/strong> m\u00e9dico cirujano egresado de la Universidad Nacional de C\u00f3rdoba, cuenta con un Mag\u00edster en Salud P\u00fablica, profesor asociado en la Facultad de Ciencias M\u00e9dicas de la UNC. El Dr. Pizzi cuenta con una vasta trayectoria en salud p\u00fablica y es un destacado acad\u00e9mico.<\/p>\n<p><strong>Las Murci\u00e9lagas: <\/strong>Orgullo argentino del f\u00fatbol femenino para ciegas. Este equipo no s\u00f3lo se ha destacado en el \u00e1mbito deportivo, sino tambi\u00e9n simboliza la inclusi\u00f3n y la lucha por los derechos de las mujeres con discapacidad.<\/p>\n<p><strong>Ana Mar\u00eda Tonnelier:<\/strong> Licenciada en Trabajo Social, ex docente universitaria, ha sido formadora de Pol\u00edticas P\u00fablicas en infancia, vejez y adicciones.<\/p>\n<p><strong>Armando Andruet:<\/strong> Presidente de la Academia Nacional del Derecho y Ciencias Sociales, se desempe\u00f1a como profesor titular de Filosof\u00eda del Derecho en la Facultad de Derecho de la Universidad Cat\u00f3lica de Cobos y es el presidente del Tribunal de \u00c9tica Judicial.<\/p>\n<p><strong>Asociaci\u00f3n J\u00f3venes por el Arte y la Cultura:<\/strong> Pedro Cacho Pi\u00f1a, compositor y m\u00fasico, y Maria Alejandra Macia, cantante y profesora, de m\u00fasica, desarrollaron actividades creativas a trav\u00e9s de la m\u00fasica para fortalecer territorios y acercar a j\u00f3venes y ni\u00f1os al arte.<\/p>\n<p><strong>David Eli:<\/strong> es un emprendedor que desde hace 30 a\u00f1os est\u00e1 en la organizaci\u00f3n de eventos deportivos automovil\u00edsticos, es coordinador general del Rally y Traves\u00eda en la Ruta 40 entre otros.<\/p>\n<p><strong>Gustavo Maldini:<\/strong> compositor y director cordob\u00e9s, se desempe\u00f1\u00f3 frente a diversidad de coros en Argentina, Estados Unidos, Espa\u00f1a, Francia y Eslovaquia. Es director de talleres de m\u00fasica \u00e9tnica y folkl\u00f3rica.<\/p>\n<p><strong>Dr. Pablo Massari: <\/strong>profesor de medicina y director de la carrera de posgrado en Nefrolog\u00eda en la Universidad Cat\u00f3lica de C\u00f3rdoba; integra el Servicio de Nefrolog\u00eda y Trasplantes Renales del Hospital Privado. Abraz\u00f3 la Nefrolog\u00eda desde que era un joven estudiante de Medicina.<\/p>\n<p><strong>Celeste Giachetta:<\/strong> destacada activista trans, psic\u00f3loga y comunicadora; es diplomada en Derechos Humanos y Diversidad Sexual; supervisora de ECOFEM (Centro de Recuperaci\u00f3n de Materiales Reciclables) que promueve la inclusi\u00f3n laboral de mujeres y personas de identidades diversas.<\/p>\n<p><strong>Los Teros:<\/strong> son la Selecci\u00f3n Argentina de Amputados y se formaron entre 2010 y 2011. Son en su mayor\u00eda personas amputadas de una pierna, m\u00e1s un arquero que solo cuenta con la movilidad de un solo brazo. Casi todos de ellos sufrieron accidentes de tr\u00e1nsito; cordobeses que pensaron que ya no pod\u00edan volver a jugar al f\u00fatbol y encontraron esta gran esperanza para volver a levantarse.i<\/p>\n<p>IN MEMORIAM:<\/p>\n<p><strong>Pablo Dellatorre:<\/strong> Fue el precursor en los nuevos Polos Gastron\u00f3micos de la ciudad de C\u00f3rdoba. Con su estilo reciclado se convirti\u00f3 en el responsable de la est\u00e9tica de muchos de los m\u00e1s exitosos restaurantes de C\u00f3rdoba. \u00c9l no dec\u00eda que era arquitecto sino un artista.<\/p>\n","protected":false},"excerpt":{"rendered":"<p>Este s\u00e1bado por la noche el intendente de la ciudad de C\u00f3rdoba, Daniel Passerini, hizo entrega de los Premios Jer\u00f3nimo, en reconocimiento a la actuaci\u00f3n de vecinos, vecinas y organizaciones que a diario refundan la ciudad con acciones solidarias, con su aporte cultural o cient\u00edfico y que impulsan el desarrollo de la ciudad. El evento [&hellip;]<\/p>\n","protected":false},"author":1,"featured_media":169904,"comment_status":"closed","ping_status":"closed","sticky":false,"template":"","format":"standard","meta":[],"categories":[44],"tags":[],"_links":{"self":[{"href":"http:\/\/cordobadirecto.com\/index.php\/wp-json\/wp\/v2\/posts\/169903"}],"collection":[{"href":"http:\/\/cordobadirecto.com\/index.php\/wp-json\/wp\/v2\/posts"}],"about":[{"href":"http:\/\/cordobadirecto.com\/index.php\/wp-json\/wp\/v2\/types\/post"}],"author":[{"embeddable":true,"href":"http:\/\/cordobadirecto.com\/index.php\/wp-json\/wp\/v2\/users\/1"}],"replies":[{"embeddable":true,"href":"http:\/\/cordobadirecto.com\/index.php\/wp-json\/wp\/v2\/comments?post=169903"}],"version-history":[{"count":0,"href":"http:\/\/cordobadirecto.com\/index.php\/wp-json\/wp\/v2\/posts\/169903\/revisions"}],"wp:featuredmedia":[{"embeddable":true,"href":"http:\/\/cordobadirecto.com\/index.php\/wp-json\/wp\/v2\/media\/169904"}],"wp:attachment":[{"href":"http:\/\/cordobadirecto.com\/index.php\/wp-json\/wp\/v2\/media?parent=169903"}],"wp:term":[{"taxonomy":"category","embeddable":true,"href":"http:\/\/cordobadirecto.com\/index.php\/wp-json\/wp\/v2\/categories?post=169903"},{"taxonomy":"post_tag","embeddable":true,"href":"http:\/\/cordobadirecto.com\/index.php\/wp-json\/wp\/v2\/tags?post=169903"}],"curies":[{"name":"wp","href":"https:\/\/api.w.org\/{rel}","templated":true}]}}