{"id":169905,"date":"2025-07-06T17:02:58","date_gmt":"2025-07-06T17:02:58","guid":{"rendered":"http:\/\/cordobadirecto.com\/index.php\/2025\/07\/06\/estudiantes-repudiaron-la-presencia-de-de-loredo-en-la-universidad-de-cordoba-tras-el-ancasti\/"},"modified":"2025-07-06T17:02:58","modified_gmt":"2025-07-06T17:02:58","slug":"estudiantes-repudiaron-la-presencia-de-de-loredo-en-la-universidad-de-cordoba-tras-el-ancasti","status":"publish","type":"post","link":"http:\/\/cordobadirecto.com\/index.php\/2025\/07\/06\/estudiantes-repudiaron-la-presencia-de-de-loredo-en-la-universidad-de-cordoba-tras-el-ancasti\/","title":{"rendered":"Estudiantes repudiaron la presencia de De Loredo en la universidad de <b>C\u00f3rdoba<\/b> tras &#8230; &#8211; El Ancasti"},"content":{"rendered":"<p>El diputado radical particip\u00f3 de un acto pol\u00edtico en <b>C\u00f3rdoba<\/b> en medio de fuertes cr\u00edticas por su negativa a respaldar los fondos para las&nbsp;&#8230; <\/p>\n","protected":false},"excerpt":{"rendered":"<p>El diputado radical particip\u00f3 de un acto pol\u00edtico en C\u00f3rdoba en medio de fuertes cr\u00edticas por su negativa a respaldar los fondos para las&nbsp;&#8230;<\/p>\n","protected":false},"author":1,"featured_media":0,"comment_status":"closed","ping_status":"closed","sticky":false,"template":"","format":"standard","meta":[],"categories":[40],"tags":[],"_links":{"self":[{"href":"http:\/\/cordobadirecto.com\/index.php\/wp-json\/wp\/v2\/posts\/169905"}],"collection":[{"href":"http:\/\/cordobadirecto.com\/index.php\/wp-json\/wp\/v2\/posts"}],"about":[{"href":"http:\/\/cordobadirecto.com\/index.php\/wp-json\/wp\/v2\/types\/post"}],"author":[{"embeddable":true,"href":"http:\/\/cordobadirecto.com\/index.php\/wp-json\/wp\/v2\/users\/1"}],"replies":[{"embeddable":true,"href":"http:\/\/cordobadirecto.com\/index.php\/wp-json\/wp\/v2\/comments?post=169905"}],"version-history":[{"count":0,"href":"http:\/\/cordobadirecto.com\/index.php\/wp-json\/wp\/v2\/posts\/169905\/revisions"}],"wp:attachment":[{"href":"http:\/\/cordobadirecto.com\/index.php\/wp-json\/wp\/v2\/media?parent=169905"}],"wp:term":[{"taxonomy":"category","embeddable":true,"href":"http:\/\/cordobadirecto.com\/index.php\/wp-json\/wp\/v2\/categories?post=169905"},{"taxonomy":"post_tag","embeddable":true,"href":"http:\/\/cordobadirecto.com\/index.php\/wp-json\/wp\/v2\/tags?post=169905"}],"curies":[{"name":"wp","href":"https:\/\/api.w.org\/{rel}","templated":true}]}}