{"id":169965,"date":"2025-07-06T17:36:35","date_gmt":"2025-07-06T17:36:35","guid":{"rendered":"https:\/\/www.ole.com.ar\/autos\/posteo-flavio-briatore-alpine-silverstone-pierre-gasly-franco-colapinto_0_SKL9PN1ha4.html"},"modified":"2025-07-06T17:36:35","modified_gmt":"2025-07-06T17:36:35","slug":"el-posteo-de-flavio-briatore-tras-el-paso-de-alpine-por-silverstone","status":"publish","type":"post","link":"http:\/\/cordobadirecto.com\/index.php\/2025\/07\/06\/el-posteo-de-flavio-briatore-tras-el-paso-de-alpine-por-silverstone\/","title":{"rendered":"El posteo de Flavio Briatore tras el paso de Alpine por Silverstone"},"content":{"rendered":"<p><span class=\"createDate\">06\/07\/2025 14:36hs.<\/span><time class=\"modificatedDate\" datetime=\"2025-07-06T16:18:45-03:00\"> Actualizado al 06\/07\/2025 16:18hs.<\/time><\/p>\n<div id=\"storyBody\">\n<div class=\"custom-text \" readability=\"33.424742268041\">\n<p>El GP de Gran Breta\u00f1a, en Silverstone, fue agridulce para Alpine. El lado negativo tuvo que ver con <strong><a href=\"https:\/\/www.ole.com.ar\/tema\/franco-colapinto.html\" title=\"Franco Colapinto\" alt=\"Franco Colapinto\" class=\"slug\">Franco Colapinto<\/a><\/strong>, quien largaba desde boxes y <a href=\"https:\/\/www.ole.com.ar\/autos\/abandono-colapinto-pudo-seguir_0_G7eNZPsOoW.html\" target=\"_self\" title=\"ni siquiera pudo hacerlo por una falla mec\u00e1nica\" alt=\"ni siquiera pudo hacerlo por una falla mec\u00e1nica\" rel=\"noopener\">ni siquiera pudo hacerlo por una falla mec\u00e1nica<\/a>, en tanto que el positivo fue provisto por <strong><a href=\"https:\/\/www.ole.com.ar\/tema\/pierre-gasly.html\" title=\"Pierre Gasly\" alt=\"Pierre Gasly\" class=\"slug\">Pierre Gasly<\/a><\/strong>, <a href=\"https:\/\/www.ole.com.ar\/autos\/buena-noticia-alpine-abandono-franco-colapinto-pierre-gasly-formula-1-silverstone_0_0nAoz6dGOQ.html\" target=\"_self\" title=\"con un 6\u00b0 puesto\" alt=\"con un 6\u00b0 puesto\" rel=\"noopener\">con un 6\u00b0 puesto<\/a> que le permiti\u00f3 sumar puntos importantes a la escuder\u00eda francesa. Tras la carrera, <strong><a href=\"https:\/\/www.ole.com.ar\/tema\/flavio-briatore.html\" title=\"Flavio Briatore\" alt=\"Flavio Briatore\" class=\"slug\">Flavio Briatore<\/a><\/strong>, asesor devenido en jefe de equipo -hasta que Steve Nielsen tome la posta-, hizo un posteo en sus redes sociales.<\/p>\n<\/div>\n<div class=\"custom-text \" readability=\"38\">\n<p>&#8220;Bravo&#8221;, se le escuchaba decir a la vez que abrazaba a Gasly, el responsable de que la estructura gala no se marchara a Enstone con las manos vac\u00edas. El video fue acompa\u00f1ado por un mensaje: <strong>&#8220;Gran conducci\u00f3n, Pierre. M\u00e1s puntos para el equipo mientras seguimos peleando. Continuemos con este impulso positivo&#8221;<\/strong>. <\/p>\n<\/div>\n<div class=\"custom-text \" readability=\"39\">\n<p>En el posteo, Il Padrino no hizo referencia a Colapinto, aunque s\u00ed habl\u00f3 de \u00e9l en el comunicado que lanz\u00f3 Alpine tras la carrera: <strong>&#8220;Lo de Franco fue una l\u00e1stima, su carrera termin\u00f3 antes de que pudiera empezar por un problema en la transmisi\u00f3n&#8221;<\/strong>. Al margen del jefe, el equipo le dedic\u00f3 unas palabras.<\/p>\n<\/div>\n<div class=\"custom-text \" readability=\"32.779552715655\">\n<p>&#8220;Una carrera que finaliz\u00f3 antes de que comenzara. <strong>Es una l\u00e1stima ver que la carrera de Franco Colapinto haya terminado de la manera en la que lo hizo<\/strong>. \u00a1Vamos por ellos en la siguiente!&#8221;, fue el posteo de la escuder\u00eda, <a href=\"https:\/\/www.ole.com.ar\/autos\/vuelve-correr-franco-colapinto-formula-1-f1-gp-gran-bretana_0_fjcbBHZ5c6.html\" target=\"_self\" title=\"que puso la mira en el pr\u00f3ximo Gran Premio\" alt=\"que puso la mira en el pr\u00f3ximo Gran Premio\" rel=\"noopener\">que puso la mira en el pr\u00f3ximo Gran Premio<\/a>. Por sus caracter\u00edsticas, promete ser chivo&#8230;<\/p>\n<\/div>\n<div class=\"sc-734b4696-1 kFfZtB\" readability=\"6.5\">\n<div class=\"sc-d00d9e74-0 hnHYbk vertical\" type=\"embed\">\n<div class=\"sc-d00d9e74-1 iKVbz videoText\" id=\"contentTitleembedSDK4ghEU\" type=\"embed\"><svg fill=\"#ffffff\"><symbol id=\"play\" viewBox=\"0 0 512 512\"><path d=\"M512 256C512 397.4 397.4 512 256 512C114.6 512 0 397.4 0 256C0 114.6 114.6 0 256 0C397.4 0 512 114.6 512 256zM176 168V344C176 352.7 180.7 360.7 188.3 364.9C195.8 369.2 205.1 369 212.5 364.5L356.5 276.5C363.6 272.1 368 264.4 368 256C368 247.6 363.6 239.9 356.5 235.5L212.5 147.5C205.1 142.1 195.8 142.8 188.3 147.1C180.7 151.3 176 159.3 176 168V168z\" \/><\/symbol><use xlink:href=\"#play\" \/><\/svg><\/p>\n<div class=\"right\">\n<p>Franco Colapinto<!-- --> &#8211; <span>&nbsp;<\/span><\/p>\n<h2 class=\"title-vid\">La publicaci\u00f3n oficial de Alpine sobre Franco: &#8220;Una carrera que termin\u00f3 antes de empezar. Vamos con todo en la pr\u00f3xima&#8221;<\/h2>\n<\/div>\n<\/div>\n<p><span class=\"back\" id=\"spanBackembedSDK4ghEU\"><\/span><\/div>\n<div class=\"JWvideoNota_title\" readability=\"8\">\n<p>La cuenta @alpinef1team comparti\u00f3 este video y comentario tras la carrera del piloto argentino que ni siquiera pudo comenzar por un problema con el auto.<\/p>\n<\/div>\n<\/div>\n<p><h2>Cu\u00e1ndo y d\u00f3nde es la pr\u00f3xima carrera de Franco Colapinto<\/h2>\n<\/p>\n<div class=\"custom-text \" readability=\"36\">\n<p>Franco buscar\u00e1 revancha en el <strong>Gran Premio de B\u00e9lgica<\/strong>, que contar\u00e1 con el tercer Sprint de la campa\u00f1a. El trazado es Spa Francorchamps, con muchas rectas largu\u00edsimas que no le favorecer\u00e1n al A525.<\/p>\n<\/div>\n<div class=\"custom-text \" readability=\"42\">\n<p><strong>La actividad se iniciar\u00e1 el viernes 25 de julio<\/strong> con la primera y \u00fanica pr\u00e1ctica libre a partir de las 7.30 y m\u00e1s tarde, a las 11.30, se realizar\u00e1 el sprint shootout (la clasificaci\u00f3n para la Sprint). El s\u00e1bado 26, desde las 7.00, se llevar\u00e1 la carrera corta, mientras que desde las 11 ser\u00e1 la qualy. Por \u00faltimo, e<strong>l domingo 27 de julio cerrar\u00e1 la acci\u00f3n con la carrera principal<\/strong>, que se largar\u00e1 a las 10. Todo se podr\u00e1 ver en vivo a trav\u00e9s de <strong>Disney+ Premium<\/strong> y en <strong>Fox Sports<\/strong>.<\/p>\n<\/div>\n<div class=\"sc-e7b891c4-0 ifHnQL image-embed\"><img alt=\"Colapinto buscar\u00e1 revancha en Spa. (REUTERS\/Jaimi Joy)\" loading=\"lazy\" width=\"720\" height=\"100\" decoding=\"async\" data-nimg=\"1\" src=\"http:\/\/cordobadirecto.com\/wp-content\/uploads\/2025\/07\/el-posteo-de-flavio-briatore-tras-el-paso-de-alpine-por-silverstone.jpg\"><span class=\"epigraphe\">Colapinto buscar\u00e1 revancha en Spa. (REUTERS\/Jaimi Joy)<\/span><\/div>\n<div class=\"sc-a7166897-0 eoLsBE\" readability=\"7\">\n<section readability=\"4\"><picture><img alt=\"Sobre llovido, Franco Colapinto no pudo largar y termin\u00f3 sin correr el GP de Silvertone\" loading=\"lazy\" width=\"290\" height=\"290\" decoding=\"async\" data-nimg=\"1\" src=\"http:\/\/cordobadirecto.com\/wp-content\/uploads\/2025\/07\/el-posteo-de-flavio-briatore-tras-el-paso-de-alpine-por-silverstone-1.jpg\"><\/picture>\n<p><span>Mir\u00e1 tambi\u00e9n<\/span><\/p>\n<hr>\n<h3>Sobre llovido, Franco Colapinto no pudo largar y termin\u00f3 sin correr el GP de Silvertone<\/h3>\n<\/p>\n<\/section>\n<\/div>\n<div class=\"sc-a7166897-0 eoLsBE\" readability=\"6.5\">\n<section readability=\"3\"><picture><img alt=\"Franco Colapinto habl\u00f3 tras no haber podido largar en el GP de Gran Breta\u00f1a: &quot;Me da mucha bronca&quot;\" loading=\"lazy\" width=\"290\" height=\"290\" decoding=\"async\" data-nimg=\"1\" src=\"http:\/\/cordobadirecto.com\/wp-content\/uploads\/2025\/07\/el-posteo-de-flavio-briatore-tras-el-paso-de-alpine-por-silverstone-2.jpg\"><\/picture>\n<p><span>Mir\u00e1 tambi\u00e9n<\/span><\/p>\n<hr>\n<h3>Franco Colapinto habl\u00f3 tras no haber podido largar en el GP de Gran Breta\u00f1a: &#8220;Me da mucha bronca&#8221;<\/h3>\n<\/p>\n<\/section>\n<\/div>\n<div class=\"sc-a7166897-0 eoLsBE\" readability=\"7\">\n<section readability=\"4\"><picture><img alt=\"Qu\u00e9 dijo Pierre Gasly, compa\u00f1ero de Colapinto, al volver a los puntos\" loading=\"lazy\" width=\"290\" height=\"290\" decoding=\"async\" data-nimg=\"1\" src=\"http:\/\/cordobadirecto.com\/wp-content\/uploads\/2025\/07\/el-posteo-de-flavio-briatore-tras-el-paso-de-alpine-por-silverstone-3.jpg\"><\/picture>\n<p><span>Mir\u00e1 tambi\u00e9n<\/span><\/p>\n<hr>\n<h3>Qu\u00e9 dijo Pierre Gasly, compa\u00f1ero de Colapinto, al volver a los puntos<\/h3>\n<\/p>\n<\/section>\n<\/div>\n<div class=\"sc-a7166897-0 eoLsBE\" readability=\"6\">\n<section readability=\"2\"><picture><img alt=\"La buena noticia que recibi\u00f3 Alpine a pesar del abandono de Colapinto\" loading=\"lazy\" width=\"290\" height=\"290\" decoding=\"async\" data-nimg=\"1\" src=\"http:\/\/cordobadirecto.com\/wp-content\/uploads\/2025\/07\/el-posteo-de-flavio-briatore-tras-el-paso-de-alpine-por-silverstone-4.jpg\"><\/picture>\n<p><span>Mir\u00e1 tambi\u00e9n<\/span><\/p>\n<hr>\n<h3>La buena noticia que recibi\u00f3 Alpine a pesar del abandono de Colapinto<\/h3>\n<\/p>\n<\/section>\n<\/div>\n<div class=\"sc-a7166897-0 eoLsBE\" readability=\"6\">\n<section readability=\"2\"><picture><img alt=\"Cu\u00e1ndo vuelve a correr Franco Colapinto en la F1 tras el GP de Gran Breta\u00f1a\" loading=\"lazy\" width=\"290\" height=\"290\" decoding=\"async\" data-nimg=\"1\" src=\"http:\/\/cordobadirecto.com\/wp-content\/uploads\/2025\/07\/el-posteo-de-flavio-briatore-tras-el-paso-de-alpine-por-silverstone-5.jpg\"><\/picture>\n<p><span>Mir\u00e1 tambi\u00e9n<\/span><\/p>\n<hr>\n<h3>Cu\u00e1ndo vuelve a correr Franco Colapinto en la F1 tras el GP de Gran Breta\u00f1a<\/h3>\n<\/p>\n<\/section>\n<\/div>\n<div class=\"sc-a7166897-0 eoLsBE\" readability=\"6\">\n<section readability=\"2\"><picture><img alt=\"Los memes m\u00e1s \u00e1cidos tras el abandono de Franco Colapinto en Silverstone\" loading=\"lazy\" width=\"290\" height=\"290\" decoding=\"async\" data-nimg=\"1\" src=\"http:\/\/cordobadirecto.com\/wp-content\/uploads\/2025\/07\/el-posteo-de-flavio-briatore-tras-el-paso-de-alpine-por-silverstone-6.jpg\"><\/picture>\n<p><span>Mir\u00e1 tambi\u00e9n<\/span><\/p>\n<hr>\n<h3>Los memes m\u00e1s \u00e1cidos tras el abandono de Franco Colapinto en Silverstone<\/h3>\n<\/p>\n<\/section>\n<\/div>\n<\/div>\n","protected":false},"excerpt":{"rendered":"<p>06\/07\/2025 14:36hs. Actualizado al 06\/07\/2025 16:18hs. El GP de Gran Breta\u00f1a, en Silverstone, fue agridulce para Alpine. El lado negativo tuvo que ver con Franco Colapinto, quien largaba desde boxes y ni siquiera pudo hacerlo por una falla mec\u00e1nica, en tanto que el positivo fue provisto por Pierre Gasly, con un 6\u00b0 puesto que le [&hellip;]<\/p>\n","protected":false},"author":1,"featured_media":169966,"comment_status":"closed","ping_status":"closed","sticky":false,"template":"","format":"standard","meta":[],"categories":[21],"tags":[],"_links":{"self":[{"href":"http:\/\/cordobadirecto.com\/index.php\/wp-json\/wp\/v2\/posts\/169965"}],"collection":[{"href":"http:\/\/cordobadirecto.com\/index.php\/wp-json\/wp\/v2\/posts"}],"about":[{"href":"http:\/\/cordobadirecto.com\/index.php\/wp-json\/wp\/v2\/types\/post"}],"author":[{"embeddable":true,"href":"http:\/\/cordobadirecto.com\/index.php\/wp-json\/wp\/v2\/users\/1"}],"replies":[{"embeddable":true,"href":"http:\/\/cordobadirecto.com\/index.php\/wp-json\/wp\/v2\/comments?post=169965"}],"version-history":[{"count":0,"href":"http:\/\/cordobadirecto.com\/index.php\/wp-json\/wp\/v2\/posts\/169965\/revisions"}],"wp:featuredmedia":[{"embeddable":true,"href":"http:\/\/cordobadirecto.com\/index.php\/wp-json\/wp\/v2\/media\/169966"}],"wp:attachment":[{"href":"http:\/\/cordobadirecto.com\/index.php\/wp-json\/wp\/v2\/media?parent=169965"}],"wp:term":[{"taxonomy":"category","embeddable":true,"href":"http:\/\/cordobadirecto.com\/index.php\/wp-json\/wp\/v2\/categories?post=169965"},{"taxonomy":"post_tag","embeddable":true,"href":"http:\/\/cordobadirecto.com\/index.php\/wp-json\/wp\/v2\/tags?post=169965"}],"curies":[{"name":"wp","href":"https:\/\/api.w.org\/{rel}","templated":true}]}}